{"id":72865,"date":"2020-01-12T17:50:03","date_gmt":"2020-01-12T22:50:03","guid":{"rendered":"https:\/\/linitiative.ca\/International\/crash-en-iran-emotion-et-colere-lors-dune-ceremonie-a-toronto\/"},"modified":"2020-01-12T17:50:03","modified_gmt":"2020-01-12T22:50:03","slug":"crash-en-iran-emotion-et-colere-lors-dune-ceremonie-a-toronto","status":"publish","type":"post","link":"https:\/\/linitiative.ca\/International\/crash-en-iran-emotion-et-colere-lors-dune-ceremonie-a-toronto\/","title":{"rendered":"Crash en Iran: \u00e9motion et col\u00e8re lors d\u2019une c\u00e9r\u00e9monie \u00e0 Toronto"},"content":{"rendered":"<div readability=\"32\">\n<p>Publi\u00e9 le 12.01.2020 \u00e0 23h50 par AFP<\/p>\n<\/div>\n<div readability=\"102\">\n<p>Pr\u00e8s de 2.000 personnes ont rendu hommage dimanche \u00e0 Toronto aux 57 victimes canadiennes de l\u2019accident d\u2019un Boeing ukrainien en Iran, issues pour la plupart de la communaut\u00e9 iranienne.<\/p>\n<p>\u00ab\u00a0Rien ne remplacera jamais ces vies brillantes qui ont \u00e9t\u00e9 \u00e9court\u00e9es\u00a0\u00bb, a lanc\u00e9, des sanglots dans la voix, la vice-Premi\u00e8re ministre Chrystia Freeland. \u00ab\u00a0Nous porterons toujours ces cicatrices\u00a0\u00bb.<\/p>\n<p>Six \u00e9tudiants de l\u2019universit\u00e9 ont \u00e9t\u00e9 tu\u00e9s dans le crash du Boeing de la compagnie ukrainienne Ukraine Airlines International, qui a fait 176 victimes dont 57 Canadiens. L\u2019Iran a pr\u00e9sent\u00e9 ses excuses et reconnu avoir abattu l\u2019avion \u00ab\u00a0par erreur\u00a0\u00bb.<\/p>\n<p>A la c\u00e9r\u00e9monie \u00e0 l\u2019universit\u00e9 de Toronto, plusieurs proches des victimes ont exprim\u00e9 leur tristesse et leur col\u00e8re.<\/p>\n<p>\u00ab\u00a0C\u2019est une histoire qui interpelle les gens, les immigrants qui ont des espoirs et des r\u00eaves. Ils ont travaill\u00e9 tr\u00e8s dur, c\u2019\u00e9tait des gens qui ont r\u00e9ussi et ils arrivent ici pour \u00eatre abattus en plein vol\u00a0\u00bb, accuse Ali Esnaashani, 30 ans, interrog\u00e9 par l\u2019AFP.<\/p>\n<p>\u00ab\u00a0Je suis en col\u00e8re\u00a0\u00bb et \u00ab\u00a0triste\u00a0\u00bb, explique-t-il. \u00ab\u00a0Mais je me sens aussi inspir\u00e9 de voir la communaut\u00e9 se rassembler comme cela.\u00a0\u00bb<\/p>\n<p>Sur l\u2019estrade, Mehrdad Ariannejad, \u00e0 la t\u00eate de l\u2019organisation pour le dialogue culturel irano-canadien Tirgan, se met \u00e0 pleurer au d\u00e9but de son discours. \u00ab\u00a0Le choc a fait place au chagrin et \u00e0 la col\u00e8re\u00a0\u00bb, explique-t-il.<\/p>\n<p>\u00ab\u00a0Nous devons exiger justice des autorit\u00e9s de la R\u00e9publique islamique, des r\u00e9ponses et des compensations pour la n\u00e9gligence et le manque de respect pour la vie humaine qui ont conduit \u00e0 cette trag\u00e9die.\u00a0\u00bb<\/p>\n<p>Le Canada h\u00e9berge l\u2019une des plus importantes diasporas iraniennes d\u2019Am\u00e9rique du Nord, avec 210.000 Canadiens d\u2019origine iranienne recens\u00e9s en 2016, selon les chiffres officiels. La moiti\u00e9 d\u2019entre eux sont install\u00e9s \u00e0 Toronto, o\u00f9 vit l\u2019une des plus importantes communaut\u00e9s iraniennes d\u2019Am\u00e9rique du Nord apr\u00e8s Los Angeles.<\/p>\n<p>Hola, 50 ans, qui connaissait une victime, \u00e9voque aussi une \u00ab\u00a0trag\u00e9die\u00a0\u00bb pour expliquer les sanglots qu\u2019elle ne peut r\u00e9primer. \u00ab\u00a0Je suis heureuse que le gouvernement canadien ait promis de donner suite et de rendre justice \u00e0 ces gens.\u00a0\u00bb<\/p>\n<p>La veille, \u00ab\u00a0scandalis\u00e9\u00a0\u00bb et \u00ab\u00a0furieux\u00a0\u00bb, le Premier ministre Justin Trudeau a indiqu\u00e9 qu\u2019Ottawa comptait demander \u00e0 T\u00e9h\u00e9ran des compensations financi\u00e8res pour les familles des victimes canadiennes.<\/p>\n<p>D\u2019autres c\u00e9r\u00e9monies \u00e9taient pr\u00e9vues dans le pays, notamment \u00e0 Edmonton (Alberta) o\u00f9 Justin Trudeau devait s\u2019exprimer en fin d\u2019apr\u00e8s-midi devant des milliers de personnes. La ville d\u2019Edmonton a perdu 13 personnes dans l\u2019accident du Boeing.<\/p>\n<\/div>\n<p>Auteur: AFP<br \/>\n<a href=\"https:\/\/www.journalducameroun.com\/crash-en-iran-emotion-et-colere-lors-dune-ceremonie-a-toronto\/\">Cliquez ici pour lire l&rsquo;article depuis sa source.<\/a><\/p>\n","protected":false},"excerpt":{"rendered":"<p>Publi\u00e9 le 12.01.2020 \u00e0 23h50 par AFP Pr\u00e8s de 2.000 personnes ont rendu hommage dimanche \u00e0 Toronto aux 57 victimes canadiennes de l\u2019accident d\u2019un Boeing ukrainien en Iran, issues pour la plupart de la communaut\u00e9 iranienne. \u00ab\u00a0Rien ne remplacera jamais ces vies brillantes qui ont \u00e9t\u00e9 \u00e9court\u00e9es\u00a0\u00bb, a lanc\u00e9, des sanglots dans la voix, la [&hellip;]<\/p>\n","protected":false},"author":1965,"featured_media":0,"comment_status":"closed","ping_status":"closed","sticky":false,"template":"","format":"standard","meta":{"fifu_image_url":"","fifu_image_alt":"","footnotes":""},"categories":[73,82],"tags":[],"class_list":["post-72865","post","type-post","status-publish","format-standard","hentry","category-actualite","category-cameroun"],"_links":{"self":[{"href":"https:\/\/linitiative.ca\/International\/wp-json\/wp\/v2\/posts\/72865","targetHints":{"allow":["GET"]}}],"collection":[{"href":"https:\/\/linitiative.ca\/International\/wp-json\/wp\/v2\/posts"}],"about":[{"href":"https:\/\/linitiative.ca\/International\/wp-json\/wp\/v2\/types\/post"}],"author":[{"embeddable":true,"href":"https:\/\/linitiative.ca\/International\/wp-json\/wp\/v2\/users\/1965"}],"replies":[{"embeddable":true,"href":"https:\/\/linitiative.ca\/International\/wp-json\/wp\/v2\/comments?post=72865"}],"version-history":[{"count":0,"href":"https:\/\/linitiative.ca\/International\/wp-json\/wp\/v2\/posts\/72865\/revisions"}],"wp:attachment":[{"href":"https:\/\/linitiative.ca\/International\/wp-json\/wp\/v2\/media?parent=72865"}],"wp:term":[{"taxonomy":"category","embeddable":true,"href":"https:\/\/linitiative.ca\/International\/wp-json\/wp\/v2\/categories?post=72865"},{"taxonomy":"post_tag","embeddable":true,"href":"https:\/\/linitiative.ca\/International\/wp-json\/wp\/v2\/tags?post=72865"}],"curies":[{"name":"wp","href":"https:\/\/api.w.org\/{rel}","templated":true}]}}