{"id":72866,"date":"2020-01-13T08:11:49","date_gmt":"2020-01-13T13:11:49","guid":{"rendered":"https:\/\/linitiative.ca\/International\/le-nord-investit-dans-le-tourisme-rural\/"},"modified":"2020-01-13T08:11:49","modified_gmt":"2020-01-13T13:11:49","slug":"le-nord-investit-dans-le-tourisme-rural","status":"publish","type":"post","link":"https:\/\/linitiative.ca\/International\/le-nord-investit-dans-le-tourisme-rural\/","title":{"rendered":"Le Nord investit dans le tourisme rural"},"content":{"rendered":"<p><img decoding=\"async\" class=\"post_layout_5_img\" src=\"http:\/\/aujourdhui.ma\/wp-content\/uploads\/2020\/01\/tourisme-rural-Ouezzane-Al-Hoceima-Chefchaouen.jpg?x29840\" alt=\"Le Nord investit dans le tourisme rural\"\/><\/p>\n<p class=\"p1\"><span class=\"c4\"><strong><span class=\"s1\"><em>Cinq g\u00eetes ruraux ont ouvert leurs portes dans les provinces de Chefchaouen,\u00a0<\/em><\/span><span class=\"s1\"><em>Al Hoceima et Ouezzane<\/em><\/span><\/strong><\/span><span id=\"more-329499\"\/><\/p>\n<div class=\"base-box mom_box_sc_custom mom_box_sc clear c5\" readability=\"9\">\n<p class=\"p1\">L\u2019entr\u00e9e en service de ces cinq g\u00eetes a \u00e9t\u00e9 accompagn\u00e9e par la mise en place d\u2019une plate-forme \u00e9lectronique visant \u00e0 mettre \u00e0 niveau les grandes potentialit\u00e9s dont se distingue la r\u00e9gion du Nord en mati\u00e8re de tourisme rural.<\/p>\n<\/div>\n<p class=\"p2\"><span class=\"s1\">Consciente de l\u2019importance socio-\u00e9conomique du tourisme rural, la r\u00e9gion du Nord s\u2019engage en faveur du d\u00e9veloppement et de la promotion de ce secteur dans ses diff\u00e9rentes zones connues par leurs sites naturels ainsi que leurs produits du terroir et d\u2019artisanat. A cet effet, elle vient de conna\u00eetre l\u2019entr\u00e9e en service de cinq g\u00eetes ruraux sp\u00e9cialis\u00e9s dans le tourisme \u00e9cologique permettant ainsi le renforcement de l\u2019infrastructure d\u2019accueil dans le milieu rural sur le territoire r\u00e9gional.<\/span><\/p>\n<p class=\"p2\"><span class=\"s1\">Tr\u00e8s attendu, ce projet est le fruit d\u2019un partenariat liant le conseil de la r\u00e9gion de Tanger-T\u00e9touan-Al Hoceima (CR-TTA) \u00e0 l\u2019Agence catalane de coop\u00e9ration au d\u00e9veloppement (ACCD). Il profitera aux zones les plus connues par leur attrait et leurs potentialit\u00e9s tr\u00e8s importants en mati\u00e8re de tourisme rural. Il s\u2019agit plus pr\u00e9cis\u00e9ment des trois provinces de Chefchaouen (Tanaqoub), d\u2019Al Hoceima (Isaken) et d\u2019Ouezzane (Ain Beida et Brikcha), qui sont pr\u00e9destin\u00e9es toutes les trois \u00e0 un bel avenir touristique. Ce projet sera, aux yeux des professionnels et des responsables de cette initiative, d\u2019un grand apport socio-\u00e9conomique pour les communes rurales b\u00e9n\u00e9ficiaires et dont les atouts touristiques restent encore quasiment inexploit\u00e9s. L\u2019entr\u00e9e en service de ces cinq g\u00eetes a \u00e9t\u00e9 accompagn\u00e9e par la mise en place d\u2019une plate-forme \u00e9lectronique visant \u00e0 mettre \u00e0 niveau les grandes potentialit\u00e9s dont se distingue la r\u00e9gion du Nord en mati\u00e8re de tourisme rural.<\/span><\/p>\n<p class=\"p2\"><span class=\"s1\">En plus de leur ameublement et leurs plats traditionnels propres \u00e0 des campagnes et des zones montagneuses, ces cinq \u00e9tablissements d\u2019h\u00e9bergement touristique ruraux se distinguent par leur bel emplacement entre des cha\u00eenes de montagne, leurs ressources hydriques ainsi que leurs paysages naturels pleins de verdure, mais aussi par l\u2019hospitalit\u00e9 et la chaleur des leurs \u00e9quipes en service direct avec la client\u00e8le. Ces \u00e9quipes sont compos\u00e9es g\u00e9n\u00e9ralement d\u2019anciens guides touristiques et de membres des coop\u00e9ratives locales ayant r\u00e9pondu aux crit\u00e8res exig\u00e9s dans ce genre d\u2019activit\u00e9s. Elles ont re\u00e7u une formation leur permettant de rendre un service de qualit\u00e9 et sp\u00e9cifique \u00e0 la r\u00e9gion.<\/span><\/p>\n<p class=\"p2\"><span class=\"s1\">Il est \u00e0 rappeler que le CR-TTA participe financi\u00e8rement aux autres projets \u00e0 vocation touristique, et ce au profit des provinces et des pr\u00e9fectures de la r\u00e9gion du Nord. Parmi lesquels figure celui d\u2019une convention la liant \u00e0 plusieurs d\u00e9partements institutionnels et des conseils \u00e9lus et visant \u00e0 promouvoir et valoriser les potentialit\u00e9s touristiques de la ville d\u2019Ouezzane et de son arri\u00e8re-pays. Sur une enveloppe budg\u00e9taire totale de l\u2019ordre de 42 millions de dirhams, le conseil r\u00e9gional s\u2019engage \u00e0 y attribuer avec un montant de 7 millions de dirhams.<\/span><\/p>\n<p>Auteur: Najat Fa\u00efssal<br \/>\n<a href=\"http:\/\/aujourdhui.ma\/economie\/le-nord-investit-dans-le-tourisme-rural\">Cliquez ici pour lire l&rsquo;article depuis sa source.<\/a><\/p>\n","protected":false},"excerpt":{"rendered":"<p>Cinq g\u00eetes ruraux ont ouvert leurs portes dans les provinces de Chefchaouen,\u00a0Al Hoceima et Ouezzane L\u2019entr\u00e9e en service de ces cinq g\u00eetes a \u00e9t\u00e9 accompagn\u00e9e par la mise en place d\u2019une plate-forme \u00e9lectronique visant \u00e0 mettre \u00e0 niveau les grandes potentialit\u00e9s dont se distingue la r\u00e9gion du Nord en mati\u00e8re de tourisme rural. Consciente de [&hellip;]<\/p>\n","protected":false},"author":1759,"featured_media":0,"comment_status":"closed","ping_status":"closed","sticky":false,"template":"","format":"standard","meta":{"fifu_image_url":"","fifu_image_alt":"","footnotes":""},"categories":[73,54],"tags":[],"class_list":["post-72866","post","type-post","status-publish","format-standard","hentry","category-actualite","category-maroc"],"_links":{"self":[{"href":"https:\/\/linitiative.ca\/International\/wp-json\/wp\/v2\/posts\/72866","targetHints":{"allow":["GET"]}}],"collection":[{"href":"https:\/\/linitiative.ca\/International\/wp-json\/wp\/v2\/posts"}],"about":[{"href":"https:\/\/linitiative.ca\/International\/wp-json\/wp\/v2\/types\/post"}],"author":[{"embeddable":true,"href":"https:\/\/linitiative.ca\/International\/wp-json\/wp\/v2\/users\/1759"}],"replies":[{"embeddable":true,"href":"https:\/\/linitiative.ca\/International\/wp-json\/wp\/v2\/comments?post=72866"}],"version-history":[{"count":0,"href":"https:\/\/linitiative.ca\/International\/wp-json\/wp\/v2\/posts\/72866\/revisions"}],"wp:attachment":[{"href":"https:\/\/linitiative.ca\/International\/wp-json\/wp\/v2\/media?parent=72866"}],"wp:term":[{"taxonomy":"category","embeddable":true,"href":"https:\/\/linitiative.ca\/International\/wp-json\/wp\/v2\/categories?post=72866"},{"taxonomy":"post_tag","embeddable":true,"href":"https:\/\/linitiative.ca\/International\/wp-json\/wp\/v2\/tags?post=72866"}],"curies":[{"name":"wp","href":"https:\/\/api.w.org\/{rel}","templated":true}]}}