{"id":72867,"date":"2020-01-13T08:30:42","date_gmt":"2020-01-13T13:30:42","guid":{"rendered":"https:\/\/linitiative.ca\/International\/amabay-ceramic-city-ouvre-ses-portes-a-casablanca\/"},"modified":"2020-01-13T08:30:42","modified_gmt":"2020-01-13T13:30:42","slug":"amabay-ceramic-city-ouvre-ses-portes-a-casablanca","status":"publish","type":"post","link":"https:\/\/linitiative.ca\/International\/amabay-ceramic-city-ouvre-ses-portes-a-casablanca\/","title":{"rendered":"\u00abAmabay Ceramic City\u00bb ouvre ses portes \u00e0 Casablanca"},"content":{"rendered":"<p><img decoding=\"async\" class=\"post_layout_5_img\" src=\"http:\/\/aujourdhui.ma\/wp-content\/uploads\/2020\/01\/Amabay-Ceramic-City-1.jpg?x29840\" alt=\"\u00abAmabay Ceramic City\u00bb ouvre ses portes \u00e0 Casablanca\"\/><\/p>\n<p class=\"p1\"><span class=\"c5\"><strong><span class=\"c4\"><em>La m\u00e9tropole \u00e0 l\u2019heure d\u2019un Salon international permanent d\u00e9di\u00e9 \u00e0 la c\u00e9ramique<\/em><\/span><\/strong><\/span><span id=\"more-329517\"\/><\/p>\n<div class=\"base-box mom_box_sc_custom mom_box_sc clear c6\" readability=\"13\">\n<p><em>Ce salon, qui s\u2019\u00e9tend sur une superficie totale de 10.000 m\u00b2, regroupe plus de 30 marques nationales et internationales de r\u00e9f\u00e9rence dans le domaine du carrelage, du sanitaire, de la robinetterie et des \u00e9quipements de cuisine.<\/em><\/p>\n<\/div>\n<p class=\"p1\"><span class=\"s1\">\u00abAmabay Ceramic City\u00bb, Salon international permanent d\u00e9di\u00e9 \u00e0 la c\u00e9ramique, a \u00e9t\u00e9 inaugur\u00e9, vendredi soir \u00e0 Casablanca, \u00e0 l\u2019initiative du Groupe Strapex Maroc, acteur de r\u00e9f\u00e9rence dans le domaine du carrelage et du sanitaire.<\/span><\/p>\n<p class=\"p1\"><span class=\"s1\">Ce salon, qui s\u2019\u00e9tend sur une superficie totale de 10.000 m\u00b2, regroupe plus de 30 marques nationales et internationales de r\u00e9f\u00e9rence dans le domaine du carrelage, du sanitaire, de la robinetterie et des \u00e9quipements de cuisine.<\/span><\/p>\n<p class=\"p1\"><span class=\"s1\">Du zellije beldi (10\u00d710) marocain enti\u00e8rement fabriqu\u00e9 \u00e0 la main jusqu\u2019aux carreaux de toutes tailles, dont certains figurent parmi les plus gigantesques au monde (320\u00d7160), ce nouveau salon permanent, qui est un v\u00e9ritable flagship de la marque internationale Amabay, abrite plusieurs milliers de r\u00e9f\u00e9rences qui sont toutes destin\u00e9es \u00e0 r\u00e9pondre aux exigences du b\u00e2timent national, et ce aussi bien en termes de prix que de qualit\u00e9 et d\u2019innovation.<\/span><\/p>\n<p class=\"p1\"><span class=\"s1\"><em>\u00ab\u00c0 travers Amabay Ceramic City, Strapex Maroc ambitionne de devenir un hub national du carrelage et du sanitaire pour l\u2019ensemble du continent africain, tout en continuant \u00e0 d\u00e9velopper sa franchise Amabay au Maroc et dans les autres pays d\u2019Afrique\u00bb,<\/em> a d\u00e9clar\u00e9, \u00e0 cette occasion, Youssef Belkaid, PDG de Strapex Maroc.<\/span><\/p>\n<p><a href=\"http:\/\/aujourdhui.ma\/wp-content\/uploads\/2020\/01\/Amabay-Ceramic-City.jpg?x29840\"><img loading=\"lazy\" decoding=\"async\" class=\"size-full wp-image-329522 aligncenter\" src=\"http:\/\/aujourdhui.ma\/wp-content\/uploads\/2020\/01\/Amabay-Ceramic-City.jpg?x29840\" alt=\"\" width=\"746\" height=\"380\" srcset=\"http:\/\/aujourdhui.ma\/wp-content\/uploads\/2020\/01\/Amabay-Ceramic-City.jpg 746w, http:\/\/aujourdhui.ma\/wp-content\/uploads\/2020\/01\/Amabay-Ceramic-City-300x153.jpg 300w\" sizes=\"auto, (max-width: 746px) 100vw, 746px\"\/><\/a><\/p>\n<p class=\"p1\"><span class=\"s1\">Par ailleurs, la soir\u00e9e d\u2019inauguration a \u00e9t\u00e9 marqu\u00e9e par la signature de deux conventions. La premi\u00e8re a \u00e9t\u00e9 paraph\u00e9e entre Strapex Maroc, Jacob Delafon et la Fondation du Sud pour pr\u00e9voir une subvention destin\u00e9e \u00e0 la distribution d\u2019unit\u00e9s d\u2019extraction et de conditionnement d\u2019huile d\u2019argane. Cette subvention b\u00e9n\u00e9ficiera aux coop\u00e9ratives femmes issues du monde rural de la r\u00e9gion du Souss-Massa,<\/span><\/p>\n<p class=\"p1\"><span class=\"s1\">La seconde convention a \u00e9t\u00e9 conclue entre Strapex Maroc et l\u2019Ordre r\u00e9gional des architectes du sud dans l\u2019objectif d\u2019octroyer des bourses de stages au profit d\u2019\u00e9tudiants de l\u2019Ecole nationale de l\u2019architecture d\u2019Agadir. Cette c\u00e9r\u00e9monie s\u2019est d\u00e9roul\u00e9e en pr\u00e9sence notamment du gouverneur de la province de Mediouna, Ali Salem Chagaf, et de l\u2019architecte Rudy Riciotti, Grand Prix national d\u2019architecture, m\u00e9daille d\u2019or de la Fondation de l\u2019Acad\u00e9mie d\u2019architecture, Chevalier de la l\u00e9gion d\u2019honneur et commandeur de l\u2019ordre des arts et des lettres, outre des chefs d\u2019entreprises nationales et internationales et des artistes marocains et \u00e9trangers.<\/span><\/p>\n<p class=\"p1\"><span class=\"s1\">La star espagnole Darko Perik, qui incarne le personnage de \u00abHelsinki\u00bb dans la c\u00e9l\u00e8bre s\u00e9rie t\u00e9l\u00e9vis\u00e9e \u00abCasa de Papel\u00bb, mais aussi Miss France 2020, Cl\u00e9mence Botino, ont r\u00e9pondu pr\u00e9sent pour la c\u00e9r\u00e9monie d\u2019inauguration de Amabay Ceramic City \u00e0 Casablanca.<\/span><\/p>\n<div class=\"base-box mom_box_sc_custom mom_box_sc clear c6\" readability=\"13\">\n<p><a href=\"http:\/\/aujourdhui.ma\/wp-content\/uploads\/2020\/01\/Darko-Perik-Helsinki-Casa-de-Papel-et-Cle%CC%81mence-Botino-Miss-France-2020.jpg?x29840\"><img loading=\"lazy\" decoding=\"async\" class=\"size-full wp-image-329523 aligncenter\" src=\"http:\/\/aujourdhui.ma\/wp-content\/uploads\/2020\/01\/Darko-Perik-Helsinki-Casa-de-Papel-et-Cle%CC%81mence-Botino-Miss-France-2020.jpg?x29840\" alt=\"\" width=\"746\" height=\"380\" srcset=\"http:\/\/aujourdhui.ma\/wp-content\/uploads\/2020\/01\/Darko-Perik-Helsinki-Casa-de-Papel-et-Cle\u0301mence-Botino-Miss-France-2020.jpg 746w, http:\/\/aujourdhui.ma\/wp-content\/uploads\/2020\/01\/Darko-Perik-Helsinki-Casa-de-Papel-et-Cle\u0301mence-Botino-Miss-France-2020-300x153.jpg 300w\" sizes=\"auto, (max-width: 746px) 100vw, 746px\"\/><\/a><\/p>\n<p class=\"p1\"><span class=\"c5\"><strong>La star espagnole Darko Perik, qui incarne le personnage de \u00abHelsinki\u00bb dans la c\u00e9l\u00e8bre s\u00e9rie t\u00e9l\u00e9vis\u00e9e \u00abCasa de Papel\u00bb, mais aussi Miss France 2020, Cl\u00e9mence Botino, ont r\u00e9pondu pr\u00e9sent pour la c\u00e9r\u00e9monie d\u2019inauguration de Amabay Ceramic City \u00e0 Casablanca.<\/strong><\/span><\/p>\n<\/div>\n<p class=\"p1\"><span class=\"s1\">Miss France et l\u2019acteur espagnol n\u2019ont pas manqu\u00e9 d\u2019exprimer leur profonde admiration pour le Maroc qu\u2019ils qualifient de pays extr\u00eamement fascinant, tout en louant la qualit\u00e9 de l\u2019industrie artisanale marocaine, en particulier de la c\u00e9ramique marocaine. Celle-ci est d\u2019ailleurs massivement expos\u00e9e au sein du salon permanent de la c\u00e9ramique \u00e0 Casablanca.<\/span><\/p>\n<p>Auteur: ALM<br \/>\n<a href=\"http:\/\/aujourdhui.ma\/economie\/amabay-ceramic-city-ouvre-ses-portes-a-casablanca\">Cliquez ici pour lire l&rsquo;article depuis sa source.<\/a><\/p>\n","protected":false},"excerpt":{"rendered":"<p>La m\u00e9tropole \u00e0 l\u2019heure d\u2019un Salon international permanent d\u00e9di\u00e9 \u00e0 la c\u00e9ramique Ce salon, qui s\u2019\u00e9tend sur une superficie totale de 10.000 m\u00b2, regroupe plus de 30 marques nationales et internationales de r\u00e9f\u00e9rence dans le domaine du carrelage, du sanitaire, de la robinetterie et des \u00e9quipements de cuisine. \u00abAmabay Ceramic City\u00bb, Salon international permanent d\u00e9di\u00e9 [&hellip;]<\/p>\n","protected":false},"author":1759,"featured_media":0,"comment_status":"closed","ping_status":"closed","sticky":false,"template":"","format":"standard","meta":{"fifu_image_url":"","fifu_image_alt":"","footnotes":""},"categories":[73,54],"tags":[],"class_list":["post-72867","post","type-post","status-publish","format-standard","hentry","category-actualite","category-maroc"],"_links":{"self":[{"href":"https:\/\/linitiative.ca\/International\/wp-json\/wp\/v2\/posts\/72867","targetHints":{"allow":["GET"]}}],"collection":[{"href":"https:\/\/linitiative.ca\/International\/wp-json\/wp\/v2\/posts"}],"about":[{"href":"https:\/\/linitiative.ca\/International\/wp-json\/wp\/v2\/types\/post"}],"author":[{"embeddable":true,"href":"https:\/\/linitiative.ca\/International\/wp-json\/wp\/v2\/users\/1759"}],"replies":[{"embeddable":true,"href":"https:\/\/linitiative.ca\/International\/wp-json\/wp\/v2\/comments?post=72867"}],"version-history":[{"count":0,"href":"https:\/\/linitiative.ca\/International\/wp-json\/wp\/v2\/posts\/72867\/revisions"}],"wp:attachment":[{"href":"https:\/\/linitiative.ca\/International\/wp-json\/wp\/v2\/media?parent=72867"}],"wp:term":[{"taxonomy":"category","embeddable":true,"href":"https:\/\/linitiative.ca\/International\/wp-json\/wp\/v2\/categories?post=72867"},{"taxonomy":"post_tag","embeddable":true,"href":"https:\/\/linitiative.ca\/International\/wp-json\/wp\/v2\/tags?post=72867"}],"curies":[{"name":"wp","href":"https:\/\/api.w.org\/{rel}","templated":true}]}}