{"id":72868,"date":"2020-01-13T08:58:54","date_gmt":"2020-01-13T13:58:54","guid":{"rendered":"https:\/\/linitiative.ca\/International\/ligue-des-champions-dafrique-deplacements-reussis-pour-le-wydad-et-le-raja\/"},"modified":"2020-01-13T08:58:54","modified_gmt":"2020-01-13T13:58:54","slug":"ligue-des-champions-dafrique-deplacements-reussis-pour-le-wydad-et-le-raja","status":"publish","type":"post","link":"https:\/\/linitiative.ca\/International\/ligue-des-champions-dafrique-deplacements-reussis-pour-le-wydad-et-le-raja\/","title":{"rendered":"Ligue des champions d\u2019Afrique : D\u00e9placements r\u00e9ussis pour le Wydad et le Raja"},"content":{"rendered":"<p><img decoding=\"async\" class=\"post_layout_5_img\" src=\"http:\/\/aujourdhui.ma\/wp-content\/uploads\/2020\/01\/Raja.jpg?x29840\" alt=\"Ligue des champions d\u2019Afrique : D\u00e9placements r\u00e9ussis pour le Wydad et le Raja\"\/><\/p>\n<p class=\"p1\"><span class=\"c4\"><strong><em>Le Raja Casablanca a forc\u00e9 son adversaire la JS Kabylie \u00e0 partager les points de la rencontre et ce vendredi au stade du 1er Novembre de Tizi-Ouzou.<\/em><\/strong><\/span><span id=\"more-329515\"\/><\/p>\n<p class=\"p1\"><span class=\"s1\">Le Wydad de Casablanca a r\u00e9ussi une bonne op\u00e9ration en ramenant un bon nul de son d\u00e9placement \u00e0 Luanda, o\u00f9 il a impos\u00e9 le partage des points \u00e0 l\u2019\u00e9quipe locale du Petro Atl\u00e9tico (2-2), en match comptant pour la 4e journ\u00e9e de la phase de poules de la Ligue des champions africaine de football (Groupe C).<\/span><\/p>\n<p class=\"p1\"><span class=\"s1\">Les Rouges \u00e9taient d\u2019ailleurs les premiers \u00e0 trouver le chemin des filets, par Kasengu (14\u2019), avant de conc\u00e9der deux buts, respectivement devant Herenilson (21\u2019) et Satonho (45\u2019+1).<br \/>Mais c\u2019\u00e9tait sans compter sur la t\u00e9nacit\u00e9 des hommes de Zoran qui \u00e0 force d\u2019insister ont r\u00e9ussi \u00e0 obtenir un penalty \u00e0 la 58\u2019 et qui fut transform\u00e9 avec succ\u00e8s par Jabrane.<\/span><\/p>\n<p class=\"p1\"><span class=\"s1\">Gr\u00e2ce \u00e0 ce r\u00e9sultat, le Wydad consolide sa deuxi\u00e8me place avec six points, \u00e0 quatre longueurs du Mamelodi Sundowns, solide leader avec 10 points, au moment o\u00f9 l\u2019USM Alger et le Petro Atl\u00e9tico sont ex aequo avec deux points chacun.<\/span><\/p>\n<p class=\"p1\"><span class=\"s1\">En effet, un peu plus t\u00f4t dans l\u2019apr\u00e8s-midi, les deux autres pensionnaires de ce Groupe \u00abC\u00bb, l\u2019USM Alger et Mamelodi Sundowns s\u2019\u00e9taient donn\u00e9 la r\u00e9plique \u00e0 Pretoria et l\u2019avantage a tourn\u00e9 en faveur de l\u2019\u00e9quipe locale, l\u2019ayant difficilement emport\u00e9 (2-1).<\/span><\/p>\n<p class=\"p1\"><span class=\"s1\">Apr\u00e8s l\u2019ouverture du score par Thapelo Morena \u00e0 la 36e, les Alg\u00e9rois avaient r\u00e9ussi \u00e0 niveler la marque \u00e0 la 44e, par leur avant-centre Aymen Mahious, mais leur joie a \u00e9t\u00e9 de courte dur\u00e9e, puisque Sundowns a r\u00e9ussi \u00e0 reprendre l\u2019avantage moins d\u2019une minute plus tard, gr\u00e2ce \u00e0 Sibusiso Vilakazi (45\u2019).<\/span><\/p>\n<p class=\"p1\"><span class=\"s1\">L\u2019USMA a eu un tr\u00e8s bon rendement en deuxi\u00e8me mi-temps et a vu ses efforts r\u00e9compens\u00e9s par un penalty \u00e0 la 86e, sauf que le capitaine Rabie Meftah avait \u00e9chou\u00e9 dans sa transformation.<\/span><\/p>\n<p class=\"p1\"><span class=\"s1\">Lors de la 5e journ\u00e9e, pr\u00e9vue les 24 et 25 janvier, l\u2019USMA effectuera un d\u00e9placement p\u00e9rilleux au Maroc pour y affronter le Wydad de Casablanca, alors que Mamelodi Sundowns se rendra \u00e0 Luanda pour y d\u00e9fier le Petro Atl\u00e9tico.<\/span><\/p>\n<p class=\"p1\"><span class=\"s1\">L\u2019autre repr\u00e9sentant marocain dans cette \u00e9preuve, \u00e0 savoir le Raja Casablanca, a lui aussi forc\u00e9 son adversaire la JS Kabylie \u00e0 partager les points de la rencontre et ce vendredi au stade du 1er Novembre de Tizi-Ouzou.<\/span><\/p>\n<p class=\"p1\"><span class=\"s1\">Cet important r\u00e9sultat permet aux Verts de se classer \u00e0 la deuxi\u00e8me position avec 7 points derri\u00e8re l\u2019Esp\u00e9rance sportive de Tunis qui est sortie vainqueur de son match l\u2019ayant oppos\u00e9 au club congolais AS Vita au stade des Martyrs.<\/span><\/p>\n<p class=\"p1\"><span class=\"s1\">Et c\u2019est contre ce solide leader du groupe D que le Raja va devoir cravacher et chercher la victoire qui officialisera sa qualification au prochain tour.<\/span><\/p>\n<p>Auteur: ALM<br \/>\n<a href=\"http:\/\/aujourdhui.ma\/sports\/ligue-des-champions-dafrique-deplacements-reussis-pour-le-wydad-et-le-raja\">Cliquez ici pour lire l&rsquo;article depuis sa source.<\/a><\/p>\n","protected":false},"excerpt":{"rendered":"<p>Le Raja Casablanca a forc\u00e9 son adversaire la JS Kabylie \u00e0 partager les points de la rencontre et ce vendredi au stade du 1er Novembre de Tizi-Ouzou. Le Wydad de Casablanca a r\u00e9ussi une bonne op\u00e9ration en ramenant un bon nul de son d\u00e9placement \u00e0 Luanda, o\u00f9 il a impos\u00e9 le partage des points \u00e0 [&hellip;]<\/p>\n","protected":false},"author":1759,"featured_media":0,"comment_status":"closed","ping_status":"closed","sticky":false,"template":"","format":"standard","meta":{"fifu_image_url":"","fifu_image_alt":"","footnotes":""},"categories":[73,54],"tags":[],"class_list":["post-72868","post","type-post","status-publish","format-standard","hentry","category-actualite","category-maroc"],"_links":{"self":[{"href":"https:\/\/linitiative.ca\/International\/wp-json\/wp\/v2\/posts\/72868","targetHints":{"allow":["GET"]}}],"collection":[{"href":"https:\/\/linitiative.ca\/International\/wp-json\/wp\/v2\/posts"}],"about":[{"href":"https:\/\/linitiative.ca\/International\/wp-json\/wp\/v2\/types\/post"}],"author":[{"embeddable":true,"href":"https:\/\/linitiative.ca\/International\/wp-json\/wp\/v2\/users\/1759"}],"replies":[{"embeddable":true,"href":"https:\/\/linitiative.ca\/International\/wp-json\/wp\/v2\/comments?post=72868"}],"version-history":[{"count":0,"href":"https:\/\/linitiative.ca\/International\/wp-json\/wp\/v2\/posts\/72868\/revisions"}],"wp:attachment":[{"href":"https:\/\/linitiative.ca\/International\/wp-json\/wp\/v2\/media?parent=72868"}],"wp:term":[{"taxonomy":"category","embeddable":true,"href":"https:\/\/linitiative.ca\/International\/wp-json\/wp\/v2\/categories?post=72868"},{"taxonomy":"post_tag","embeddable":true,"href":"https:\/\/linitiative.ca\/International\/wp-json\/wp\/v2\/tags?post=72868"}],"curies":[{"name":"wp","href":"https:\/\/api.w.org\/{rel}","templated":true}]}}