{"id":72870,"date":"2020-01-13T10:01:26","date_gmt":"2020-01-13T15:01:26","guid":{"rendered":"https:\/\/linitiative.ca\/International\/ouled-frej-un-trio-kidnappe-et-viole-une-mere-de-trois-enfants\/"},"modified":"2020-01-13T10:01:26","modified_gmt":"2020-01-13T15:01:26","slug":"ouled-frej-un-trio-kidnappe-et-viole-une-mere-de-trois-enfants","status":"publish","type":"post","link":"https:\/\/linitiative.ca\/International\/ouled-frej-un-trio-kidnappe-et-viole-une-mere-de-trois-enfants\/","title":{"rendered":"Ouled Frej :  Un trio kidnappe et viole  une m\u00e8re de trois enfants"},"content":{"rendered":"<header>\n<\/header>\n<div class=\"entry-content clearfix\" readability=\"55\"><img decoding=\"async\" class=\"post_layout_5_img\" src=\"http:\/\/aujourdhui.ma\/wp-content\/uploads\/2016\/04\/femme-viole.jpg?x29840\" alt=\"Ouled Frej : Un trio kidnappe et viole une m\u00e8re de trois enfants\"\/><\/p>\n<p class=\"p1\"><span class=\"s1 c4\"><strong>La voiture ne s\u2019est arr\u00eat\u00e9e qu\u2019une fois dans la r\u00e9gion de Sidi Sma\u00efl. Bien qu\u2019elle les ait suppli\u00e9s de la rel\u00e2cher, l\u2019un d\u2019eux a abus\u00e9 d\u2019elle sexuellement.<\/strong><\/span><span id=\"more-329563\"\/><\/p>\n<p class=\"p1\"><span class=\"s1\">Nous sommes \u00e0 Ouled Frej, situ\u00e9e \u00e0 une cinquantaine de kilom\u00e8tres d\u2019El Jadida. Une m\u00e8re de famille se pr\u00e9sente devant les \u00e9l\u00e9ments de la gendarmerie royale. Dans un \u00e9tat lamentable, elle commence \u00e0 relater au chef de la brigade ce qu\u2019elle a endur\u00e9. Elle leur affirme qu\u2019elle \u00e9tait toute seule, au niveau du centre-ville d\u2019Ouled Frej, quand une voiture s\u2019est arr\u00eat\u00e9e tout pr\u00e8s. Les larmes aux yeux, elle pr\u00e9cise aux gendarmes que deux jeunes hommes sont descendus de la voiture alors que le troisi\u00e8me se tenait derri\u00e8re le volant. Tout de suite, les deux jeunes hommes l\u2019ont rapidement pouss\u00e9e vers l\u2019int\u00e9rieur de la voiture avant que le chauffeur ne d\u00e9marre. La voiture ne s\u2019est arr\u00eat\u00e9e qu\u2019une fois dans la r\u00e9gion de Sidi Sma\u00efl. Bien qu\u2019elle les ait suppli\u00e9s de la rel\u00e2cher, l\u2019un d\u2019eux a abus\u00e9 d\u2019elle sexuellement. Les deux autres ne l\u2019ont pas touch\u00e9e. Apr\u00e8s quoi, ils l\u2019ont jet\u00e9e en dehors de la voiture avant de d\u00e9marrer. Elle a fini sa d\u00e9claration devant les gendarmes en d\u00e9crivant les signalements des trois ravisseurs ainsi que la marque et la couleur de la voiture. D\u00e8s lors les investigations ont \u00e9t\u00e9 entam\u00e9es.<\/span><\/p>\n<p class=\"p1\"><span class=\"s1\">Gr\u00e2ce \u00e0 quelques jeunes de la r\u00e9gion, les enqu\u00eateurs sont arriv\u00e9s \u00e0 rep\u00e9rer la voiture. Son propri\u00e9taire a \u00e9t\u00e9 arr\u00eat\u00e9 et soumis aux interrogatoires. Il a r\u00e9v\u00e9l\u00e9 aux enqu\u00eateurs \u00eatre l\u2019un des trois kidnappeurs. Il les a conduits ensuite aux domiciles de ses deux complices. Les trois ravisseurs ont \u00e9t\u00e9 traduits, derni\u00e8rement, devant le parquet g\u00e9n\u00e9ral pr\u00e8s la Cour d\u2019appel d\u2019El Jadida qui les a maintenus en d\u00e9tention pr\u00e9ventive.<\/span><\/p>\n<\/div>\n<p>Auteur: Abderrafii ALOUMLIKI<br \/>\n<a href=\"http:\/\/aujourdhui.ma\/faits-divers\/ouled-frej-un-trio-kidnappe-et-viole-une-mere-de-trois-enfants\">Cliquez ici pour lire l&rsquo;article depuis sa source.<\/a><\/p>\n","protected":false},"excerpt":{"rendered":"<p>La voiture ne s\u2019est arr\u00eat\u00e9e qu\u2019une fois dans la r\u00e9gion de Sidi Sma\u00efl. Bien qu\u2019elle les ait suppli\u00e9s de la rel\u00e2cher, l\u2019un d\u2019eux a abus\u00e9 d\u2019elle sexuellement. Nous sommes \u00e0 Ouled Frej, situ\u00e9e \u00e0 une cinquantaine de kilom\u00e8tres d\u2019El Jadida. Une m\u00e8re de famille se pr\u00e9sente devant les \u00e9l\u00e9ments de la gendarmerie royale. Dans un [&hellip;]<\/p>\n","protected":false},"author":1759,"featured_media":0,"comment_status":"closed","ping_status":"closed","sticky":false,"template":"","format":"standard","meta":{"fifu_image_url":"","fifu_image_alt":"","footnotes":""},"categories":[73,54],"tags":[],"class_list":["post-72870","post","type-post","status-publish","format-standard","hentry","category-actualite","category-maroc"],"_links":{"self":[{"href":"https:\/\/linitiative.ca\/International\/wp-json\/wp\/v2\/posts\/72870","targetHints":{"allow":["GET"]}}],"collection":[{"href":"https:\/\/linitiative.ca\/International\/wp-json\/wp\/v2\/posts"}],"about":[{"href":"https:\/\/linitiative.ca\/International\/wp-json\/wp\/v2\/types\/post"}],"author":[{"embeddable":true,"href":"https:\/\/linitiative.ca\/International\/wp-json\/wp\/v2\/users\/1759"}],"replies":[{"embeddable":true,"href":"https:\/\/linitiative.ca\/International\/wp-json\/wp\/v2\/comments?post=72870"}],"version-history":[{"count":0,"href":"https:\/\/linitiative.ca\/International\/wp-json\/wp\/v2\/posts\/72870\/revisions"}],"wp:attachment":[{"href":"https:\/\/linitiative.ca\/International\/wp-json\/wp\/v2\/media?parent=72870"}],"wp:term":[{"taxonomy":"category","embeddable":true,"href":"https:\/\/linitiative.ca\/International\/wp-json\/wp\/v2\/categories?post=72870"},{"taxonomy":"post_tag","embeddable":true,"href":"https:\/\/linitiative.ca\/International\/wp-json\/wp\/v2\/tags?post=72870"}],"curies":[{"name":"wp","href":"https:\/\/api.w.org\/{rel}","templated":true}]}}