{"id":72872,"date":"2020-01-13T06:30:53","date_gmt":"2020-01-13T11:30:53","guid":{"rendered":"https:\/\/linitiative.ca\/International\/entretien-avec-mohamed-nabil-benabdallah-secretaire-general-du-pps\/"},"modified":"2020-01-13T06:30:53","modified_gmt":"2020-01-13T11:30:53","slug":"entretien-avec-mohamed-nabil-benabdallah-secretaire-general-du-pps","status":"publish","type":"post","link":"https:\/\/linitiative.ca\/International\/entretien-avec-mohamed-nabil-benabdallah-secretaire-general-du-pps\/","title":{"rendered":"Entretien avec Mohamed Nabil Benabdallah, Secr\u00e9taire g\u00e9n\u00e9ral  du PPS"},"content":{"rendered":"<p class=\"has-text-color has-vivid-red-color c2\"><strong>\u00abLes partis doivent reconqu\u00e9rir le champ politique et la confiance des citoyens\u00bb<\/strong><\/p>\n<p class=\"c3\">Propos recueillis par\u00a0: <strong>F.Z. Alaoui, K. Darfaf, M. Tafsi, N. Amrani<\/strong><\/p>\n<p class=\"has-text-color has-vivid-cyan-blue-color\"><strong>Sans langue de bois et sans fard, Mohamed Nabil Benadallah livre dans cet entretien accord\u00e9 \u00e0 Al Bayane et \u00e0 Lactu24.com, sa lecture de la situation politique et son analyse des d\u00e9fis actuels et \u00e0 venir auxquels notre pays est confront\u00e9. En homme politique proactif et homme de terrain, Nabil Benabdallah continue de croire dur comme fer en la possibilit\u00e9 d\u2019une reconqu\u00eate de l\u2019espace politique par les acteurs cens\u00e9s le remplir pour le dynamiser et redonner confiance aux citoyens. Il croit surtout que la gauche doit agir avec plus de punch et de vigueur, en rangs soud\u00e9s, pour confirmer son statut de force alternative cr\u00e9dible et efficace devant la mont\u00e9e inqui\u00e9tante des voix nihilistes, des populismes de tous bords et surtout du capital. Son franc-parler n\u2019a pas \u00e9pargn\u00e9 sa propre force politique et ses camarades qu\u2019il appelle \u00e0 une mobilisation tous azimuts dans les quartiers, les usines et les universit\u00e9s aupr\u00e8s des jeunes, des professionnels, des femmes et des ouvriers\u2026 brefs, aupr\u00e8s de toutes les forces vives et actives capables d\u2019apporter un souffle nouveau au processus de l\u2019\u00e9dification d\u00e9mocratique.<\/strong><\/p>\n<p class=\"has-text-color has-vivid-cyan-blue-color\"><strong>\u00a0Le programme d\u2019action du parti, baptis\u00e9 \u00ab\u00a0Enracinement et fusions\u00a0\u00bb,\u00a0 ent\u00e9rin\u00e9 \u00e0 l\u2019unanimit\u00e9 par la derni\u00e8re session du Comit\u00e9 central du Parti, est une feuille de route claire et pr\u00e9cise sur les moyens d\u2019action que toutes les militantes et militants au sein de toutes les structures doivent adopter et dynamiser pour assurer au parti une forte pr\u00e9sence au sein des instances \u00e9lues aux niveaux local, r\u00e9gionale et nationale. \u00ab\u00a0Je ne cesse de dire que la reconqu\u00eate du champ et de nouveaux espaces est la mission aujourd\u2019hui des forces politiques pour s\u2019imposer comme forces principales du changement. C\u2019est valable aussi pour le PPS qu\u2019il soit au sein de la majorit\u00e9, puisque le plan Attajador, \u00abenracinement\u00bb, dans sa premi\u00e8re version a \u00e9t\u00e9 con\u00e7u et adopt\u00e9 avant notre retrait du gouvernement, ou dans l\u2019opposition, avec le plan \u00abEnracinement et fusion\u00bb qui vient d\u2019\u00eatre mis en \u0153uvre, alors qu\u2019on est aujourd\u2019hui dans l\u2019opposition. Dans les deux cas, notre parti doit \u00eatre dans la soci\u00e9t\u00e9, dans le mouvement social.<\/strong><\/p>\n<p class=\"has-text-color has-vivid-cyan-blue-color\"><strong>Il doit rester un acteur principal du mouvement social. Les militants du parti doivent \u00eatre pr\u00e9sents dans les luttes et les combats de la soci\u00e9t\u00e9 et, avec d\u2019autres forces, nous puissions contribuer \u00e0 l\u2019\u00e9mergence d\u2019un mouvement social et citoyen qui puisse \u00e0 son tour \u00eatre un acteur majeur dans la mise en \u0153uvre de la Constitution de 2011\u00bb.<\/strong><\/p>\n<p class=\"has-text-color has-vivid-red-color\"><strong>Al Bayane: Apr\u00e8s 20 ans de participation \u00e0 l\u2019action gouvernementale, comment comptez-vous g\u00e9rer le retour \u00e0 l\u2019opposition?<\/strong><\/p>\n<p><strong>Mohamed Nabil Benabdallah<\/strong>: en principe, un parti politique, qui agit dans la l\u00e9galit\u00e9,\u00a0 a pour finalit\u00e9 de gouverner, de contribuer \u00e0 la gestion de la chose publique en s\u2019ing\u00e9niant \u00e0 mettre en \u0153uvre des solutions pragmatiques et efficaces. Pour l\u2019histoire, apr\u00e8s avoir pass\u00e9 plus de 50 ans dans l\u2019opposition, nous avons d\u00e9cid\u00e9 en 1998 de r\u00e9pondre favorablement \u00e0 l\u2019appel du feu SM le Roi Hassan II pour constituer ce qui a \u00e9t\u00e9 d\u00e9sign\u00e9 \u00e0 l\u2019\u00e9poque par le gouvernement d\u2019alternance consensuelle.\u00a0 Depuis, nous avons pris part aux diff\u00e9rents gouvernements qui se sont succ\u00e9d\u00e9. Il faut souligner que l\u2019apport des ministres du PPS\u00a0 y a \u00e9t\u00e9 ind\u00e9niable et ce\u00a0 \u00e0 tous les \u00e9tages, aussi bien au niveau des\u00a0 d\u00e9partements\u00a0 de l\u2019Education que de ceux de\u00a0 la Sant\u00e9, l\u2019agriculture et la recherche scientifique, le d\u00e9veloppement Social, la Famille,\u00a0 ou encore la Communication, l\u2019Emploi, l\u2019Habitat la Culture et l\u2019Eau\u2026\u00a0 A tous les niveaux, les r\u00e9alisations des ministres du PPS ne sont pas \u00e0 d\u00e9monter,\u00a0 sauf pour ceux qui soufrent d\u2019amn\u00e9sie ou tout\u00a0 bonnement exprime une attitude n\u00e9gative \u00e0 l\u2019\u00e9gard de ce qui se passe dans le pays.\u00a0 En termes plus clairs,\u00a0\u00a0 \u2019action des ministres du PPS qui a marqu\u00e9\u00a0 les diff\u00e9rents gouvernements. Et nous sommes fiers de le dire haut et fort\u00a0 d\u2019autant que nos ministres \u00e9taient des personnes honn\u00eates, pleinement d\u00e9vou\u00e9es\u00a0 et ont marqu\u00e9 de leur empreinte l\u2019action de l\u2019Ex\u00e9cutif.<\/p>\n<p class=\"has-text-color has-vivid-red-color\"><strong>Quelles sont les vraies raisons de votre retrait du gouvernement El Otmani?<\/strong><\/p>\n<p>Alors que nous souhaitions que l\u2019\u00e9lan des r\u00e9formes puisse r\u00e9pondre aux attentes sociales de plus en plus pressantes, c\u2019est le contraire, malheureusement depuis l\u2019av\u00e8nement du gouvernement El Othmani,\u00a0\u00a0 qui s\u2019est produit. Ceci \u00e9tant, un climat de rejet, voire d\u2019inqui\u00e9tude s\u2019est install\u00e9 presque\u00a0 chez toutes les cat\u00e9gories sociales\u00a0 y compris dans le milieu des affaires. Une telle situation a eu des effets pesants et extr\u00eamement n\u00e9fastes sur l\u2019investissement. Autrement dit, les gens ne se sentent plus en confiance \u00e7 cause du vide politique qui devient inqui\u00e9tant.\u00a0 C\u2019est pour cela que nous avons appel\u00e9 \u00e0 un souffle d\u00e9mocratique nouveau. En d\u00e9pit de cela, nos appels n\u2019ont pas trouv\u00e9 d\u2018\u00e9chos favorables.\u00a0 Heureusement, il a fallu le discours du tr\u00f4ne du 30 juillet 2019 \u00a0pour qu\u2019il y ait cet appel \u00e0 un\u00a0 remaniement minist\u00e9riel.\u00a0 Ce remaniement devait normalement interagir avec la vision royale en vue de redresser la situation \u00e9conomique et lui donner plus de punch et\u00a0 \u0153uvrer pareillement pour une meilleure r\u00e9partition de la richesse. Cependant,\u00a0 comme\u00a0 vous l\u2019avez remarqu\u00e9,\u00a0 au moment o\u00f9 l\u2019on s\u2019attendait\u00a0 \u00e0 un gouvernement devant \u00eatre compos\u00e9\u00a0 de comp\u00e9tences nouvelles afin d\u2019y rem\u00e9dier,\u00a0\u00a0 permettez-moi de vous le dire, ce fut un \u00e9chec.\u00a0 Qui plus est, il faut dire que ce gouvernement est d\u00e9j\u00e0 tomb\u00e9 dans les oubliettes. Personne n\u2019en parle, si ce n\u2019est que\u00a0 pour \u00e9voquer les divergences et les guerres intestines\u00a0 entre ses diff\u00e9rentes composantes. Donc, nous n\u2019avons plus rien \u00e0 y faire et c\u2019est la raison pour laquelle nous avons d\u00e9cid\u00e9 de partir.<\/p>\n<p class=\"has-text-color has-vivid-red-color\"><strong>S\u2019agit-il d\u2019une d\u00e9cision bien r\u00e9fl\u00e9chie?<\/strong><\/p>\n<p>Je dois mettre l\u2019accent sur le fait que le PPS avec sa volont\u00e9 de r\u00e9forme, son attachement \u00e0\u00a0 la d\u00e9mocratisation de notre pays a \u00e9puis\u00e9 tout ce qu\u2019il pouvait faire pour que le processus de la d\u00e9mocratisation et de la r\u00e9forme\u00a0 puisse se poursuivre et soit mis sur de bons rails.\u00a0 Aujourd\u2019hui,\u00a0 nous estimons que le train a d\u00e9raill\u00e9.\u00a0 Nous avons choisi les rangs de l\u2019opposition et nous l\u2019assumons pleinement. La raison nous oblige de r\u00e9agir imm\u00e9diatement afin de r\u00e9pondre au vide politique qui donne lieu \u00e0 un certain nombre d\u2019expressions spontan\u00e9es et\u00a0 non encadr\u00e9es. Des expressions qui traduisent un mal-\u00eatre et\u00a0 expriment un ras-le-bol \u00e0 l\u2019\u00e9gard de l\u2019inaction du gouvernement et qu\u2019on les trouve que ce soit dans les tribunes des stades, les r\u00e9seaux sociaux, entre autres\u2026 Pallier \u00e0 une telle situation, requiert la mise en place d\u2019une d\u00e9marche compr\u00e9hensive ayant pour objectif la \u00ab reconstruction du politique \u00bb.\u00a0 D\u2019abord, il faut comprendre une chose, il n\u2019y aura pas de d\u00e9veloppement possible, sans un champ politique fort, autonome, d\u00e9mocratique, qui puisse remplir les espaces vides.\u00a0\u00a0 Je pense que notre message est entendu et\u00a0 j\u2019esp\u00e8re que les autres forces politiques sauront faire preuve d\u2019audace pour aller dans ce sens.<\/p>\n<p class=\"has-text-color has-vivid-red-color\"><strong>Vous avez appel\u00e9, \u00e0 maintes reprises,\u00a0 \u00e0 la cons\u00e9cration d\u2019un champ o\u00f9 les partis soient ma\u00eetres de leurs d\u00e9cisions.\u00a0 Peut-on en conclure que les partis politiques ne sont autonomes?<\/strong><\/p>\n<p>Dans l\u2019ensemble, notre champ politique assumait pleinement ses missions dans la premi\u00e8re d\u00e9cade de ce si\u00e8cle.\u00a0 Les choses allaient globalement de mani\u00e8re int\u00e9ressante et\u00a0 dans les diff\u00e9rents gouvernements qui se sont succ\u00e9d\u00e9. Ce constat s\u2019applique parfaitement sur l\u2019opposition.\u00a0 Cependant, il faut affirmer que le fait de vouloir intervenir dans le champ politique et imposer une force a \u00e9t\u00e9 une catastrophe et\u00a0 a donn\u00e9 des r\u00e9sultats extr\u00eamement n\u00e9gatifs. Je pense qu\u2019aujourd\u2019hui, il y a une prise de conscience \u00e0 ce niveau et que face au vide qui existe, il y a une volont\u00e9 de reconstruire.<\/p>\n<p>A partir du moment o\u00f9 cette volont\u00e9 de reconstruire existe, c\u2019est \u00e0 nous les forces\u00a0 politiques d\u2019agir. Nous devons aller r\u00e9solument vers l\u2019ouverture de nos rangs \u00e0 des comp\u00e9tences nouvelles et interagir avec les nouvelles forces soci\u00e9tales.\u00a0 Pour ce faire, nous sommes appel\u00e9s \u00e0 revoir notre modus operandi. Et ce n\u2019est pas tout\u2026 En tant que partis politiques, nous sommes tenus \u00e0 gagner notre\u00a0 autonomie et notre ind\u00e9pendance d\u00e9cisionnelle.\u00a0 Le PPS par rapport \u00e0 d\u2019autres partis se trouve d\u00e9j\u00e0\u00a0 dans cette logique. Il a pris des coups, mais je crois\u00a0 qu\u2019il y a une sorte de retour aux positions exprim\u00e9es par notre parti et tant mieux. Cela\u00a0 peut traduire une reconnaissance \u00e0 l\u2019\u00e9gard de nos positions et t\u00e9moigne \u00e9galement de\u00a0 la v\u00e9racit\u00e9 de nos positions. Qu\u2019\u00e0 cela ne tienne ! Ce qui importe pour nous, c\u2019est comment faire en sorte pour que notre pays puisse,\u00a0 dans le cadre de la stabilit\u00e9 et du respect\u00a0 institutions \u00e9tablies,\u00a0 puisse franchir un nouveau pas vers une d\u00e9mocratisation r\u00e9elle et la mise en \u0153uvre des dispositions de la Constitution 2011 qui est mise de c\u00f4t\u00e9.<\/p>\n<p class=\"has-text-color has-vivid-red-color\"><strong>Quelle est alors la principale entr\u00e9e pour la r\u00e9forme?<\/strong><\/p>\n<p>Outre les forces politiques qui doivent assumer leurs r\u00f4les pour reconqu\u00e9rir des nouveaux espaces, les m\u00e9dias doivent nous apporter leur soutien. Il ne faut pas omettre que les m\u00e9dias, de mani\u00e8re g\u00e9n\u00e9rale,\u00a0 ont adopt\u00e9 un discours nihiliste et\u00a0 antipolitique qui est absolument d\u00e9vastateur. Malheureusement, cela doit cesser\u2026 Nous sommes tous invit\u00e9s \u00e0 reconstruire la confiance, c\u2019est ce que nous avons dit lors de notre dernier Comit\u00e9 central. Il y a une crise de confiance dans notre pays et il faut recr\u00e9er cette confiance pour mobiliser les citoyens et\u00a0 aller vers le meilleur.\u00a0 Autre point non moins important, c\u2019est que nous discutons aujourd\u2019hui\u00a0 d\u2019un nouveau mod\u00e8le de d\u00e9veloppement ; Au PPS, nous consid\u00e9rons que la porte d\u2019entr\u00e9e de tout nouveau mod\u00e8le de d\u00e9veloppement est politique.\u00a0 La question qui s\u2019impose alors, lorsque nous avons un nouveau mod\u00e8le de d\u00e9veloppement qui veillera \u00e0 la mise en \u0153uvre de ces orientations ?\u00a0 ce sont les politiques.\u00a0 Qui va voter les lois au\u00a0 Parlement ?\u00a0\u00a0 Evidement ce sont les politiques. Alors qu\u2019on ne cherche pas \u00e0 mettre de c\u00f4t\u00e9 les politiques.\u00a0 Cela ne servira \u00e0 rien et n\u2019induira, par cons\u00e9quent, que\u00a0 vers plus de d\u00e9sarroi et de vide. Notre devoir consiste \u00e0 nous mettre, nous tous, la main \u00e0 la patte et se d\u00e9faire des attitudes n\u00e9gatives mettant toute la responsabilit\u00e9 sur le dos de l\u2019Etat.\u00a0 Il y a peut-\u00eatre\u00a0 des choses qui doivent venir d\u2019en haut\u00a0 mais\u00a0 il y a des espaces \u00e0 reconqu\u00e9rir par les partis politiques.\u00a0 Notre mission, en tant qu\u2019acteurs politiques, nous oblige, dans le respect des institutions et des lois, \u00e0 \u00e9largir les espaces des libert\u00e9s, de la\u00a0 d\u00e9mocratie et \u0153uvrer pour la cons\u00e9cration de\u00a0 la Constitution.\u00a0 Le but escompt\u00e9 est\u00a0 celui de\u00a0 mettre un terme\u00a0 \u00e0 cette crise de confiance et de r\u00e9aliser des progr\u00e8s \u00e0 diff\u00e9rents niveaux et pour que notre peuple puisse bien vivre dans ce pays.<\/p>\n<p class=\"has-text-color has-vivid-red-color\"><strong>On a l\u2019impression aujourd\u2019hui que le sc\u00e9nario du PAM se r\u00e9p\u00e8te\u00a0 avec un autre parti qui se pr\u00e9sente comma le favoris, ou plut\u00f4t \u00abl\u2019heureux \u00e9lu\u00bb des \u00e9lections de 2021?<\/strong><\/p>\n<p>Ca ne marchera pas. R\u00e9p\u00e9ter les m\u00eames approches donnera in\u00e9luctablement les m\u00eames r\u00e9sultats. Le RNI se pr\u00e9sente aujourd\u2019hui comme une alternative, c\u2019est son droit et nous le respectons. Nous\u00a0 consid\u00e9rons que ce parti \u00e0 une histoire, un parcours. Les fondateurs de ce parti avaient d\u2019excellents rapports avec notre parti, du temps de feu Ali Yata et la direction du PPS de l\u2019\u00e9poque. Nous avons continu\u00e9 d\u2019avoir de bonnes relations notamment dans les gouvernements de Abderrahmane El Youssoufi, Driss Jettou, Abbes EL Fassi et relativement au sein du gouvernement dirig\u00e9 par Abdelilah Benkirane. De notre c\u00f4t\u00e9, nous n\u2019avons pas d\u2019\u00e0 priori n\u00e9gatif \u00e0 l\u2019\u00e9gard du RNI, loin de l\u00e0. Mais, qu\u2019il nos soit permis de dire que les m\u00eames causes produisent les m\u00eames effets. Aujourd\u2019hui, rien ne peut \u00eatre impos\u00e9 \u00e0 notre peuple. Tout doit venir par une action politique, profonde, responsable, militante, autrement dit par le consentement des diff\u00e9rentes composantes de notre soci\u00e9t\u00e9. Si les choses se font ainsi, je ne peux que souhaiter bon vent au RNI. Si les choses se passent autrement, le projet ne r\u00e9ussira pas, comme le projet PAM n\u2019a pas r\u00e9ussi. C\u2019est mon avis et je l\u2019exprime avec beaucoup d\u2019amiti\u00e9 et de pond\u00e9ration.<\/p>\n<p>Aujourd\u2019hui, nous ne comprenons pas que certaines composantes de l\u2019actuel gouvernement qui se projettent d\u00e9j\u00e0 dans l\u2019apr\u00e8s 2021, font des annonces sur ce qu\u2019elles pourront faire. J\u2019ai eu l\u2019occasion de leur dire \u00absi vous \u00eates capables de faires quelques choses pour le pays, faites-le maintenant et sans attendre 2021\u00a0?\u00bb. Ceci \u00e0 un moment o\u00f9 le besoin urgent de changement dans le pays. Ils oublient que de larges franges de la population vivent dans des conditions d\u00e9plorables, des jeunes qui perdent espoir et l\u2019expriment dans des termes graves et qui peuvent constituer un danger\u00a0 pour notre soci\u00e9t\u00e9. Nous sommes devant une crise de confiance. Pour toutes ces raisons, s\u2019il y a quelqu\u2019un qui a la capacit\u00e9 de faire mieux, qui peut apporter des r\u00e9ponses \u00e0 tous\u00a0 ces probl\u00e8mes, qu\u2019il le fasse imm\u00e9diatement et les gens le lui reconnaitront. On n\u2019a pas besoin d\u2019attendre 2021 pour agir. A travers leur attitude, nous pouvons en d\u00e9duire que ces\u00a0\u00a0 partis sont au gouvernement avec le dessin d\u2019entraver l\u2019action et le travail du parti majoritaire, c\u2019est-\u00e0-dire le PJD. Ceci rel\u00e8ve de la politique politicienne qui n\u2019ira pas plus loin et on ne peut pas \u00e9carter la surprise, pour ces gens l\u00e0 du moins, de voir la m\u00eame formation politique reconqu\u00e9rir la premi\u00e8re place en 2021. Ceci confirme notre conviction quant \u00e0 l\u2019absence d\u2019une action politique en profondeur. Cette mobilisation n\u00e9cessaire pour conqu\u00e9rir le c\u0153ur des Marocains, d\u2019aller dans les quartiers populaires, dans les universit\u00e9s, de rencontre avec les jeunes, avec les couches moyennes ou encore chez les professions. C\u2019est sur le terrain que se fait un combat politique.<\/p>\n<p>Pour nous, notre parti le PPS, nous avons le courage et l\u2019humilit\u00e9 de dire qu\u2019on est encore\u00a0 loin d\u2019\u00eatre au niveau pour faire le n\u00e9cessaire. Nous avons l\u2019ambition d\u2019occuper une place meilleure. Nous avons un projet politique qui peut repr\u00e9senter une alternative en terme politique. Mais nous reconnaissons que sur le plan organisationnel et de notre action de masse nous manquons de jus, de profondeur et nous allons rem\u00e9dier \u00e0 cette carence. EN revanche, ceux qui ont la pr\u00e9tention de se poser en alternative, ils doivent d\u2019abord conqu\u00e9rir le c\u0153ur des Marocains et c\u2019est le plus difficile \u00e0 faire.<\/p>\n<p class=\"has-text-color has-vivid-red-color\"><strong>Ces derni\u00e8res semaines ont connu la tenue de deux r\u00e9unions de la Jeunesse Socialiste et la Jeunesse Istiqlalienne. Seraient-elles les pr\u00e9mices d\u2019une alliance entre les deux partis?<\/strong><\/p>\n<p>Pour que je sois clair,\u00a0 outre les r\u00e9unions entre les organisations de jeunesse des deux partis,\u00a0 ce que vous ne savez pas, c\u2019est que ces rencontres\u00a0 ont \u00e9t\u00e9 pr\u00e9c\u00e9d\u00e9es par deux r\u00e9unions entre le Secr\u00e9taire g\u00e9n\u00e9ral du PPS et son homologue du Parti de l\u2019Istiqlal, il y a quelques mois.<\/p>\n<p>Nous nous sommes convenus \u00e0 agir ensemble et ce\u00a0 de mani\u00e8re pond\u00e9r\u00e9e et\u00a0 profonde et sans effets d\u2019annonces. Nous travaillons ensemble pour mettre en place les moyens d\u2019action et voir dans quelles mesures nous pouvons agir ensemble mais aussi\u00a0 \u00e0 \u00e9largir notre action \u00e0 d\u2019autres forces politiques. D\u2019une mani\u00e8re ou d\u2019une autre,\u00a0 nous consid\u00e9rons que le projet de r\u00e9forme, de d\u00e9mocratisation et le r\u00e9tablissement de\u00a0 la confiance, est un projet qui concerne plusieurs forces\u00a0 et qui doit n\u00e9cessairement privil\u00e9gier des politiques d\u2019alliances qui soient cr\u00e9atives. Des alliances qui regroupent des forces qui jouissent encore de cr\u00e9dibilit\u00e9 aupr\u00e8s des citoyens, car il faut le dire d\u2019autres forces ont perdu cette cr\u00e9dibilit\u00e9.\u00a0 Le Parti de l\u2019Istiqlal et le PPS font partie de ceux qui arrivent aujourd\u2019hui\u00a0 \u00e0 sortir leurs \u00e9pingles du jeu.\u00a0 Nous souhaitons pouvoir \u00e9ventuellement travailler avec d\u2019autres forces lorsque les conditions s\u2019y pr\u00eatent.\u00a0 Certainement,\u00a0 cela se fera progressivement. Ainsi,\u00a0 nous allons essayer de r\u00e9fl\u00e9chir ensemble sur le comment de notre action et les champs que nous pourrons privil\u00e9gier pour d\u00e9velopper une action commune.<\/p>\n<p class=\"has-text-color has-vivid-red-color\"><strong>Dans votre projet d\u2019alliances post\u00e9lectorales, qu\u2019en est-il des partis de gauche?<\/strong><\/p>\n<p>Au sein du PPS, notre main a \u00e9t\u00e9 toujours tendue vers les partis de gauche et restera toujours tendue.\u00a0 Il ne faut pas oublier que nous \u00e9tions les premiers dans le pays \u00e0 appeler \u00e0 l\u2019union de la gauche. Nous l\u2019avons fait dans les ann\u00e9es soixante alors que m\u00eame avant cela nous avions privil\u00e9gi\u00e9\u00a0 l\u2019appel \u00e0 un front patriotique dans notre pays car il y avait \u00e0 ce moment l\u00e0 principalement deux partis,\u00a0 \u00e0 savoir l\u2019Istiqlal et le parti communiste.\u00a0 Mais \u00e0 partir de la scission qui s\u2019est produite au sein du parti de l\u2019Istiqlal fin\u00a0 1959 et d\u00e9but 1960, il y avait l\u2019\u00e9mergence de l\u2019Union nationale des forces populaires (UNFP).\u00a0 Ali Yata, \u00e0 l\u2019\u00e9poque,\u00a0 au nom de la Direction du Parti,\u00a0 a adress\u00e9 une lettre aux dirigeants de l\u2019UNFP, dans laquelle il demande\u00a0 la\u00a0 construction d\u2019un front de gauche. Malheureusement,\u00a0 il n\u2019y a pas eu de r\u00e9ponse, comme ce fut le cas d\u2019ailleurs pour beaucoup de nos lettres, qui ont \u00e9t\u00e9\u00a0 envoy\u00e9es\u00a0 par la suite \u00e0 la Direction de l\u2019Union socialiste des forces populaires (USFP).\u00a0 Je dois insister sur le fait que nous sommes partisans de cette union de gauche. Je dois \u00e9galement souligner qu\u2019il y a un certain nombre de courants de gauche, notamment au sein de la F\u00e9d\u00e9ration de la gauche d\u00e9mocratique (FDG),\u00a0 avec qui\u00a0 nous souhaitions pouvoir agir ensemble.<\/p>\n<p>Agir ensemble, c\u2019est se focaliser sur le pr\u00e9sent dans le dessein de s\u2019orienter vers l\u2019avenir. Il ne s\u2019agit point de ressasser le pass\u00e9 de mani\u00e8re inutile ni de demander des autocritiques de ce qui a \u00e9t\u00e9 fait et ce qui n\u2019a pas \u00e9t\u00e9 fait. J\u2019esp\u00e8re que cela sera compris et que nous pourrions, \u00e0 partir du moment actuel, r\u00e9fl\u00e9chir ensemble \u00e0 d\u00e9velopper des initiatives communes.<\/p>\n<p>Maintenant, au sein m\u00eame de ces courants, il y a des divergences qui commencent \u00e0 s\u2019exprimer sur le projet de fusion et la cr\u00e9ation d\u2019une seule structure. Nous ne voulons pas rajouter \u00e0 cela. D\u2019abord, nous respectons l\u2019autonomie de d\u00e9cision de ces formations politiques en qu\u00eate de fusion et nous nous absentons \u00e0 interf\u00e9rer,\u00a0 d\u2019une quelconque mani\u00e8re dans leurs d\u00e9cisions internes,\u00a0 si ce n\u2019est positivement. Donc, notre main restera ouverte et sommes tout \u00e0 fait dispos\u00e9s \u00e0 \u00e9tudier toutes les formes d\u2019actions communes qui peuvent \u00eatre les n\u00f4tres.<\/p>\n<p>Lorsqu\u2019on parle de mouvement social,\u00a0 c\u2019est quelque chose qui doit int\u00e9grer toutes les initiatives. Un mouvement social doit s\u2019atteler au renforcement du front du progr\u00e8s, de la d\u00e9mocratie, la lutte pour la justice sociale et de la dignit\u00e9 et le combat pour la d\u00e9fense des\u00a0 les libert\u00e9s collectives et individuelles.\u00a0 Le PPS entend assumer pleinement son r\u00f4le \u00e0 l\u2019int\u00e9rieur de ce mouvement.<\/p>\n<p class=\"has-text-color has-vivid-red-color\"><strong>Apr\u00e8s les \u00e9lections 2021, peut-on revoir un rapprochement PPS-PJD?<\/strong><\/p>\n<p>Il est impossible de\u00a0 pr\u00e9dire ce qui va se passer en 2021.\u00a0 En fait, si nous devons privil\u00e9gier une alliance elle se fera principalement avec les formations qui sont dans l\u2019opposition et \u00e0 leur t\u00eates le parti de l\u2019Istiqlal comme je viens de le vous dire. D\u2019ailleurs, le PPS a \u00e9t\u00e9 toujours\u00a0 partisan des alliances post\u00e9lectorales. Il est aberrant de se pr\u00e9senter devant les \u00e9lecteurs et de ne pas annoncer avec qui nous pouvions \u00eatre demain dans un gouvernement. Nous avons toujours privil\u00e9gi\u00e9 que cela se passe ainsi.\u00a0 Or, la question qui s\u2019impose, est ce les r\u00e9sultats des \u00e9lections 2021 vont permettre de d\u00e9gager une majorit\u00e9 pour constituer le gouvernement avec un seul camp ou il faudra\u00a0 passer outre les clivages\u2026 Je ne suis point en mesure de r\u00e9pondre \u00e0 une telle question. Toutefois, si le PJD inscrit son action dans une d\u00e9marche qui est plus proche de celle de 2011, 2012, 2013, une d\u00e9marche diff\u00e9rente de ce que voyons maintenant, il n\u2019y a aucune raison de ne pas collaborer ensemble.\u00a0<\/p>\n<p>Le plus important, c\u2019est de faire preuve d\u2019une volont\u00e9 de r\u00e9forme, une volont\u00e9 de changement assortie d\u2019une d\u00e9termination\u00a0 de prendre en charge les difficult\u00e9s du pays et \u00e0 prendre des d\u00e9cisions,\u00a0 quitte \u00e0 en assumer le prix s\u2019il le faut.<\/p>\n<p class=\"has-text-color has-vivid-red-color\"><strong>Peut-on envisager une alliance avec le PAM?<\/strong><\/p>\n<p>Le PAM est en train de connaitre une mutation en interne. Nous n\u2019avons pas \u00e0 intervenir dans les affaires du PAM. Nous attendons de voir quelles sont les \u00e9mergences nouvelles qu\u2019il y aura dans ce parti et en fonction de cela. Eh bien, s\u2019il s\u2019av\u00e8re que ce parti opte pour une orientation de progr\u00e8s, de d\u00e9mocratie et d\u2019autonomie en mati\u00e8re de l\u2019action politique et de non-ing\u00e9rence et de respect des autres forces politiques\u2026 car ce parti a commis une d\u00e9licatesse \u00e0 l\u2019\u00e9gard des autres forces politiques et notamment \u00e0 l\u2019\u00e9gard du PPS et nous n\u2019oublions pas ces choses l\u00e0. Mais,\u00a0 si aujourd\u2019hui la page est tourn\u00e9e et que progressivement\u00a0 le PAM devient un parti comme les autres et que r\u00e9ellement il d\u00e9veloppe un attachement au progr\u00e8s et aux valeurs de d\u00e9mocratie et qu\u2019il le prouve. Et bien dans ce cas de figure,\u00a0 nous pouvons envisager une action commune.\u00a0 Il faut savoir ne pas rester fig\u00e9 en termes politiques.\u00a0 Mais le fait de le souligner aujourd\u2019hui ou l\u2019affirmer de mani\u00e8re p\u00e9remptoire reste pour l\u2019instant pr\u00e9matur\u00e9.<\/p>\n<p class=\"has-text-color has-background has-very-light-gray-color has-very-dark-gray-background-color c2\"><strong>Trois questions express<\/strong><\/p>\n<p class=\"has-text-color has-vivid-cyan-blue-color\"><strong>L\u2019inscription sur les listes \u00e9lectorales\u00a0?<\/strong><\/p>\n<p>Le politique et particuli\u00e8rement la gauche sont en crise dans le monde entier, except\u00e9 dans certains pays. Il faut donc revoir les formes d\u2019action et aller vers plus de proximit\u00e9. Il faut trouver comment mettre en avant des comp\u00e9tences nouvelles et des moyens de communication nouveaux en politique. A cet \u00e9gard, le Maroc ne fait exception \u00e0 ce cadre, particuli\u00e8re. D\u2019ailleurs, il n\u2019y a aucune raison pour que le Maroc puisse faire exception d\u2019autant plus que nous vivons dans un environnement r\u00e9gional perturb\u00e9 que ce soit en Alg\u00e9rie, en Syrie, en Egypte, au Soudan et \u00e0 moindre mesure la Tunisie sans oublier les pays du Sahel, concr\u00e8tement le Maroc ne doit pas se consid\u00e9rer comme \u00e9tant un ilot intouchable de stabilit\u00e9. Le vide politique dont souffre le Maroc est inqui\u00e9tant.<\/p>\n<div class=\"wp-block-image\"><img decoding=\"async\" src=\"http:\/\/albayane.press.ma\/wp-content\/uploads\/%D9%86%D8%A8%D9%8A%D9%84-%D8%A8%D9%86%D8%B9%D8%A8%D8%AF-%D8%A7%D9%84%D9%84%D9%87-1-1.jpg\" alt=\"\" class=\"wp-image-84282\"\/><\/div>\n<p>En l\u2019\u00e9tat, nous risquons de connaitre un taux d\u2019abstention record en 2021. Nous attendons les r\u00e9sultats de la campagne d\u2019inscription sur les listes \u00e9lectorales pour avoir une id\u00e9e sur la situation \u00e0 ce niveau\u2026<\/p>\n<p class=\"has-text-color has-vivid-cyan-blue-color\"><strong>La r\u00e9forme du mode de scrutin est-elle d\u2019actualit\u00e9?<\/strong><\/p>\n<p>Certains croient, \u00e0 tort, qu\u2019une r\u00e9forme du mode de scrutin peut \u00eatre la cl\u00e9 de voute pour sortir de la situation actuelle. Non, c\u2019est une erreur. Revenir \u00e0 l\u2019ancien mode de scrutin ou rester dans \u00abla proportionnelle\u00bb est compl\u00e9mentaire. Il faut d\u2019abord soigner et trouver des rem\u00e8des aux maux profonds pour redonner de la cr\u00e9dibilit\u00e9 au champ politique et regagner la confiance des Marocains.<\/p>\n<p>Ensuite, et seulement apr\u00e8s, qu\u2019on pourra se pencher sur la r\u00e9forme du code \u00e9lectoral. D\u2019ailleurs, nous avons appel\u00e9 de nos v\u0153ux que cette question soit \u00e9tudi\u00e9e et mise en discussion d\u00e8s \u00e0 pr\u00e9sent.\u00a0 Nous sommes en 2020 et les \u00e9lections auront lieu dans une ann\u00e9e. Il faut donc commencer les discussions sur ce code \u00e9lectoral pour avoir une id\u00e9e sur les r\u00e9formes et les amendements qui seront introduits. Notre conviction est de renforcer la proportionnalit\u00e9 et \u00e0 l\u2019\u00e9chelle nationale. C\u2019est\u00a0 \u00e0 dire une liste nationale parfaitement paritaire qui porte sur la moiti\u00e9 des si\u00e8ges du parlement.<\/p>\n<p class=\"has-text-color has-vivid-cyan-blue-color\"><strong>D\u2019aucuns reprochent \u00e0 la Commission Sp\u00e9ciale sur le mod\u00e8le de d\u00e9veloppement\u00a0d\u2019\u00eatre plus technocratique que politique?<\/strong><\/p>\n<p>Je profite de cette occasion pour souhaiter plein succ\u00e8s \u00e0 cette commission, m\u00eame s\u2019il n\u2019y a pas cette fibre politique. Elle compte dans ses rangs des comp\u00e9tences, des gens qui viennent du Maroc et des Marocains du monde, et surtout elle compte des sp\u00e9cialistes dans plusieurs domaines. Il faut qu\u2019ils aient un devoir de r\u00e9serve, qu\u2019ils \u00e9coutent beaucoup et \u00e9vitent de rentrer dans des pol\u00e9miques st\u00e9riles avec qui que ce soit.<\/p>\n<p>Ceci dit, et comme je l\u2019ai dit tout \u00e0 l\u2019heure, la porte d\u2019entr\u00e9e de cette commission est politique et sa porte de sortie est politique. Car \u00e0 la fin, ce sont des politiques qui vont mettre en \u0153uvre toute vision politique \u00e9conomique et sociale, ou n\u2019importe quel projet de d\u00e9veloppement.\u00a0 J\u2019ai eu l\u2019occasion de discuter avec le pr\u00e9sident de la CSMD, M. Chakib Benmoussa, qui m\u2019a assur\u00e9 qu\u2019un d\u00e9bat public avec la classe politique sera ouvert pendant six mois. Le PPS a d\u2019ailleurs pr\u00e9sent\u00e9 une proposition dans ce sens au Cabinet Royal, et d\u2019autres forces politiques ont fait de m\u00eame. Il y aura un d\u00e9bat r\u00e9gional, sectoriel, national avec tous ceux qui veulent apporter leur contribution, partis, syndicats ou organisations de la soci\u00e9t\u00e9 civile.<\/p>\n<p>La question est de savoir de ce qu\u2019on va faire des conclusions de cette commission\u00a0? Il faut savoir que cette commission ne pourra sortir qu\u2019un projet \u00e0 titre indicatif. Attention, il ne faut pas imaginer que le projet de cette commission sera consid\u00e9r\u00e9 comme un texte saint qui devra constituer une r\u00e9f\u00e9rence pour tout le monde. Non, les divergences continueront. Certaines forces pourront se situer plus \u00e0 gauche ou plus \u00e0 droite. Le PPS par exemple va continuer \u00e0 d\u00e9velopper son projet et s\u2019il y a des id\u00e9es int\u00e9ressantes \u00e0 prendre dans le projet de cette commission, nous les adopterons.<\/p>\n<p>Auteur: M&rsquo;hammed rahal<br \/>\n<a href=\"http:\/\/albayane.press.ma\/entretien-avec-mohamed-nabil-benabdallah-general-du-pps.html\">Cliquez ici pour lire l&rsquo;article depuis sa source.<\/a><\/p>\n","protected":false},"excerpt":{"rendered":"<p>\u00abLes partis doivent reconqu\u00e9rir le champ politique et la confiance des citoyens\u00bb Propos recueillis par\u00a0: F.Z. Alaoui, K. Darfaf, M. Tafsi, N. Amrani Sans langue de bois et sans fard, Mohamed Nabil Benadallah livre dans cet entretien accord\u00e9 \u00e0 Al Bayane et \u00e0 Lactu24.com, sa lecture de la situation politique et son analyse des d\u00e9fis [&hellip;]<\/p>\n","protected":false},"author":1760,"featured_media":72873,"comment_status":"closed","ping_status":"closed","sticky":false,"template":"","format":"standard","meta":{"fifu_image_url":"","fifu_image_alt":"","footnotes":""},"categories":[73,54],"tags":[],"class_list":["post-72872","post","type-post","status-publish","format-standard","has-post-thumbnail","hentry","category-actualite","category-maroc"],"_links":{"self":[{"href":"https:\/\/linitiative.ca\/International\/wp-json\/wp\/v2\/posts\/72872","targetHints":{"allow":["GET"]}}],"collection":[{"href":"https:\/\/linitiative.ca\/International\/wp-json\/wp\/v2\/posts"}],"about":[{"href":"https:\/\/linitiative.ca\/International\/wp-json\/wp\/v2\/types\/post"}],"author":[{"embeddable":true,"href":"https:\/\/linitiative.ca\/International\/wp-json\/wp\/v2\/users\/1760"}],"replies":[{"embeddable":true,"href":"https:\/\/linitiative.ca\/International\/wp-json\/wp\/v2\/comments?post=72872"}],"version-history":[{"count":0,"href":"https:\/\/linitiative.ca\/International\/wp-json\/wp\/v2\/posts\/72872\/revisions"}],"wp:featuredmedia":[{"embeddable":true,"href":"https:\/\/linitiative.ca\/International\/wp-json\/"}],"wp:attachment":[{"href":"https:\/\/linitiative.ca\/International\/wp-json\/wp\/v2\/media?parent=72872"}],"wp:term":[{"taxonomy":"category","embeddable":true,"href":"https:\/\/linitiative.ca\/International\/wp-json\/wp\/v2\/categories?post=72872"},{"taxonomy":"post_tag","embeddable":true,"href":"https:\/\/linitiative.ca\/International\/wp-json\/wp\/v2\/tags?post=72872"}],"curies":[{"name":"wp","href":"https:\/\/api.w.org\/{rel}","templated":true}]}}