{"id":72874,"date":"2020-01-13T06:41:49","date_gmt":"2020-01-13T11:41:49","guid":{"rendered":"https:\/\/linitiative.ca\/International\/le-maroc-de-la-prochaine-decennie\/"},"modified":"2020-01-13T06:41:49","modified_gmt":"2020-01-13T11:41:49","slug":"le-maroc-de-la-prochaine-decennie","status":"publish","type":"post","link":"https:\/\/linitiative.ca\/International\/le-maroc-de-la-prochaine-decennie\/","title":{"rendered":"Le Maroc de la prochaine d\u00e9cennie!"},"content":{"rendered":"<p class=\"has-text-color has-vivid-cyan-blue-color\"><strong>Assur\u00e9ment, on s\u2019accorde \u00e0 constater que l\u2019ultime d\u00e9cennie du parcours national vers la d\u00e9mocratie et le d\u00e9veloppement ach\u00e8ve le circuit en queue de poisson.<\/strong><\/p>\n<p>Jamais notre pays n\u2019a \u00e9t\u00e9 aussi malmen\u00e9 que durant l\u2019an \u00e9coul\u00e9 en d\u00e9pit de certaines performances en mati\u00e8re de grands chantiers. Comme dit le dictonusuel: \u00abL\u2019hirondelle ne fait pas le printemps!\u00bb, les gros travaux en lice n\u2019ont pas \u00e0 endiguer tous les maux qui s\u2019op\u00e8rent autour d\u2019une soci\u00e9t\u00e9 mal au point. Certes, le malaise qu\u2019endure le pays ne date pas de cette page tourn\u00e9e, mais il n\u2019est, en fin de compte, que la r\u00e9sultante de la s\u00e9rie de pages d\u2019un livre narrant les b\u00e9mols de la perdition.<\/p>\n<p>On se souvient, \u00e0 l\u2019\u00e9poque, que rien n\u2019allait vers le sens d\u2019instaurer les piliers de la d\u00e9mocratie authentique et de combler les multiples attentes des couches fragilis\u00e9es de la soci\u00e9t\u00e9. Face \u00e0 ces dissonances, on ne prend jamais la peine d\u2019y rem\u00e9dier, tout en se gardant d\u2019assurer le statu quo au profit des forces dominatrices et gouvernantes. On ne cessait d\u2019\u00e9luder la crise quoiqu\u2019elle soit criarde, en rab\u00e2chant le fameux refrain de fausse consolation\u00a0:\u00a0\u00abD\u00eetes que l\u2019ann\u00e9e est bonne\u00a0!\u00bb. Dans le temps, il n\u2019y avait que la voie forte de l\u2019opposition, brandie par les partis du mouvement national qui bl\u00e2mait ce satisfecit mystificateur.<\/p>\n<p>A pr\u00e9sent, on ne peut cacher le soleil avec ce tamis, puisque ce sont les d\u00e9cideurs, eux m\u00eame, qui avouent la fausset\u00e9 des pistes \u00e0 emprunter. Mieux encore, les discours du Souverain ces temps-ci, r\u00e9prouvaient haut et fort, l\u2019inexactitude des choix embrass\u00e9s pour parvenir aux desseins escompt\u00e9s. Cet aveu solennel qui rev\u00eatit, en fait, un ton \u00e0 la fois percutant et incitateur au sursaut de toutes les composantes de la Nation, scelle l\u2019\u00e9chec d\u2019un mod\u00e8le essouffl\u00e9 et aspire aux lendemains salvateurs. Nombre d\u2019options tent\u00e9es sont d\u00e9sormais \u00e0 revoir \u00e0 l\u2019aube de la d\u00e9cade en cours.<\/p>\n<p>La remise en cause de la mani\u00e8re dont les strat\u00e9gies sectorielles, notamment le Plan Maroc Vert, Halieutis et Plan Azurs ont men\u00e9es, s\u2019av\u00e8re une op\u00e9ration in\u00e9luctable au vu de leurs d\u00e9boires d\u00e9concertants. La r\u00e9forme de la fiscalit\u00e9 au sujet de laquelle des assises et \u00e9changes ont \u00e9t\u00e9 entrepris p\u00eache toujours par une d\u00e9sarticulation criante. Le champ politique est mortellement affaibli par l\u2019ing\u00e9rence et le dopage dont il est, sans r\u00e9pit, victime, \u00e0 tel point que le processus d\u00e9mocratique en soit s\u00e9rieusement affect\u00e9 en permanence.<\/p>\n<p>Les in\u00e9galit\u00e9s sociales et territoriales, ainsi que les agressions aigu\u00ebs des droits de l\u2019homme et les \u00e9touffements cyniques des libert\u00e9s sont si aggrav\u00e9es que le pays s\u2019en trouve en contradiction avec le slogan officiel et la r\u00e9alit\u00e9 am\u00e8re. Ce grave g\u00e2chis qui perdure des d\u00e9cennies durant, interpelle maintenant tout le pays, depuis la plus Haute Autorite du royaume au plus bas de l\u2019\u00e9chelle pour un Maroc de la libert\u00e9, de la prosp\u00e9rit\u00e9 et de la justice sociale.<\/p>\n<p>Auteur: M&rsquo;hammed rahal<br \/>\n<a href=\"http:\/\/albayane.press.ma\/le-maroc-de-la-prochaine-decennie.html\">Cliquez ici pour lire l&rsquo;article depuis sa source.<\/a><\/p>\n","protected":false},"excerpt":{"rendered":"<p>Assur\u00e9ment, on s\u2019accorde \u00e0 constater que l\u2019ultime d\u00e9cennie du parcours national vers la d\u00e9mocratie et le d\u00e9veloppement ach\u00e8ve le circuit en queue de poisson. Jamais notre pays n\u2019a \u00e9t\u00e9 aussi malmen\u00e9 que durant l\u2019an \u00e9coul\u00e9 en d\u00e9pit de certaines performances en mati\u00e8re de grands chantiers. Comme dit le dictonusuel: \u00abL\u2019hirondelle ne fait pas le printemps!\u00bb, [&hellip;]<\/p>\n","protected":false},"author":1760,"featured_media":0,"comment_status":"closed","ping_status":"closed","sticky":false,"template":"","format":"standard","meta":{"fifu_image_url":"","fifu_image_alt":"","footnotes":""},"categories":[73,54],"tags":[],"class_list":["post-72874","post","type-post","status-publish","format-standard","hentry","category-actualite","category-maroc"],"_links":{"self":[{"href":"https:\/\/linitiative.ca\/International\/wp-json\/wp\/v2\/posts\/72874","targetHints":{"allow":["GET"]}}],"collection":[{"href":"https:\/\/linitiative.ca\/International\/wp-json\/wp\/v2\/posts"}],"about":[{"href":"https:\/\/linitiative.ca\/International\/wp-json\/wp\/v2\/types\/post"}],"author":[{"embeddable":true,"href":"https:\/\/linitiative.ca\/International\/wp-json\/wp\/v2\/users\/1760"}],"replies":[{"embeddable":true,"href":"https:\/\/linitiative.ca\/International\/wp-json\/wp\/v2\/comments?post=72874"}],"version-history":[{"count":0,"href":"https:\/\/linitiative.ca\/International\/wp-json\/wp\/v2\/posts\/72874\/revisions"}],"wp:attachment":[{"href":"https:\/\/linitiative.ca\/International\/wp-json\/wp\/v2\/media?parent=72874"}],"wp:term":[{"taxonomy":"category","embeddable":true,"href":"https:\/\/linitiative.ca\/International\/wp-json\/wp\/v2\/categories?post=72874"},{"taxonomy":"post_tag","embeddable":true,"href":"https:\/\/linitiative.ca\/International\/wp-json\/wp\/v2\/tags?post=72874"}],"curies":[{"name":"wp","href":"https:\/\/api.w.org\/{rel}","templated":true}]}}