{"id":72876,"date":"2020-01-13T07:03:05","date_gmt":"2020-01-13T12:03:05","guid":{"rendered":"https:\/\/linitiative.ca\/International\/agriculture-le-retard-des-pluies-a-lorigine-du-stress-des-cultures\/"},"modified":"2020-01-13T07:03:05","modified_gmt":"2020-01-13T12:03:05","slug":"agriculture-le-retard-des-pluies-a-lorigine-du-stress-des-cultures","status":"publish","type":"post","link":"https:\/\/linitiative.ca\/International\/agriculture-le-retard-des-pluies-a-lorigine-du-stress-des-cultures\/","title":{"rendered":"Agriculture: Le retard des pluies \u00e0 l\u2019origine du stress des cultures"},"content":{"rendered":"<p class=\"has-text-color has-vivid-cyan-blue-color\"><strong>La campagne agricole 2019\/2020 risque\u00a0 d\u2019\u00eatre s\u00e9rieusement compromise particuli\u00e8rement dans les zones pluviales. La vague de froid qui se poursuit toujours (lyalli) est loin d\u2019\u00eatre \u00e0 l\u2019origine du stress qu\u2019accuse aujourd\u2019hui la campagne c\u00e9r\u00e9ali\u00e8re.<\/strong><\/p>\n<p>Les cultures et les semis ont \u00e9t\u00e9 bien install\u00e9s mais p\u00e2tissent du retard des pluies. Un retard qui dure depuis le mois de d\u00e9cembre et se poursuit en ce mois de janvier. C\u2019est la deuxi\u00e8me ann\u00e9e cons\u00e9cutive de s\u00e9cheresse qui frappe de plein fouet le Maroc. Les quantit\u00e9s re\u00e7ues depuis le d\u00e9but de la campagne sont insuffisantes pour la lev\u00e9e des cultures et leur croissance.<\/p>\n<p>Le froid n\u2019y est pour rien, estime un op\u00e9rateur agricole qui explique que les cultures non irrigu\u00e9es et les zones pluviales sont les plus affect\u00e9es. D\u2019ailleurs, dit-il, m\u00eame en cette p\u00e9riode, les temp\u00e9ratures n\u2019ont pas \u00e9t\u00e9 en dessous de z\u00e9ro degr\u00e9. Ce qui est une bonne chose pour les cultures c\u00e9r\u00e9ali\u00e8res et l\u00e9gumineuses.<\/p>\n<p>Normalement \u00e0 ce stade de la campagne, les agriculteurs entament le d\u00e9sherbage et la fertilisation. Ce qui n\u2019est pas le cas actuellement, notamment au Sud de Rabat. Les fellahs implorent la cl\u00e9mence du ciel alors que le processus agricole est quasiment en stand-by. Les effets n\u00e9fastes sur les rendements et la qualit\u00e9 des grains\u00a0 ainsi que sur le revenu des agriculteurs ne tarderont pas \u00e0 se faire sentir.<\/p>\n<p>La situation est\u00a0 plut\u00f4t normale au nord. Cette r\u00e9gion a re\u00e7u trois fois plus de quantit\u00e9s d\u2019eau depuis le mois de septembre. Tout porte \u00e0 croire que l\u2019actuelle campagne risque d\u2019\u00eatre sinistr\u00e9e. Malgr\u00e9 cet \u00e9tat de chose, la souscription\u00a0 \u00e0 l\u2019assurance agricole contre les al\u00e9as climatiques a \u00e9t\u00e9 cl\u00f4tur\u00e9e par la MAMDA apr\u00e8s avoir atteint 1 million d\u2019hectare.<\/p>\n<p>D\u2019aucuns estiment aujourd\u2019hui, qu\u2019il faut couvrir plus de superficie et \u00e9largir l\u2019assurance agricole. Le Maroc fait face depuis les ann\u00e9es 80 \u00e0 une s\u00e9cheresse et un stress hydrique devenus chroniques.<\/p>\n<p class=\"c2\"><strong>Fairouz El Mouden<\/strong><\/p>\n<p>Auteur: M&rsquo;hammed rahal<br \/>\n<a href=\"http:\/\/albayane.press.ma\/agriculture-le-retard-des-pluies-a-lorigine-du-stress-des-cultures.html\">Cliquez ici pour lire l&rsquo;article depuis sa source.<\/a><\/p>\n","protected":false},"excerpt":{"rendered":"<p>La campagne agricole 2019\/2020 risque\u00a0 d\u2019\u00eatre s\u00e9rieusement compromise particuli\u00e8rement dans les zones pluviales. La vague de froid qui se poursuit toujours (lyalli) est loin d\u2019\u00eatre \u00e0 l\u2019origine du stress qu\u2019accuse aujourd\u2019hui la campagne c\u00e9r\u00e9ali\u00e8re. Les cultures et les semis ont \u00e9t\u00e9 bien install\u00e9s mais p\u00e2tissent du retard des pluies. Un retard qui dure depuis le [&hellip;]<\/p>\n","protected":false},"author":1760,"featured_media":0,"comment_status":"closed","ping_status":"closed","sticky":false,"template":"","format":"standard","meta":{"fifu_image_url":"","fifu_image_alt":"","footnotes":""},"categories":[73,54],"tags":[],"class_list":["post-72876","post","type-post","status-publish","format-standard","hentry","category-actualite","category-maroc"],"_links":{"self":[{"href":"https:\/\/linitiative.ca\/International\/wp-json\/wp\/v2\/posts\/72876","targetHints":{"allow":["GET"]}}],"collection":[{"href":"https:\/\/linitiative.ca\/International\/wp-json\/wp\/v2\/posts"}],"about":[{"href":"https:\/\/linitiative.ca\/International\/wp-json\/wp\/v2\/types\/post"}],"author":[{"embeddable":true,"href":"https:\/\/linitiative.ca\/International\/wp-json\/wp\/v2\/users\/1760"}],"replies":[{"embeddable":true,"href":"https:\/\/linitiative.ca\/International\/wp-json\/wp\/v2\/comments?post=72876"}],"version-history":[{"count":0,"href":"https:\/\/linitiative.ca\/International\/wp-json\/wp\/v2\/posts\/72876\/revisions"}],"wp:attachment":[{"href":"https:\/\/linitiative.ca\/International\/wp-json\/wp\/v2\/media?parent=72876"}],"wp:term":[{"taxonomy":"category","embeddable":true,"href":"https:\/\/linitiative.ca\/International\/wp-json\/wp\/v2\/categories?post=72876"},{"taxonomy":"post_tag","embeddable":true,"href":"https:\/\/linitiative.ca\/International\/wp-json\/wp\/v2\/tags?post=72876"}],"curies":[{"name":"wp","href":"https:\/\/api.w.org\/{rel}","templated":true}]}}