{"id":72877,"date":"2020-01-13T03:25:13","date_gmt":"2020-01-13T08:25:13","guid":{"rendered":"https:\/\/linitiative.ca\/International\/chute-du-gouvernement-jemli-attayar-pointe-du-doigt-les-visees-freristes\/"},"modified":"2020-01-13T03:25:13","modified_gmt":"2020-01-13T08:25:13","slug":"chute-du-gouvernement-jemli-attayar-pointe-du-doigt-les-visees-freristes","status":"publish","type":"post","link":"https:\/\/linitiative.ca\/International\/chute-du-gouvernement-jemli-attayar-pointe-du-doigt-les-visees-freristes\/","title":{"rendered":"Chute du gouvernement Jemli\u00a0: Attayar pointe du doigt les vis\u00e9es \u00ab\u00a0fr\u00e9ristes\u00a0\u00bb"},"content":{"rendered":"<p>Le parti Courant populaire (Attayar) a estim\u00e9 samedi que la non-approbation \u00ab du gouvernement d\u2019Ennahdha conduit par Habib Jemli \u00e9pargne \u00e0 la Tunisie et \u00e0 son peuple la mainmise du projet fr\u00e9riste sur les ressorts de l\u2019Etat et son instrumentalisation au service des axes r\u00e9gionaux r\u00e9actionnaires \u00bb.<br \/>Un gouvernement qui n\u2019a pas de vision politique pouvant d\u00e9velopper le pays et dont certains membres font l\u2019objet de suspicions et de r\u00e9serves, d\u00e9plore le parti.<br \/>Dans une d\u00e9claration rendue publique, le parti appelle \u00ab les forces politiques patriotiques et progressistes \u00e0 engager d\u2019urgence des concertations pour identifier une vision ouvrant de nouvelles perspectives au peuple tunisien dans un contexte marqu\u00e9 par une situation politique, \u00e9conomique et s\u00e9curitaire complexe \u00bb.<br \/>Par ailleurs, le Courant populaire a mis en garde contre le recours aux m\u00eames m\u00e9thodes dans la formation du gouvernement en focalisant sur les personnes et les quotas politiques aux d\u00e9pens des programmes et des politiques alternatives aux choix ayant conduit le pays \u00e0 la crise.<\/p>\n<p class=\"dpsp-share-text\">Partager c&rsquo;est aimer!<\/p>\n<div class=\"wp-post-author-wrap wp-post-author-shortcode left\">\n<h3 class=\"awpa-title\"\/>\n<div class=\"wp-post-author\">\n<div class=\"awpa-img awpa-author-block square\"><a href=\"http:\/\/lexpertjournal.net\/fr\/author\/expert\/\"><img loading=\"lazy\" decoding=\"async\" alt=\"\" src=\"http:\/\/0.gravatar.com\/avatar\/c828f0b17d24309f0d01a4eac3747085?s=150&#038;d=mm&#038;r=g\" srcset=\"http:\/\/0.gravatar.com\/avatar\/c828f0b17d24309f0d01a4eac3747085?s=300&#038;d=mm&#038;r=g 2x\" class=\"avatar avatar-150 photo\" height=\"150\" width=\"150\"\/><\/a><\/div>\n<\/div>\n<\/div>\n<p>Auteur: L&rsquo;expert<br \/>\n<a href=\"http:\/\/lexpertjournal.net\/fr\/2020\/01\/13\/chute-du-gouvernement-jemli-attayar-pointe-du-doigt-les-visees-freristes\/\">Cliquez ici pour lire l&rsquo;article depuis sa source.<\/a><\/p>\n","protected":false},"excerpt":{"rendered":"<p>Le parti Courant populaire (Attayar) a estim\u00e9 samedi que la non-approbation \u00ab du gouvernement d\u2019Ennahdha conduit par Habib Jemli \u00e9pargne \u00e0 la Tunisie et \u00e0 son peuple la mainmise du projet fr\u00e9riste sur les ressorts de l\u2019Etat et son instrumentalisation au service des axes r\u00e9gionaux r\u00e9actionnaires \u00bb.Un gouvernement qui n\u2019a pas de vision politique pouvant [&hellip;]<\/p>\n","protected":false},"author":1775,"featured_media":0,"comment_status":"closed","ping_status":"closed","sticky":false,"template":"","format":"standard","meta":{"fifu_image_url":"","fifu_image_alt":"","footnotes":""},"categories":[78,55],"tags":[],"class_list":["post-72877","post","type-post","status-publish","format-standard","hentry","category-economie","category-tunisie"],"_links":{"self":[{"href":"https:\/\/linitiative.ca\/International\/wp-json\/wp\/v2\/posts\/72877","targetHints":{"allow":["GET"]}}],"collection":[{"href":"https:\/\/linitiative.ca\/International\/wp-json\/wp\/v2\/posts"}],"about":[{"href":"https:\/\/linitiative.ca\/International\/wp-json\/wp\/v2\/types\/post"}],"author":[{"embeddable":true,"href":"https:\/\/linitiative.ca\/International\/wp-json\/wp\/v2\/users\/1775"}],"replies":[{"embeddable":true,"href":"https:\/\/linitiative.ca\/International\/wp-json\/wp\/v2\/comments?post=72877"}],"version-history":[{"count":0,"href":"https:\/\/linitiative.ca\/International\/wp-json\/wp\/v2\/posts\/72877\/revisions"}],"wp:attachment":[{"href":"https:\/\/linitiative.ca\/International\/wp-json\/wp\/v2\/media?parent=72877"}],"wp:term":[{"taxonomy":"category","embeddable":true,"href":"https:\/\/linitiative.ca\/International\/wp-json\/wp\/v2\/categories?post=72877"},{"taxonomy":"post_tag","embeddable":true,"href":"https:\/\/linitiative.ca\/International\/wp-json\/wp\/v2\/tags?post=72877"}],"curies":[{"name":"wp","href":"https:\/\/api.w.org\/{rel}","templated":true}]}}