{"id":72880,"date":"2020-01-13T03:29:44","date_gmt":"2020-01-13T08:29:44","guid":{"rendered":"https:\/\/linitiative.ca\/International\/situation-en-libye-le-ministre-italien-des-ae-a-tunis-lundi\/"},"modified":"2020-01-13T03:29:44","modified_gmt":"2020-01-13T08:29:44","slug":"situation-en-libye-le-ministre-italien-des-ae-a-tunis-lundi","status":"publish","type":"post","link":"https:\/\/linitiative.ca\/International\/situation-en-libye-le-ministre-italien-des-ae-a-tunis-lundi\/","title":{"rendered":"Situation en Libye\u00a0: Le ministre italien des AE \u00e0 Tunis, lundi"},"content":{"rendered":"<p>Le ministre italien des Affaires \u00e9trang\u00e8res et de la Coop\u00e9ration internationale, Luigi Di Maio, effectuera, lundi prochain, une visite officielle en Tunisie, \u00ab pour un \u00e9change de vues sur les questions r\u00e9gionales et internationales d\u2019int\u00e9r\u00eat commun, notamment les d\u00e9veloppements de la situation en Libye \u00bb.<br \/>Cette visite \u00ab s\u2019inscrit dans le cadre du renforcement des relations de coop\u00e9ration et de concertation entre la Tunisie et L\u2019Italie dans divers domaines \u00bb, indique un communiqu\u00e9 du d\u00e9partement des Affaires \u00e9trang\u00e8res.<br \/>Elle sera \u00e9galement l\u2019occasion de pr\u00e9parer les prochaines \u00e9ch\u00e9ances bilat\u00e9rales et le nouveau programme de coop\u00e9ration pour le d\u00e9veloppement et les investissements italiens en Tunisie. Le partenariat en mati\u00e8re de migration sera aussi examin\u00e9, ajoute le communiqu\u00e9.<\/p>\n<p class=\"dpsp-share-text\">Partager c&rsquo;est aimer!<\/p>\n<div class=\"wp-post-author-wrap wp-post-author-shortcode left\">\n<h3 class=\"awpa-title\"\/>\n<div class=\"wp-post-author\">\n<div class=\"awpa-img awpa-author-block square\"><a href=\"http:\/\/lexpertjournal.net\/fr\/author\/expert\/\"><img loading=\"lazy\" decoding=\"async\" alt=\"\" src=\"http:\/\/0.gravatar.com\/avatar\/c828f0b17d24309f0d01a4eac3747085?s=150&#038;d=mm&#038;r=g\" srcset=\"http:\/\/0.gravatar.com\/avatar\/c828f0b17d24309f0d01a4eac3747085?s=300&#038;d=mm&#038;r=g 2x\" class=\"avatar avatar-150 photo\" height=\"150\" width=\"150\"\/><\/a><\/div>\n<\/div>\n<\/div>\n<p>Auteur: L&rsquo;expert<br \/>\n<a href=\"http:\/\/lexpertjournal.net\/fr\/2020\/01\/13\/situation-en-libye-le-ministre-italien-des-ae-a-tunis-lundi\/\">Cliquez ici pour lire l&rsquo;article depuis sa source.<\/a><\/p>\n","protected":false},"excerpt":{"rendered":"<p>Le ministre italien des Affaires \u00e9trang\u00e8res et de la Coop\u00e9ration internationale, Luigi Di Maio, effectuera, lundi prochain, une visite officielle en Tunisie, \u00ab pour un \u00e9change de vues sur les questions r\u00e9gionales et internationales d\u2019int\u00e9r\u00eat commun, notamment les d\u00e9veloppements de la situation en Libye \u00bb.Cette visite \u00ab s\u2019inscrit dans le cadre du renforcement des relations [&hellip;]<\/p>\n","protected":false},"author":1775,"featured_media":0,"comment_status":"closed","ping_status":"closed","sticky":false,"template":"","format":"standard","meta":{"fifu_image_url":"","fifu_image_alt":"","footnotes":""},"categories":[78,55],"tags":[],"class_list":["post-72880","post","type-post","status-publish","format-standard","hentry","category-economie","category-tunisie"],"_links":{"self":[{"href":"https:\/\/linitiative.ca\/International\/wp-json\/wp\/v2\/posts\/72880","targetHints":{"allow":["GET"]}}],"collection":[{"href":"https:\/\/linitiative.ca\/International\/wp-json\/wp\/v2\/posts"}],"about":[{"href":"https:\/\/linitiative.ca\/International\/wp-json\/wp\/v2\/types\/post"}],"author":[{"embeddable":true,"href":"https:\/\/linitiative.ca\/International\/wp-json\/wp\/v2\/users\/1775"}],"replies":[{"embeddable":true,"href":"https:\/\/linitiative.ca\/International\/wp-json\/wp\/v2\/comments?post=72880"}],"version-history":[{"count":0,"href":"https:\/\/linitiative.ca\/International\/wp-json\/wp\/v2\/posts\/72880\/revisions"}],"wp:attachment":[{"href":"https:\/\/linitiative.ca\/International\/wp-json\/wp\/v2\/media?parent=72880"}],"wp:term":[{"taxonomy":"category","embeddable":true,"href":"https:\/\/linitiative.ca\/International\/wp-json\/wp\/v2\/categories?post=72880"},{"taxonomy":"post_tag","embeddable":true,"href":"https:\/\/linitiative.ca\/International\/wp-json\/wp\/v2\/tags?post=72880"}],"curies":[{"name":"wp","href":"https:\/\/api.w.org\/{rel}","templated":true}]}}