{"id":72881,"date":"2020-01-13T08:23:08","date_gmt":"2020-01-13T13:23:08","guid":{"rendered":"https:\/\/linitiative.ca\/International\/commerce-exterieur-les-vrais-chiffres\/"},"modified":"2020-01-13T08:23:08","modified_gmt":"2020-01-13T13:23:08","slug":"commerce-exterieur-les-vrais-chiffres","status":"publish","type":"post","link":"https:\/\/linitiative.ca\/International\/commerce-exterieur-les-vrais-chiffres\/","title":{"rendered":"Commerce ext\u00e9rieur: Les vrais chiffres"},"content":{"rendered":"<p>L\u2019ann\u00e9e 2019 n\u2019\u00e9tait pas tr\u00e8s r\u00e9ussie pour la Tunisie sur le plan \u00e9conomique, surtout avec un niveau de croissance qui ne va pas d\u00e9passer 1.1%. L\u2019un des agr\u00e9gats \u00e9conomiques qui \u00e9taient au rouge l\u2019ann\u00e9e derni\u00e8re, c\u2019est le d\u00e9ficit commercial, qui a continu\u00e9 \u00e0 afficher des niveaux importants avec plus de 19 milliards de dinars. Malgr\u00e9 une l\u00e9g\u00e8re baisse de quelques 400 millions de dinars en comparaison avec 2018, une lecture approfondie des chiffres du commerce ext\u00e9rieur d\u00e9gagent des conclusions qui d\u00e9notent d\u2019une d\u00e9faillance importante de certaines politiques publiques.<\/p>\n<p><strong><em>Les chiffres qui maquillent la r\u00e9alit\u00e9\u00a0:<\/em><\/strong><\/p>\n<p><strong><em><br \/><\/em><\/strong> Selon les chiffres publi\u00e9s par l\u2019INS sur les r\u00e9sultats de commerce ext\u00e9rieur durant toute l\u2019ann\u00e9e 2019, les \u00e9changes commerciaux aux prix courants montrent que les exportations ont augment\u00e9 de 7% contre +19,1% durant l\u2019ann\u00e9e 2018. Les exportations ont atteint le niveau de 43855 MD contre 40987 MD durant l\u2019ann\u00e9e 2018. De m\u00eame, les importations ont enregistr\u00e9 une hausse de 5,4% contre +20% durant l\u2019ann\u00e9e 2018. Les importations ont ainsi atteint la valeur de 63264 MD contre 60010 MD durant l\u2019ann\u00e9e 2018. Suite \u00e0 cette \u00e9volution au niveau des exportations (+7%) et des importations (+5,4%), le d\u00e9ficit s\u2019est \u00e9tablit \u00e0 un niveau de 19408 ,7 MD contre 19022,9 MD durant l\u2019ann\u00e9e 2018. Le taux de couverture n\u2019a pas d\u00e9pass\u00e9 les 68%.<br \/>Pour m\u00e9moire le d\u00e9ficit commercial en 2010 n\u2019\u00e9tait que de 8 milliards de dinars. Ainsi le d\u00e9ficit a \u00e9t\u00e9 multipli\u00e9 par 2 fois et demi.<br \/>Malgr\u00e9 une l\u00e9g\u00e8re am\u00e9lioration du d\u00e9ficit commercial, ces chiffres aussi catastrophiques soient-il, ne traduisent pas la r\u00e9alit\u00e9.<\/p>\n<p><strong><em>Les exportations en panne\u00a0:<\/em><\/strong><\/p>\n<p><strong><em><br \/><\/em><\/strong> Ces chiffres sont la partie \u00e9merg\u00e9e de l\u2019Iceberg, or, une analyse plus approfondie des r\u00e9sultats du commerce ext\u00e9rieur nous font d\u00e9couvrir la d\u00e9faillance de la politique d\u2019exportation en Tunisie. Une politique qui est principalement du ressort du minist\u00e8re du commerce.<br \/>Revenons aux chiffres\u00a0: La r\u00e9partition des \u00e9changes par r\u00e9gime montre une hausse des exportations sous le r\u00e9gime offshore de 9,4% contre +16,1% durant l\u2019ann\u00e9e 2018. Sous le m\u00eame r\u00e9gime, les importations augmentent de 5,9% contre +22,3% durant l\u2019ann\u00e9e 2018. Sous le r\u00e9gime g\u00e9n\u00e9ral, ce qui est tr\u00e8s important, les exportations sont en l\u00e9g\u00e8re hausse de 0,4% contre +27,8% durant l\u2019ann\u00e9e 2018. De m\u00eame, les importations augmentent de 5,2% contre +18,9% durant l\u2019ann\u00e9e 2018.<br \/>L\u2019\u00e9conomie nationale enregistre ainsi un recul de 27 points en une ann\u00e9e ce qui t\u00e9moigne d\u2019une d\u00e9faillance totale de l\u2019appareil exportateur tunisien.<br \/>Le taux de couverture au niveau du r\u00e9gime g\u00e9n\u00e9ral est de 27% seulement. El effet, le d\u00e9ficit commercial sous le r\u00e9gime g\u00e9n\u00e9ral est de -31221,6 MD (-29171,5 MD durant l\u2019ann\u00e9e 2018), soit plus de 12 milliards de dinars en plus que le d\u00e9ficit dans les \u00e9changes commerciaux en totalit\u00e9.<\/p>\n<div class=\"wp-block-image\"><img loading=\"lazy\" decoding=\"async\" src=\"https:\/\/lexpertjournal.net\/fr\/wp-content\/uploads\/sites\/2\/2020\/01\/vvvvv-1024x361.png\" alt=\"\" class=\"wp-image-11429\" width=\"630\" height=\"221\" srcset=\"http:\/\/lexpertjournal.net\/fr\/wp-content\/uploads\/sites\/2\/2020\/01\/vvvvv-1024x361.png 1024w, http:\/\/lexpertjournal.net\/fr\/wp-content\/uploads\/sites\/2\/2020\/01\/vvvvv-300x106.png 300w, http:\/\/lexpertjournal.net\/fr\/wp-content\/uploads\/sites\/2\/2020\/01\/vvvvv-768x271.png 768w, http:\/\/lexpertjournal.net\/fr\/wp-content\/uploads\/sites\/2\/2020\/01\/vvvvv.png 1107w\" sizes=\"auto, (max-width: 630px) 100vw, 630px\"\/><\/div>\n<p>Ces r\u00e9sultats nous m\u00e8nent \u00e0 poser des questions\u00a0:<br \/>\u2981 La rentabilit\u00e9 de notre politique d\u2019exportation de nos produits nationaux, malgr\u00e9 une hausse enregistr\u00e9e au niveau de l\u2019exportation des phosphates et de l\u2019agriculture et l\u2019industrie agroalimentaire\u00a0?<br \/>\u2981 Que font nos organes de soutien et promotion des exportations tel que le Cepex, qui vient justement de changer son PDG en catimini\u00a0?<br \/>\u2981 N\u2019est il pas temps de changer notre mani\u00e8re de promouvoir les exportations, qui demeure archa\u00efque et se base sur la participation \u00e0 des foires seulement\u00a0?<br \/>\u2981 Ne faut il pas passer \u00e0 une promotion des exportations plus digitale, ou la promotion directe aux produits nationaux, et contre les instructions de l\u2019OMC\u00a0?<br \/>Ce qui est s\u00fbr, c\u2019est que si nous continuons avec cette strat\u00e9gie, notre d\u00e9pendance \u00e0 l\u2019ext\u00e9rieur se renforcera, et l\u2019un des principaux moteurs de la croissance, \u00e0 savoir l\u2019exportation, tombera en panne, et m\u00eame se mettra au point mort.<br \/>Une refonte de notre politique publique d\u2019exportation est n\u00e9cessaire, certainement pas avec l\u2019\u00e9quipe actuelle. Un conseil pour ceux qui vont venir\u00a0: pri\u00e8re ne lancez pas une consultation sur l\u2019exportation, ou une conf\u00e9rence nationale, ou un atelier\u2026les autres l\u2019ont fait et c\u2019\u00e9tait juste pour la presse et la \u00ab\u00a0pause caf\u00e9\u00a0\u00bb.<\/p>\n<p class=\"c1\"><strong>Abou.Farah<\/strong><\/p>\n<p class=\"dpsp-share-text\">Partager c&rsquo;est aimer!<\/p>\n<div class=\"wp-post-author-wrap wp-post-author-shortcode left\">\n<h3 class=\"awpa-title\"\/>\n<div class=\"wp-post-author\">\n<div class=\"awpa-img awpa-author-block square\"><a href=\"http:\/\/lexpertjournal.net\/fr\/author\/expert\/\"><img loading=\"lazy\" decoding=\"async\" alt=\"\" src=\"http:\/\/0.gravatar.com\/avatar\/c828f0b17d24309f0d01a4eac3747085?s=150&#038;d=mm&#038;r=g\" srcset=\"http:\/\/0.gravatar.com\/avatar\/c828f0b17d24309f0d01a4eac3747085?s=300&#038;d=mm&#038;r=g 2x\" class=\"avatar avatar-150 photo\" height=\"150\" width=\"150\"\/><\/a><\/div>\n<\/div>\n<\/div>\n<p>Auteur: L&rsquo;expert<br \/>\n<a href=\"http:\/\/lexpertjournal.net\/fr\/2020\/01\/13\/commerce-exterieur-les-vrais-chiffres\/\">Cliquez ici pour lire l&rsquo;article depuis sa source.<\/a><\/p>\n","protected":false},"excerpt":{"rendered":"<p>L\u2019ann\u00e9e 2019 n\u2019\u00e9tait pas tr\u00e8s r\u00e9ussie pour la Tunisie sur le plan \u00e9conomique, surtout avec un niveau de croissance qui ne va pas d\u00e9passer 1.1%. L\u2019un des agr\u00e9gats \u00e9conomiques qui \u00e9taient au rouge l\u2019ann\u00e9e derni\u00e8re, c\u2019est le d\u00e9ficit commercial, qui a continu\u00e9 \u00e0 afficher des niveaux importants avec plus de 19 milliards de dinars. Malgr\u00e9 [&hellip;]<\/p>\n","protected":false},"author":1775,"featured_media":72882,"comment_status":"closed","ping_status":"closed","sticky":false,"template":"","format":"standard","meta":{"fifu_image_url":"","fifu_image_alt":"","footnotes":""},"categories":[78,55],"tags":[],"class_list":["post-72881","post","type-post","status-publish","format-standard","has-post-thumbnail","hentry","category-economie","category-tunisie"],"_links":{"self":[{"href":"https:\/\/linitiative.ca\/International\/wp-json\/wp\/v2\/posts\/72881","targetHints":{"allow":["GET"]}}],"collection":[{"href":"https:\/\/linitiative.ca\/International\/wp-json\/wp\/v2\/posts"}],"about":[{"href":"https:\/\/linitiative.ca\/International\/wp-json\/wp\/v2\/types\/post"}],"author":[{"embeddable":true,"href":"https:\/\/linitiative.ca\/International\/wp-json\/wp\/v2\/users\/1775"}],"replies":[{"embeddable":true,"href":"https:\/\/linitiative.ca\/International\/wp-json\/wp\/v2\/comments?post=72881"}],"version-history":[{"count":0,"href":"https:\/\/linitiative.ca\/International\/wp-json\/wp\/v2\/posts\/72881\/revisions"}],"wp:featuredmedia":[{"embeddable":true,"href":"https:\/\/linitiative.ca\/International\/wp-json\/"}],"wp:attachment":[{"href":"https:\/\/linitiative.ca\/International\/wp-json\/wp\/v2\/media?parent=72881"}],"wp:term":[{"taxonomy":"category","embeddable":true,"href":"https:\/\/linitiative.ca\/International\/wp-json\/wp\/v2\/categories?post=72881"},{"taxonomy":"post_tag","embeddable":true,"href":"https:\/\/linitiative.ca\/International\/wp-json\/wp\/v2\/tags?post=72881"}],"curies":[{"name":"wp","href":"https:\/\/api.w.org\/{rel}","templated":true}]}}