{"id":72885,"date":"2020-01-13T13:04:32","date_gmt":"2020-01-13T18:04:32","guid":{"rendered":"https:\/\/linitiative.ca\/International\/semaine-culturelle-amazighe-a-tebessa-fantasia-et-baroud-pour-celebrer-yennayer\/"},"modified":"2020-01-13T13:04:32","modified_gmt":"2020-01-13T18:04:32","slug":"semaine-culturelle-amazighe-a-tebessa-fantasia-et-baroud-pour-celebrer-yennayer","status":"publish","type":"post","link":"https:\/\/linitiative.ca\/International\/semaine-culturelle-amazighe-a-tebessa-fantasia-et-baroud-pour-celebrer-yennayer\/","title":{"rendered":"Semaine culturelle amazighe \u00e0 T\u00e9bessa : fantasia et baroud pour c\u00e9l\u00e9brer Yennayer"},"content":{"rendered":"<div readability=\"34\">\n<p><strong>TEBESSA- La semaine culturelle amazighe de la wilaya deKhenchela a \u00e9t\u00e9 inaugur\u00e9e dimanche apr\u00e8s-midi \u00e0 T\u00e9bessa avec la pr\u00e9sentation de spectacles de fantasia ponctu\u00e9s de baroud pour c\u00e9l\u00e9brer le nouvel an amazigh 2970.<\/strong><\/p>\n<\/div>\n<div readability=\"71.5126545026\">\n<p>Des spectacles de fantasia pr\u00e9sent\u00e9s par la troupe culturelle \u00ab\u00a0Ahrar El Aouras\u00a0\u00bb au niveau de la maison de la culture Mohamed Chebouki, mettant en \u00e9vidence les coutumes et les traditions des deux wilayas, ont \u00e9t\u00e9 pr\u00e9sent\u00e9s aux citoyens qui ont appr\u00e9ci\u00e9 la richesse du patrimoine culturel de ces r\u00e9gions.<\/p>\n<p>De plus, des expositions du livre amazigh, d\u2019arts plastiques,photographie, v\u00eatements et bijoux traditionnels, plats traditionnels et g\u00e2teaux, ont \u00e9t\u00e9 \u00e9galement organis\u00e9es \u00e0 l&rsquo;occasion.<\/p>\n<p>Le public pr\u00e9sent a dans\u00e9, applaudi et chant\u00e9 dans la grande salle de la maison de la culture Mohamed Chebouki sur les rythmes des chansons chaoui,interpr\u00e9t\u00e9es par le groupe \u00ab\u00a0Noudjoum El Djorf\u00a0\u00bb et la troupe \u00ab\u00a0Ibdaa\u00a0\u00bb.<\/p>\n<hr\/>\n<h3>Lire aussi: <a href=\"http:\/\/www.aps.dz\/societe\/100057-yennayer-2970-a-tebessa-le-jeu-traditionnel-amazigh-hakoureth-ressuscite\" target=\"_blank\" rel=\"noopener noreferrer\">Yennayer 2970 \u00e0 T\u00e9bessa : le jeu traditionnel amazigh \u00ab\u00a0Hakoureth\u00a0\u00bb ressuscit\u00e9<\/a><\/h3>\n<hr\/>\n<p>Mounir Mouissi, directeur de la maison de la culture Mohamed Chebouki de Tebessa, a indiqu\u00e9 \u00e0 l&rsquo;APS que ce jumelage culturel avec Khenchela vise \u00e0 faire connaitre le patrimoine culturel mat\u00e9riel et immat\u00e9riel des deux wilayas, notamment en ce qui concerne la c\u00e9l\u00e9bration du nouvel an amazigh.<\/p>\n<p>Pour sa part, le directeur de la maison de la culture de Khenchela,Noureddine Kouider, a soulign\u00e9 que cet \u00e9change culturel constitue une opportunit\u00e9 pour en organiser d&rsquo;autres entre les deux structures culturelles dans divers domaines, notamment la po\u00e9sie et le th\u00e9\u00e2tre.<\/p>\n<p>Des lectures po\u00e9tiques amazighes seront pr\u00e9sent\u00e9es \u00e0 cette occasion par des po\u00e8tes de T\u00e9bessa et Khenchela, ainsi que la projection d&rsquo;un documentaire sur la c\u00e9l\u00e9bration dunouvel an amazigh \u00e0 T\u00e9bessa, ainsi que des pi\u00e8ces th\u00e9\u00e2trales pour enfants et adultes, a-t-on appris des organisateurs.<\/p>\n<\/div>\n<p>Auteur:<br \/>\n<a href=\"http:\/\/www.aps.dz\/culture\/100067-semaine-culturelle-amazighe-a-tebessa-fantasia-et-baroud-pour-celebrer-yennayer\">Cliquez ici pour lire l&rsquo;article depuis sa source.<\/a><\/p>\n","protected":false},"excerpt":{"rendered":"<p>TEBESSA- La semaine culturelle amazighe de la wilaya deKhenchela a \u00e9t\u00e9 inaugur\u00e9e dimanche apr\u00e8s-midi \u00e0 T\u00e9bessa avec la pr\u00e9sentation de spectacles de fantasia ponctu\u00e9s de baroud pour c\u00e9l\u00e9brer le nouvel an amazigh 2970. Des spectacles de fantasia pr\u00e9sent\u00e9s par la troupe culturelle \u00ab\u00a0Ahrar El Aouras\u00a0\u00bb au niveau de la maison de la culture Mohamed Chebouki, [&hellip;]<\/p>\n","protected":false},"author":1790,"featured_media":0,"comment_status":"closed","ping_status":"closed","sticky":false,"template":"","format":"standard","meta":{"fifu_image_url":"","fifu_image_alt":"","footnotes":""},"categories":[53,79],"tags":[],"class_list":["post-72885","post","type-post","status-publish","format-standard","hentry","category-algerie","category-culture"],"_links":{"self":[{"href":"https:\/\/linitiative.ca\/International\/wp-json\/wp\/v2\/posts\/72885","targetHints":{"allow":["GET"]}}],"collection":[{"href":"https:\/\/linitiative.ca\/International\/wp-json\/wp\/v2\/posts"}],"about":[{"href":"https:\/\/linitiative.ca\/International\/wp-json\/wp\/v2\/types\/post"}],"author":[{"embeddable":true,"href":"https:\/\/linitiative.ca\/International\/wp-json\/wp\/v2\/users\/1790"}],"replies":[{"embeddable":true,"href":"https:\/\/linitiative.ca\/International\/wp-json\/wp\/v2\/comments?post=72885"}],"version-history":[{"count":0,"href":"https:\/\/linitiative.ca\/International\/wp-json\/wp\/v2\/posts\/72885\/revisions"}],"wp:attachment":[{"href":"https:\/\/linitiative.ca\/International\/wp-json\/wp\/v2\/media?parent=72885"}],"wp:term":[{"taxonomy":"category","embeddable":true,"href":"https:\/\/linitiative.ca\/International\/wp-json\/wp\/v2\/categories?post=72885"},{"taxonomy":"post_tag","embeddable":true,"href":"https:\/\/linitiative.ca\/International\/wp-json\/wp\/v2\/tags?post=72885"}],"curies":[{"name":"wp","href":"https:\/\/api.w.org\/{rel}","templated":true}]}}