{"id":72887,"date":"2020-01-13T13:04:39","date_gmt":"2020-01-13T18:04:39","guid":{"rendered":"https:\/\/linitiative.ca\/International\/nouvel-an-amazigh-2970-a-el-tarf-le-legs-ancestral-en-exposition\/"},"modified":"2020-01-13T13:04:39","modified_gmt":"2020-01-13T18:04:39","slug":"nouvel-an-amazigh-2970-a-el-tarf-le-legs-ancestral-en-exposition","status":"publish","type":"post","link":"https:\/\/linitiative.ca\/International\/nouvel-an-amazigh-2970-a-el-tarf-le-legs-ancestral-en-exposition\/","title":{"rendered":"Nouvel an amazigh 2970 \u00e0 El Tarf: le legs ancestral en exposition"},"content":{"rendered":"<div readability=\"38\">\n<p><strong>EL TARF &#8211; Le legs ancestral amazigh est mis en relief \u00e0 travers l\u2019ensemble des expositions de produits artisanaux inaugur\u00e9es, \u00e0 El Tarf, dans le cadre de la semaine du patrimoine amazigh, d\u00e9di\u00e9e \u00e0 la c\u00e9l\u00e9bration du nouvel an 2970, a-t-on constat\u00e9.<\/strong><\/p>\n<\/div>\n<div readability=\"100\">\n<p>Diff\u00e9rentes expositions de ce legs s\u00e9culaire dont celles du costume traditionnel, des bijoux en argent ou en corail, de la poterie, la vannerie, les bibelots faits \u00e0 partir d\u2019objets de r\u00e9cup\u00e9ration valoris\u00e9s par des mains d\u2019artisanes expertes et plusieurs mets sal\u00e9s et sucr\u00e9s traditionnels, sont mis en avant depuis dimanche, \u00e0 l\u2019occasion de la semaine du patrimoine amazigh \u00e0 laquelle prennent part une quinzaine de wilayas du pays.<\/p>\n<p>Selon Labsir Aicha, pr\u00e9sidente de \u00ab\u00a0Oumi Zahra\u00a0\u00bb, une association locale du patrimoine et des traditions, ces expositions, organis\u00e9es par la Direction locale de la culture, permettent aux exposants de pr\u00e9senter leur savoir-faire artisanal aux visiteurs ainsi que de cr\u00e9er une ambiance, dans le cadre des \u00e9changes et d\u00e9bats entre experts.<\/p>\n<p>Sp\u00e9cialis\u00e9e dans l\u2019art culinaire traditionnel, cette association se distingue, par la diversit\u00e9 de ses produits traditionnels et ambitionne de perp\u00e9tuer les traditions de cette r\u00e9gion de l\u2019extr\u00eame nord Est du pays.<\/p>\n<p>Pour la f\u00eate du nouvel an berb\u00e8re, des plats sal\u00e9s comme la savoureuse mouloukhia ou encore la chakhchoukha ou berkoukes, pr\u00e9sent\u00e9s dans des assiettes en terre cuite ou en bois, ont enjoliv\u00e9 le hall de la maison des jeunes et attir\u00e9 la foule.<\/p>\n<p>Des stands consacr\u00e9s \u00e0 la gandoura kabyle aussi bien celle de la mari\u00e9e que celle port\u00e9e au quotidien ou dans diff\u00e9rentes autres occasions, par la gent f\u00e9minine, sont coquettement install\u00e9s par l\u2019artisane Marzouka Taleb de la wilaya de Tizi Ouzou.<\/p>\n<p>Des bijoux en argent, charg\u00e9s ou simples, d\u2019une beaut\u00e9 raffin\u00e9e et renseignant sur l\u2019attachement \u00e0 ce legs ancestral y sont \u00e9galement pr\u00e9sent\u00e9s avec fiert\u00e9 par cette m\u00eame artisane qui confie \u00e0 l\u2019APS\u00a0 que \u00ab\u00a0ces rendez-vous sont une opportunit\u00e9 pour l\u2019artisan qui fait valoir son savoir faire et pr\u00e9sente ses produits tout en perp\u00e9tuant le m\u00e9tier de ses anc\u00eatres.\u00a0\u00bb<\/p>\n<p>Un avis partag\u00e9 par l\u2019artisane Farida Belkadi de Guelma, sp\u00e9cialis\u00e9e dans la valorisation des produits de r\u00e9cup\u00e9ration comme des bouteilles vides ou tout autre objet inutilis\u00e9 et dont les doigts de f\u00e9e de cette artisane les transforment en pi\u00e8ces d\u2019art et de d\u00e9cor attractives.<\/p>\n<p>En d\u00e9pit des difficult\u00e9s relev\u00e9es dans la commercialisation des produits traditionnels et le manque de locaux commerciaux d\u00e9di\u00e9s \u00e0 l\u2019artisanat, ces artisans consid\u00e8rent que ces rencontres demeurent privil\u00e9gi\u00e9es de par l\u2019ambiance et la joie qu\u2019elles suscitent.<\/p>\n<p>En plus des expositions de produits artisanaux d\u00e9voilant les multiples facettes du patrimoine amazigh, la semaine culturelle, s\u2019\u00e9talant jusqu\u2019au 18 janvier courant, propose aux visiteurs des apr\u00e8s-midis artistiques, anim\u00e9s par des chanteurs vers\u00e9s essentiellement dans le Madih, Aissaoua et le chant berb\u00e8re, a rappel\u00e9 le directeur local de la culture, Adel Safi.<\/p>\n<\/div>\n<p>Auteur:<br \/>\n<a href=\"http:\/\/www.aps.dz\/culture\/100077-nouvel-an-amazigh-2970-a-el-tarf-le-legs-ancestral-en-exposition\">Cliquez ici pour lire l&rsquo;article depuis sa source.<\/a><\/p>\n","protected":false},"excerpt":{"rendered":"<p>EL TARF &#8211; Le legs ancestral amazigh est mis en relief \u00e0 travers l\u2019ensemble des expositions de produits artisanaux inaugur\u00e9es, \u00e0 El Tarf, dans le cadre de la semaine du patrimoine amazigh, d\u00e9di\u00e9e \u00e0 la c\u00e9l\u00e9bration du nouvel an 2970, a-t-on constat\u00e9. Diff\u00e9rentes expositions de ce legs s\u00e9culaire dont celles du costume traditionnel, des bijoux [&hellip;]<\/p>\n","protected":false},"author":1790,"featured_media":0,"comment_status":"closed","ping_status":"closed","sticky":false,"template":"","format":"standard","meta":{"fifu_image_url":"","fifu_image_alt":"","footnotes":""},"categories":[53,79],"tags":[],"class_list":["post-72887","post","type-post","status-publish","format-standard","hentry","category-algerie","category-culture"],"_links":{"self":[{"href":"https:\/\/linitiative.ca\/International\/wp-json\/wp\/v2\/posts\/72887","targetHints":{"allow":["GET"]}}],"collection":[{"href":"https:\/\/linitiative.ca\/International\/wp-json\/wp\/v2\/posts"}],"about":[{"href":"https:\/\/linitiative.ca\/International\/wp-json\/wp\/v2\/types\/post"}],"author":[{"embeddable":true,"href":"https:\/\/linitiative.ca\/International\/wp-json\/wp\/v2\/users\/1790"}],"replies":[{"embeddable":true,"href":"https:\/\/linitiative.ca\/International\/wp-json\/wp\/v2\/comments?post=72887"}],"version-history":[{"count":0,"href":"https:\/\/linitiative.ca\/International\/wp-json\/wp\/v2\/posts\/72887\/revisions"}],"wp:attachment":[{"href":"https:\/\/linitiative.ca\/International\/wp-json\/wp\/v2\/media?parent=72887"}],"wp:term":[{"taxonomy":"category","embeddable":true,"href":"https:\/\/linitiative.ca\/International\/wp-json\/wp\/v2\/categories?post=72887"},{"taxonomy":"post_tag","embeddable":true,"href":"https:\/\/linitiative.ca\/International\/wp-json\/wp\/v2\/tags?post=72887"}],"curies":[{"name":"wp","href":"https:\/\/api.w.org\/{rel}","templated":true}]}}