{"id":72888,"date":"2020-01-13T08:37:00","date_gmt":"2020-01-13T13:37:00","guid":{"rendered":"https:\/\/linitiative.ca\/International\/tebboune-recoit-mouloud-hamrouche\/"},"modified":"2020-01-13T08:37:00","modified_gmt":"2020-01-13T13:37:00","slug":"tebboune-recoit-mouloud-hamrouche","status":"publish","type":"post","link":"https:\/\/linitiative.ca\/International\/tebboune-recoit-mouloud-hamrouche\/","title":{"rendered":"Tebboune re\u00e7oit Mouloud Hamrouche"},"content":{"rendered":"<div id=\"originalText\" readability=\"55\">\n<p>Apr\u00e8s Ahmed Benbitour et Abdelaziz Rahabi, le chef de l\u2019Etat, Abdelmadjid Tebboune a re\u00e7u, ce lundi 13 janvier, l\u2019ancien premier ministre, Mouloud Hamrouche.<\/p>\n<p>Selon un communiqu\u00e9 de la pr\u00e9sidence de la R\u00e9publique repris par l\u2019APS, cette rencontre entre dans le cadre de la s\u00e9rie consultations \u00ab\u00a0entam\u00e9es par le pr\u00e9sident de la R\u00e9publique avec des personnalit\u00e9s nationales, des chefs de partis politiques et de la soci\u00e9t\u00e9 civile autour de la situation g\u00e9n\u00e9rale du pays et de la r\u00e9vision de la Constitution (\u2026)\u00a0\u00bb.<\/p>\n<p>Mouloud Hamrouche a donn\u00e9 au chef de l\u2019Etat \u00ab\u00a0sa vision de les principales questions relatives \u00e0 la situation politique du pays \u00e0 la lumi\u00e8re de sa longue exp\u00e9rience au service de l\u2019Etat et son suivi des \u00e9v\u00e8nements nationaux comme acteur politique \u00e9minent\u00a0\u00bb, note le document de la pr\u00e9sidence de la R\u00e9publique.<\/p>\n<p>D\u2019autres personnalit\u00e9s et chefs de partis seront \u00e9galement re\u00e7us \u00e0 la pr\u00e9sidence de la R\u00e9publique, apprend-t-on aupr\u00e8s de cette institution.<\/p>\n<p class=\"c6\"><strong>Ali B.<\/strong><\/p>\n<\/div>\n<div id=\"text_core\" readability=\"55\">\n<p>Apr\u00e8s Ahmed Benbitour et Abdelaziz Rahabi, le chef de l\u2019Etat, Abdelmadjid Tebboune a re\u00e7u, ce lundi 13 janvier, l\u2019ancien premier ministre, Mouloud Hamrouche.<\/p>\n<p>Selon un communiqu\u00e9 de la pr\u00e9sidence de la R\u00e9publique repris par l\u2019APS, cette rencontre entre dans le cadre de la s\u00e9rie consultations \u00ab\u00a0entam\u00e9es par le pr\u00e9sident de la R\u00e9publique avec des personnalit\u00e9s nationales, des chefs de partis politiques et de la soci\u00e9t\u00e9 civile autour de la situation g\u00e9n\u00e9rale du pays et de la r\u00e9vision de la Constitution (\u2026)\u00a0\u00bb.<\/p>\n<p>Mouloud Hamrouche a donn\u00e9 au chef de l\u2019Etat \u00ab\u00a0sa vision de les principales questions relatives \u00e0 la situation politique du pays \u00e0 la lumi\u00e8re de sa longue exp\u00e9rience au service de l\u2019Etat et son suivi des \u00e9v\u00e8nements nationaux comme acteur politique \u00e9minent\u00a0\u00bb, note le document de la pr\u00e9sidence de la R\u00e9publique.<\/p>\n<p>D\u2019autres personnalit\u00e9s et chefs de partis seront \u00e9galement re\u00e7us \u00e0 la pr\u00e9sidence de la R\u00e9publique, apprend-t-on aupr\u00e8s de cette institution.<\/p>\n<p class=\"c6\"><strong>Ali B.<\/strong><\/p>\n<\/div>\n<p>Auteur:<br \/>\n<a href=\"https:\/\/www.liberte-algerie.com\/actualite\/tebboune-recoit-mouloud-hamrouche-331841\">Cliquez ici pour lire l&rsquo;article depuis sa source.<\/a><\/p>\n","protected":false},"excerpt":{"rendered":"<p>Apr\u00e8s Ahmed Benbitour et Abdelaziz Rahabi, le chef de l\u2019Etat, Abdelmadjid Tebboune a re\u00e7u, ce lundi 13 janvier, l\u2019ancien premier ministre, Mouloud Hamrouche. Selon un communiqu\u00e9 de la pr\u00e9sidence de la R\u00e9publique repris par l\u2019APS, cette rencontre entre dans le cadre de la s\u00e9rie consultations \u00ab\u00a0entam\u00e9es par le pr\u00e9sident de la R\u00e9publique avec des personnalit\u00e9s [&hellip;]<\/p>\n","protected":false},"author":1742,"featured_media":0,"comment_status":"closed","ping_status":"closed","sticky":false,"template":"","format":"standard","meta":{"fifu_image_url":"","fifu_image_alt":"","footnotes":""},"categories":[73,53],"tags":[],"class_list":["post-72888","post","type-post","status-publish","format-standard","hentry","category-actualite","category-algerie"],"_links":{"self":[{"href":"https:\/\/linitiative.ca\/International\/wp-json\/wp\/v2\/posts\/72888","targetHints":{"allow":["GET"]}}],"collection":[{"href":"https:\/\/linitiative.ca\/International\/wp-json\/wp\/v2\/posts"}],"about":[{"href":"https:\/\/linitiative.ca\/International\/wp-json\/wp\/v2\/types\/post"}],"author":[{"embeddable":true,"href":"https:\/\/linitiative.ca\/International\/wp-json\/wp\/v2\/users\/1742"}],"replies":[{"embeddable":true,"href":"https:\/\/linitiative.ca\/International\/wp-json\/wp\/v2\/comments?post=72888"}],"version-history":[{"count":0,"href":"https:\/\/linitiative.ca\/International\/wp-json\/wp\/v2\/posts\/72888\/revisions"}],"wp:attachment":[{"href":"https:\/\/linitiative.ca\/International\/wp-json\/wp\/v2\/media?parent=72888"}],"wp:term":[{"taxonomy":"category","embeddable":true,"href":"https:\/\/linitiative.ca\/International\/wp-json\/wp\/v2\/categories?post=72888"},{"taxonomy":"post_tag","embeddable":true,"href":"https:\/\/linitiative.ca\/International\/wp-json\/wp\/v2\/tags?post=72888"}],"curies":[{"name":"wp","href":"https:\/\/api.w.org\/{rel}","templated":true}]}}