{"id":72893,"date":"2020-01-13T06:47:47","date_gmt":"2020-01-13T11:47:47","guid":{"rendered":"https:\/\/linitiative.ca\/International\/laesvt-section-marrakech-renouvelle-son-bureau-dirigeant\/"},"modified":"2020-01-13T06:47:47","modified_gmt":"2020-01-13T11:47:47","slug":"laesvt-section-marrakech-renouvelle-son-bureau-dirigeant","status":"publish","type":"post","link":"https:\/\/linitiative.ca\/International\/laesvt-section-marrakech-renouvelle-son-bureau-dirigeant\/","title":{"rendered":"L\u2019AESVT- section Marrakech renouvelle son bureau dirigeant"},"content":{"rendered":"<div readability=\"37\">\n<p>Marrakech \u2013 L\u2019Association des Enseignants des Sciences de la Vie et de la Terre (AESVT), section Marrakech a tenu le week-end dernier, son assembl\u00e9e g\u00e9n\u00e9rale ordinaire (AGO) consacr\u00e9e au renouvellement de son bureau dirigeant ainsi qu\u2019\u00e0 la pr\u00e9sentation du bilan de ses activit\u00e9s et r\u00e9alisations au cours du mandat 2017-2019.<\/p>\n<\/div>\n<div readability=\"93\">\n<p>Lors de cette AGO, les membres ont adopt\u00e9, \u00e0 l\u2019unanimit\u00e9, le rapport moral comportant le bilan des activit\u00e9s et les r\u00e9alisations de la Section au cours du mandat 2017-2019, ainsi que le rapport financier contenant un inventaire d\u00e9taill\u00e9 des revenus et des d\u00e9penses de l\u2019Association.<\/p>\n<p>L\u2019approche genre ainsi que la repr\u00e9sentativit\u00e9 des jeunes ont \u00e9t\u00e9 prises en compte lors de la constitution du nouveau bureau dirigeant, indique un communiqu\u00e9 de la section Marrakech de l\u2019AESVT.<\/p>\n<p>Le nouveau bureau dirigeant de cette Association au titre du mandat 2020-2023, est compos\u00e9 de Abdelghani Rochd (pr\u00e9sident), Mohamed Saad Larbi (vice-pr\u00e9sident), Youssef El Gomri (secr\u00e9taire g\u00e9n\u00e9ral), Mohamed Tabarani (vice-secr\u00e9taire g\u00e9n\u00e9ral), Fai\u00e7al Ait Boumallassa (tr\u00e9sorier), Bouchra Razouki (tr\u00e9sori\u00e8re adjointe et coordinatrice de la commission de la didactique des Sciences de la vie et de la terre), Rafika Farahat (coordinatrice de la commission de l\u2019\u00e9ducation sanitaire), Khadija Kaid Rassou (coordinatrice de la commission de l\u2019\u00e9ducation environnementale) et Boujemaa Belhand (coordinateur de la commission de la plaidoirie et de la communication).<\/p>\n<p>La nouvelle \u00e9quipe dirigeante comporte \u00e9galement Abdelhalim Fakihani, Asmaa Bahm, Jihane Ait Laasri, Chourouk Skalli, Miloudi Adlach et Saber Zakaria en tant que conseillers.<\/p>\n<p>Lors de cette AGO, les adh\u00e9rents se sont f\u00e9licit\u00e9s du travail accompli par les membres du bureau sortant ainsi que leur esprit \u00e9lev\u00e9 de responsabilit\u00e9, mettant en relief les r\u00e9alisations de ladite Association au service du syst\u00e8me d\u2019\u00e9ducation et de formation et du d\u00e9veloppement durable.<\/p>\n<p>Les partenaires (Direction r\u00e9gionale de l\u2019environnement de Marrakech-Safi, Direction provinciale de l\u2019\u00e9ducation nationale \u00e0 Marrakech, Conseil de l\u2019arrondissement Gu\u00e9liz, l\u2019Observatoire de la Palmeraie de Marrakech, la coordination r\u00e9gionale de l\u2019Alliance marocaine du climat et du d\u00e9veloppement durable) ont r\u00e9it\u00e9r\u00e9, \u00e0 cette occasion, leur engagement \u00e0 oeuvrer davantage avec l\u2019association et ce, dans le cadre de projets et conventions de partenariat et de coop\u00e9ration.<\/p>\n<p>Cette AGO s\u2019est d\u00e9roul\u00e9e en pr\u00e9sence notamment, des enseignants des Sciences de la Vie et de la Terre issus d\u2019\u00e9tablissements d\u2019\u00e9ducation et de formation et d\u2019enseignement sup\u00e9rieur (Facult\u00e9 des Sciences Semlalia, l\u2019Ecole normale sup\u00e9rieure et le Centre r\u00e9gional des m\u00e9tiers d\u2019\u00e9ducation et de formation de Marrakech-Safi), des encadrants et charg\u00e9s du contr\u00f4le p\u00e9dagogique,\u00a0 des repr\u00e9sentants de l\u2019Acad\u00e9mie R\u00e9gionale d\u2019Education et de Formation (AREF) de Marrakech-Safi, outre le repr\u00e9sentant du Bureau national des associations des enseignants de la vie et de la terre au Maroc, Mohamed Chaouki, en tant que d\u00e9l\u00e9gu\u00e9 du bureau et superviseur des \u00e9lections.<\/p>\n<\/div>\n<p>Auteur: Meriem IGASS<br \/>\n<a href=\"http:\/\/www.mapmarrakech.ma\/fr\/bureau\/\">Cliquez ici pour lire l&rsquo;article depuis sa source.<\/a><\/p>\n","protected":false},"excerpt":{"rendered":"<p>Marrakech \u2013 L\u2019Association des Enseignants des Sciences de la Vie et de la Terre (AESVT), section Marrakech a tenu le week-end dernier, son assembl\u00e9e g\u00e9n\u00e9rale ordinaire (AGO) consacr\u00e9e au renouvellement de son bureau dirigeant ainsi qu\u2019\u00e0 la pr\u00e9sentation du bilan de ses activit\u00e9s et r\u00e9alisations au cours du mandat 2017-2019. Lors de cette AGO, les [&hellip;]<\/p>\n","protected":false},"author":1788,"featured_media":0,"comment_status":"closed","ping_status":"closed","sticky":false,"template":"","format":"standard","meta":{"fifu_image_url":"","fifu_image_alt":"","footnotes":""},"categories":[54,76],"tags":[],"class_list":["post-72893","post","type-post","status-publish","format-standard","hentry","category-maroc","category-regions"],"_links":{"self":[{"href":"https:\/\/linitiative.ca\/International\/wp-json\/wp\/v2\/posts\/72893","targetHints":{"allow":["GET"]}}],"collection":[{"href":"https:\/\/linitiative.ca\/International\/wp-json\/wp\/v2\/posts"}],"about":[{"href":"https:\/\/linitiative.ca\/International\/wp-json\/wp\/v2\/types\/post"}],"author":[{"embeddable":true,"href":"https:\/\/linitiative.ca\/International\/wp-json\/wp\/v2\/users\/1788"}],"replies":[{"embeddable":true,"href":"https:\/\/linitiative.ca\/International\/wp-json\/wp\/v2\/comments?post=72893"}],"version-history":[{"count":0,"href":"https:\/\/linitiative.ca\/International\/wp-json\/wp\/v2\/posts\/72893\/revisions"}],"wp:attachment":[{"href":"https:\/\/linitiative.ca\/International\/wp-json\/wp\/v2\/media?parent=72893"}],"wp:term":[{"taxonomy":"category","embeddable":true,"href":"https:\/\/linitiative.ca\/International\/wp-json\/wp\/v2\/categories?post=72893"},{"taxonomy":"post_tag","embeddable":true,"href":"https:\/\/linitiative.ca\/International\/wp-json\/wp\/v2\/tags?post=72893"}],"curies":[{"name":"wp","href":"https:\/\/api.w.org\/{rel}","templated":true}]}}