{"id":72894,"date":"2020-01-13T04:51:15","date_gmt":"2020-01-13T09:51:15","guid":{"rendered":"https:\/\/linitiative.ca\/International\/el-menea-sinitie-a-la-culture-de-tomates-destinees-aux-conserveries-industrielles\/"},"modified":"2020-01-13T04:51:15","modified_gmt":"2020-01-13T09:51:15","slug":"el-menea-sinitie-a-la-culture-de-tomates-destinees-aux-conserveries-industrielles","status":"publish","type":"post","link":"https:\/\/linitiative.ca\/International\/el-menea-sinitie-a-la-culture-de-tomates-destinees-aux-conserveries-industrielles\/","title":{"rendered":"El M\u00e9n\u00e9a s&rsquo;initie \u00e0 la culture de tomates destin\u00e9es aux conserveries industrielles"},"content":{"rendered":"<div readability=\"38\">\n<p><strong>GHARDAIA &#8211; Un projet pilote d\u2019initiation \u00e0 la culture sous- pivot de tomate destin\u00e9e aux conserveries industrielles est initi\u00e9 pour la premi\u00e8re fois dans la r\u00e9gion d\u2019El M\u00e9n\u00e9a, a affirm\u00e9 lundi l\u2019ing\u00e9nieur en chef, responsable des statistiques \u00e0 la Direction des services agricoles (DSA) de la wilaya de Gharda\u00efa, Khaled Djebrit.<\/strong><\/p>\n<\/div>\n<div readability=\"74.2194213064\">\n<p>Les premiers essais d\u2019introduction de la culture sous-pivot de la tomate fraiche industrielle dans les conditions agro-climatiques de la r\u00e9gion d\u2019El M\u00e9n\u00e9a ont donn\u00e9 des r\u00e9sultats \u00ab\u00a0satisfaisants\u00a0\u00bb, au regard de la r\u00e9colte effectu\u00e9e derni\u00e8rement, a indiqu\u00e9 M. Djebrit.<\/p>\n<blockquote readability=\"10\">\n<p><em><strong>Sur une superficie de 20 hectares d\u00e9di\u00e9e \u00e0 la culture de la tomate en plein Sahara, une production de 7.375 quintaux a \u00e9t\u00e9 r\u00e9colt\u00e9e, a pr\u00e9cis\u00e9 le responsable des statistiques aupr\u00e8s de la DSA de la wilaya de Gharda\u00efa, indiquant qu\u2019elle a atteint un rendement moyen de plus de 368 Qx\/ha.<\/strong><\/em><\/p>\n<\/blockquote>\n<p>Un contrat de production entre l\u2019initiateur de ce projet et un industriel de la tomate concentr\u00e9e de l\u2019Est du pays a \u00e9t\u00e9 concr\u00e9tis\u00e9, permettant ainsi l\u2019\u00e9coulement assur\u00e9 de l\u2019ensemble de la production de tomate, a t-il fait savoir.<\/p>\n<hr\/>\n<h3>Lire aussi:\u00a0<a href=\"http:\/\/www.aps.dz\/economie\/88469-agriculture-appel-a-elargir-les-surfaces-de-culture-de-la-tomate\" target=\"_blank\" rel=\"noopener noreferrer\">Agriculture : Appel \u00e0 \u00e9largir les surfaces de culture de la tomate<\/a><\/h3>\n<hr\/>\n<p>La r\u00e9gion d\u2019El M\u00e9n\u00e9a (275 km au Sud de Gharda\u00efa) qui constitue une zone de pr\u00e9dilection pour la production agricole, a des atouts tr\u00e8s attractifs tels le climat favorable, l\u2019ensoleillement tout au long de l\u2019ann\u00e9e ainsi que la luminosit\u00e9, et ce, sans oublier les ressources hydriques importantes qui permettent le d\u00e9veloppement d\u2019une agriculture strat\u00e9gique, diversifi\u00e9e et vari\u00e9e, selon les services de la DSA.<\/p>\n<p>Plusieurs produits tels les c\u00e9r\u00e9ales, le raisin, la pomme de terre, l\u2019olive et les cultures maraich\u00e8res ainsi que les plantes aromatiques et m\u00e9dicinales ont \u00e9t\u00e9 exp\u00e9riment\u00e9s dans la r\u00e9gion d\u2019El M\u00e9n\u00e9a avec des r\u00e9sultats \u00ab\u00a0probants\u00a0\u00bb, pour peu que soit assur\u00e9 un suivi technique et l&rsquo;introduction de nouvelles technologiques pour optimiser les rendements, estime l\u2019ing\u00e9nieur en chef \u00e0 la DSA.<\/p>\n<blockquote readability=\"9\">\n<p><em><strong>Les agriculteurs du sud alg\u00e9rien p\u00e2tissent d\u2019un d\u00e9ficit en encadrement et en vulgarisation des techniques modernes de culture, ajout\u00e9s \u00e0 un circuit de commercialisation difficile \u00e0 maitriser, a-t-on fait savoir.<\/strong><\/em><\/p>\n<\/blockquote>\n<p>Pour cela les services agricoles s\u2019att\u00e8lent \u00e0 vulgariser les techniques modernes de culture et proposent, en collaboration avec les diff\u00e9rents instituts de formation sp\u00e9cialis\u00e9s dans les diff\u00e9rentes fili\u00e8res agricoles, des cycles de formation de courtes dur\u00e9es au profit des agriculteurs de la r\u00e9gion.<\/p>\n<\/div>\n<p>Auteur:<br \/>\n<a href=\"http:\/\/www.aps.dz\/regions\/100071-el-menea-s-initie-a-la-culture-de-tomates-destinees-aux-conserveries-industrielles\">Cliquez ici pour lire l&rsquo;article depuis sa source.<\/a><\/p>\n","protected":false},"excerpt":{"rendered":"<p>GHARDAIA &#8211; Un projet pilote d\u2019initiation \u00e0 la culture sous- pivot de tomate destin\u00e9e aux conserveries industrielles est initi\u00e9 pour la premi\u00e8re fois dans la r\u00e9gion d\u2019El M\u00e9n\u00e9a, a affirm\u00e9 lundi l\u2019ing\u00e9nieur en chef, responsable des statistiques \u00e0 la Direction des services agricoles (DSA) de la wilaya de Gharda\u00efa, Khaled Djebrit. Les premiers essais d\u2019introduction [&hellip;]<\/p>\n","protected":false},"author":1790,"featured_media":0,"comment_status":"closed","ping_status":"closed","sticky":false,"template":"","format":"standard","meta":{"fifu_image_url":"","fifu_image_alt":"","footnotes":""},"categories":[53,76],"tags":[],"class_list":["post-72894","post","type-post","status-publish","format-standard","hentry","category-algerie","category-regions"],"_links":{"self":[{"href":"https:\/\/linitiative.ca\/International\/wp-json\/wp\/v2\/posts\/72894","targetHints":{"allow":["GET"]}}],"collection":[{"href":"https:\/\/linitiative.ca\/International\/wp-json\/wp\/v2\/posts"}],"about":[{"href":"https:\/\/linitiative.ca\/International\/wp-json\/wp\/v2\/types\/post"}],"author":[{"embeddable":true,"href":"https:\/\/linitiative.ca\/International\/wp-json\/wp\/v2\/users\/1790"}],"replies":[{"embeddable":true,"href":"https:\/\/linitiative.ca\/International\/wp-json\/wp\/v2\/comments?post=72894"}],"version-history":[{"count":0,"href":"https:\/\/linitiative.ca\/International\/wp-json\/wp\/v2\/posts\/72894\/revisions"}],"wp:attachment":[{"href":"https:\/\/linitiative.ca\/International\/wp-json\/wp\/v2\/media?parent=72894"}],"wp:term":[{"taxonomy":"category","embeddable":true,"href":"https:\/\/linitiative.ca\/International\/wp-json\/wp\/v2\/categories?post=72894"},{"taxonomy":"post_tag","embeddable":true,"href":"https:\/\/linitiative.ca\/International\/wp-json\/wp\/v2\/tags?post=72894"}],"curies":[{"name":"wp","href":"https:\/\/api.w.org\/{rel}","templated":true}]}}