{"id":72897,"date":"2020-01-12T14:32:03","date_gmt":"2020-01-12T19:32:03","guid":{"rendered":"https:\/\/linitiative.ca\/International\/la-rsb-sincline-face-au-club-congolais-motema-pembe\/"},"modified":"2020-01-12T14:32:03","modified_gmt":"2020-01-12T19:32:03","slug":"la-rsb-sincline-face-au-club-congolais-motema-pembe","status":"publish","type":"post","link":"https:\/\/linitiative.ca\/International\/la-rsb-sincline-face-au-club-congolais-motema-pembe\/","title":{"rendered":"La RSB s\u2019incline face au club congolais Motema Pembe"},"content":{"rendered":"<div class=\"single-featured\"><img alt=\"\" data-src=\"http:\/\/www.mapoujda.ma\/map\/uploads\/2019\/12\/La-RSB-au-finale-de-la-CAF-M750\u00d7430-MAP-Archive.jpg\"\/><\/div>\n<div class=\"entry-content clearfix single-post-content\" readability=\"42\">\n<p class=\"c4\">La Renaissance de Berkane s\u2019est inclin\u00e9e face au club congolais Motema Pembe lors d\u2019un match comptant pour la 4\u00e8me journ\u00e9e de la Coupe de la Conf\u00e9d\u00e9ration africaine de football (Groupe C), disput\u00e9e dimanche sur la pelouse du Stade des Martyrs de la capitale congolaise Kinshassa.<\/p>\n<p class=\"c4\">En d\u00e9pit de ce r\u00e9sultat, la Renaissance de Berkane conserve la premi\u00e8re position dans le groupe C, ex \u00e6quo avec Motema Pembe avec un total de 7 points, devan\u00e7ant le club zambien Zanaco (6 points) et Adjobi (B\u00e9nin) qui occupe la derni\u00e8re position avec un seul point.<\/p>\n<\/div>\n<p>Auteur: Soufiane ELAHMAR<br \/>\n<a href=\"http:\/\/www.mapoujda.ma\/fr\/la-rsb-sincline-face-au-club-congolais-motema-pembe\/\">Cliquez ici pour lire l&rsquo;article depuis sa source.<\/a><\/p>\n","protected":false},"excerpt":{"rendered":"<p>La Renaissance de Berkane s\u2019est inclin\u00e9e face au club congolais Motema Pembe lors d\u2019un match comptant pour la 4\u00e8me journ\u00e9e de la Coupe de la Conf\u00e9d\u00e9ration africaine de football (Groupe C), disput\u00e9e dimanche sur la pelouse du Stade des Martyrs de la capitale congolaise Kinshassa. En d\u00e9pit de ce r\u00e9sultat, la Renaissance de Berkane conserve [&hellip;]<\/p>\n","protected":false},"author":1788,"featured_media":72898,"comment_status":"closed","ping_status":"closed","sticky":false,"template":"","format":"standard","meta":{"fifu_image_url":"","fifu_image_alt":"","footnotes":""},"categories":[54,76],"tags":[],"class_list":["post-72897","post","type-post","status-publish","format-standard","has-post-thumbnail","hentry","category-maroc","category-regions"],"_links":{"self":[{"href":"https:\/\/linitiative.ca\/International\/wp-json\/wp\/v2\/posts\/72897","targetHints":{"allow":["GET"]}}],"collection":[{"href":"https:\/\/linitiative.ca\/International\/wp-json\/wp\/v2\/posts"}],"about":[{"href":"https:\/\/linitiative.ca\/International\/wp-json\/wp\/v2\/types\/post"}],"author":[{"embeddable":true,"href":"https:\/\/linitiative.ca\/International\/wp-json\/wp\/v2\/users\/1788"}],"replies":[{"embeddable":true,"href":"https:\/\/linitiative.ca\/International\/wp-json\/wp\/v2\/comments?post=72897"}],"version-history":[{"count":0,"href":"https:\/\/linitiative.ca\/International\/wp-json\/wp\/v2\/posts\/72897\/revisions"}],"wp:featuredmedia":[{"embeddable":true,"href":"https:\/\/linitiative.ca\/International\/wp-json\/"}],"wp:attachment":[{"href":"https:\/\/linitiative.ca\/International\/wp-json\/wp\/v2\/media?parent=72897"}],"wp:term":[{"taxonomy":"category","embeddable":true,"href":"https:\/\/linitiative.ca\/International\/wp-json\/wp\/v2\/categories?post=72897"},{"taxonomy":"post_tag","embeddable":true,"href":"https:\/\/linitiative.ca\/International\/wp-json\/wp\/v2\/tags?post=72897"}],"curies":[{"name":"wp","href":"https:\/\/api.w.org\/{rel}","templated":true}]}}