{"id":72899,"date":"2020-01-13T12:10:52","date_gmt":"2020-01-13T17:10:52","guid":{"rendered":"https:\/\/linitiative.ca\/International\/deces-dun-individu-place-en-garde-a-vue-suite-a-un-malaise\/"},"modified":"2020-01-13T12:10:52","modified_gmt":"2020-01-13T17:10:52","slug":"deces-dun-individu-place-en-garde-a-vue-suite-a-un-malaise","status":"publish","type":"post","link":"https:\/\/linitiative.ca\/International\/deces-dun-individu-place-en-garde-a-vue-suite-a-un-malaise\/","title":{"rendered":"D\u00e9c\u00e8s d\u2019un individu plac\u00e9 en garde \u00e0 vue suite \u00e0 un malaise"},"content":{"rendered":"<div class=\"single-featured\"><img alt=\"\" data-src=\"http:\/\/www.mapoujda.ma\/map\/uploads\/2019\/03\/\u0627\u0644\u0645\u062f\u064a\u0631\u064a\u0629-\u0627\u0644\u0639\u0627\u0645\u0629-\u0644\u0644\u0623\u0645\u0646-\u0627\u0644\u0648\u0637\u0646\u064a.jpg\"\/><\/div>\n<div class=\"entry-content clearfix single-post-content\" readability=\"55\">\n<p class=\"c4\">Un individu \u00e2g\u00e9 de 27 ans, plac\u00e9 en garde \u00e0 vue pour avoir caus\u00e9 des d\u00e9g\u00e2ts mat\u00e9riels aux biens d\u2019autrui et pour violence volontaire, est d\u00e9c\u00e9d\u00e9 lundi \u00e0 l\u2019unit\u00e9 de soins intensifs de l\u2019h\u00f4pital provincial de Nador, apprend-on aupr\u00e8s du district provincial de s\u00fbret\u00e9 de la ville.<\/p>\n<p class=\"c4\">Le d\u00e9funt, aux ant\u00e9c\u00e9dents judiciaires pour des crimes violents, a \u00e9t\u00e9 plac\u00e9 en garde \u00e0 vue sur instruction du parquet comp\u00e9tent, avant qu\u2019il ne soit transf\u00e9r\u00e9 \u00e0 l\u2019h\u00f4pital vers 9H30 suite \u00e0 des douleurs \u00e0 la poitrine, rel\u00e8ve la Direction g\u00e9n\u00e9rale de la s\u00fbret\u00e9 nationale (DGSN) dans un communiqu\u00e9, pr\u00e9cisant que la personne en question a rendu l\u2019\u00e2me au sein de l\u2019unit\u00e9 de soins intensifs de l\u2019h\u00f4pital.<\/p>\n<p class=\"c4\">La d\u00e9pouille a \u00e9t\u00e9 transf\u00e9r\u00e9e \u00e0 la morgue pour autopsie afin de d\u00e9terminer les causes du d\u00e9c\u00e8s, alors qu\u2019une enqu\u00eate judiciaire a \u00e9t\u00e9 diligent\u00e9e par la police judiciaire de la ville de Nador, sous la supervision du parquet comp\u00e9tent, conclut le communiqu\u00e9.<\/p>\n<\/div>\n<p>Auteur: Soufiane ELAHMAR<br \/>\n<a href=\"http:\/\/www.mapoujda.ma\/fr\/deces-dun-individu-place-en-garde-a-vue-suite-a-un-malaise\/\">Cliquez ici pour lire l&rsquo;article depuis sa source.<\/a><\/p>\n","protected":false},"excerpt":{"rendered":"<p>Un individu \u00e2g\u00e9 de 27 ans, plac\u00e9 en garde \u00e0 vue pour avoir caus\u00e9 des d\u00e9g\u00e2ts mat\u00e9riels aux biens d\u2019autrui et pour violence volontaire, est d\u00e9c\u00e9d\u00e9 lundi \u00e0 l\u2019unit\u00e9 de soins intensifs de l\u2019h\u00f4pital provincial de Nador, apprend-on aupr\u00e8s du district provincial de s\u00fbret\u00e9 de la ville. Le d\u00e9funt, aux ant\u00e9c\u00e9dents judiciaires pour des crimes [&hellip;]<\/p>\n","protected":false},"author":1788,"featured_media":72900,"comment_status":"closed","ping_status":"closed","sticky":false,"template":"","format":"standard","meta":{"fifu_image_url":"","fifu_image_alt":"","footnotes":""},"categories":[54,76],"tags":[],"class_list":["post-72899","post","type-post","status-publish","format-standard","has-post-thumbnail","hentry","category-maroc","category-regions"],"_links":{"self":[{"href":"https:\/\/linitiative.ca\/International\/wp-json\/wp\/v2\/posts\/72899","targetHints":{"allow":["GET"]}}],"collection":[{"href":"https:\/\/linitiative.ca\/International\/wp-json\/wp\/v2\/posts"}],"about":[{"href":"https:\/\/linitiative.ca\/International\/wp-json\/wp\/v2\/types\/post"}],"author":[{"embeddable":true,"href":"https:\/\/linitiative.ca\/International\/wp-json\/wp\/v2\/users\/1788"}],"replies":[{"embeddable":true,"href":"https:\/\/linitiative.ca\/International\/wp-json\/wp\/v2\/comments?post=72899"}],"version-history":[{"count":0,"href":"https:\/\/linitiative.ca\/International\/wp-json\/wp\/v2\/posts\/72899\/revisions"}],"wp:featuredmedia":[{"embeddable":true,"href":"https:\/\/linitiative.ca\/International\/wp-json\/"}],"wp:attachment":[{"href":"https:\/\/linitiative.ca\/International\/wp-json\/wp\/v2\/media?parent=72899"}],"wp:term":[{"taxonomy":"category","embeddable":true,"href":"https:\/\/linitiative.ca\/International\/wp-json\/wp\/v2\/categories?post=72899"},{"taxonomy":"post_tag","embeddable":true,"href":"https:\/\/linitiative.ca\/International\/wp-json\/wp\/v2\/tags?post=72899"}],"curies":[{"name":"wp","href":"https:\/\/api.w.org\/{rel}","templated":true}]}}