{"id":72901,"date":"2020-01-13T15:14:23","date_gmt":"2020-01-13T20:14:23","guid":{"rendered":"https:\/\/linitiative.ca\/International\/international-real-valverde-sest-excuse-aupres-de-morata\/"},"modified":"2020-01-13T15:14:23","modified_gmt":"2020-01-13T20:14:23","slug":"international-real-valverde-sest-excuse-aupres-de-morata","status":"publish","type":"post","link":"https:\/\/linitiative.ca\/International\/international-real-valverde-sest-excuse-aupres-de-morata\/","title":{"rendered":"International : Real : Valverde s&rsquo;est excus\u00e9 aupr\u00e8s de Morata"},"content":{"rendered":"<div readability=\"32\">\n<p>Auteur : <span class=\"time\">lundi 13 janvier 2020 16:00<\/span><\/p>\n<\/div>\n<div id=\"post_core\" readability=\"46\">\n<p>\u00ab\u00a0Je pense qu&rsquo;y aller avec cette intention est g\u00e9n\u00e9ralement mauvais. Je m&rsquo;excuse aupr\u00e8s d&rsquo;Alvaro. \u00c9videmment, ce n&rsquo;est pas juste ce que j&rsquo;ai fait, mais c&rsquo;\u00e9tait la seule chose que je pouvais faire pour mon \u00e9quipe. (\u2026) J&rsquo;ai essay\u00e9 de faire autre chose mais il est tr\u00e8s rapide, et je n&rsquo;arrivais pas \u00e0 le rattraper. Je me suis excus\u00e9 aupr\u00e8s de lui. Bien s\u00fbr, je suis tr\u00e8s heureux du titre, mais j&rsquo;ai cette petite \u00e9pine dans le pied parce que ce n&rsquo;est pas juste\u00a0\u00bb, a d\u00e9clar\u00e9 le Madril\u00e8ne, nomm\u00e9 homme du match, rapporte Maxifoot. Salu\u00e9 par son entra\u00eeneur Zin\u00e9dine Zidane pour son sacrifice, l&rsquo;Uruguayen a aussi \u00e9t\u00e9 excus\u00e9 par le coach des Colchoneros Diego Simeone.<\/p>\n<p><strong>Publi\u00e9 dans :<\/strong> <span>Real<\/span> <span>morata<\/span> <span>Federico Valverde<\/span><\/p>\n<\/div>\n<p>Auteur:<br \/>\n<a href=\"http:\/\/www.lebuteur.com\/article\/detail?titre=real-valverde-sest-excuse-aupres-de-morata&#038;id=94150&#038;utm_source=feedburner&#038;utm_medium=feed&#038;utm_campaign=Feed%3A+GalerieFArtciles+%28Les+derniers+articles++-+lebuteur.com%29\">Cliquez ici pour lire l&rsquo;article depuis sa source.<\/a><\/p>\n","protected":false},"excerpt":{"rendered":"<p>Auteur : lundi 13 janvier 2020 16:00 \u00ab\u00a0Je pense qu&rsquo;y aller avec cette intention est g\u00e9n\u00e9ralement mauvais. Je m&rsquo;excuse aupr\u00e8s d&rsquo;Alvaro. \u00c9videmment, ce n&rsquo;est pas juste ce que j&rsquo;ai fait, mais c&rsquo;\u00e9tait la seule chose que je pouvais faire pour mon \u00e9quipe. (\u2026) J&rsquo;ai essay\u00e9 de faire autre chose mais il est tr\u00e8s rapide, et [&hellip;]<\/p>\n","protected":false},"author":1738,"featured_media":72902,"comment_status":"closed","ping_status":"closed","sticky":false,"template":"","format":"standard","meta":{"fifu_image_url":"","fifu_image_alt":"","footnotes":""},"categories":[53,75],"tags":[],"class_list":["post-72901","post","type-post","status-publish","format-standard","has-post-thumbnail","hentry","category-algerie","category-sport"],"_links":{"self":[{"href":"https:\/\/linitiative.ca\/International\/wp-json\/wp\/v2\/posts\/72901","targetHints":{"allow":["GET"]}}],"collection":[{"href":"https:\/\/linitiative.ca\/International\/wp-json\/wp\/v2\/posts"}],"about":[{"href":"https:\/\/linitiative.ca\/International\/wp-json\/wp\/v2\/types\/post"}],"author":[{"embeddable":true,"href":"https:\/\/linitiative.ca\/International\/wp-json\/wp\/v2\/users\/1738"}],"replies":[{"embeddable":true,"href":"https:\/\/linitiative.ca\/International\/wp-json\/wp\/v2\/comments?post=72901"}],"version-history":[{"count":0,"href":"https:\/\/linitiative.ca\/International\/wp-json\/wp\/v2\/posts\/72901\/revisions"}],"wp:featuredmedia":[{"embeddable":true,"href":"https:\/\/linitiative.ca\/International\/wp-json\/"}],"wp:attachment":[{"href":"https:\/\/linitiative.ca\/International\/wp-json\/wp\/v2\/media?parent=72901"}],"wp:term":[{"taxonomy":"category","embeddable":true,"href":"https:\/\/linitiative.ca\/International\/wp-json\/wp\/v2\/categories?post=72901"},{"taxonomy":"post_tag","embeddable":true,"href":"https:\/\/linitiative.ca\/International\/wp-json\/wp\/v2\/tags?post=72901"}],"curies":[{"name":"wp","href":"https:\/\/api.w.org\/{rel}","templated":true}]}}