{"id":72903,"date":"2020-01-13T15:14:26","date_gmt":"2020-01-13T20:14:26","guid":{"rendered":"https:\/\/linitiative.ca\/International\/international-barca-le-conseil-dadministration-a-pris-sa-decision-pour-valverde\/"},"modified":"2020-01-13T15:14:26","modified_gmt":"2020-01-13T20:14:26","slug":"international-barca-le-conseil-dadministration-a-pris-sa-decision-pour-valverde","status":"publish","type":"post","link":"https:\/\/linitiative.ca\/International\/international-barca-le-conseil-dadministration-a-pris-sa-decision-pour-valverde\/","title":{"rendered":"International : Bar\u00e7a : Le conseil d&rsquo;administration a pris sa d\u00e9cision pour Valverde"},"content":{"rendered":"<div readability=\"32\">\n<p>Auteur : <span class=\"time\">lundi 13 janvier 2020 19:49<\/span><\/p>\n<\/div>\n<div id=\"post_core\" readability=\"51\">\n<p>Le conseil d\u2019administration du Bar\u00e7a exceptionnellement r\u00e9uni ce lundi soir a pris sa d\u00e9cision quant \u00e0 l\u2019avenir d\u2019Ernesto Valverde sur le banc blaugrana. Le pr\u00e9sident Josep Maria Bartomeu a confirm\u00e9 devant les membres du directoire parmi lesquels Oscar Grau, Eric Abidal et Ramon Planes que le technicien de 55 ans n\u2019\u00e9tait plus l\u2019entra\u00eeneur des Messi et consorts \u00e0 compter de ce jour comme l&rsquo;indique Football.<\/p>\n<p>Un choix relay\u00e9 par les principaux m\u00e9dias sportifs espagnols, AS et Marca en t\u00eate, ESPN pr\u00e9cisant que l\u2019ancien strat\u00e8ge de Bilbao est attendu mardi au centre d\u2019entra\u00eenement catalan pour r\u00e9unir ses affaires et faire ses adieux \u00e0 ses joueurs.<\/p>\n<p>Selon AS, trois profils auraient \u00e9t\u00e9 soumis \u00e0 l\u2019approbation du directoire blaugrana ce lundi soir. Ceux de Mauricio Pochettino (ex-Tottenham), de Quique Setien (ex-Betis) et de Garcia Pimienta, l\u2019actuel entra\u00eeneur de la r\u00e9serve du Bar\u00e7a.<\/p>\n<p><strong>Publi\u00e9 dans :<\/strong> <span>fc barcelone<\/span><\/p>\n<\/div>\n<p>Auteur:<br \/>\n<a href=\"http:\/\/www.lebuteur.com\/article\/detail?titre=barca-le-conseil-dadministration-a-pris-sa-decision-pour-valverde&#038;id=94151&#038;utm_source=feedburner&#038;utm_medium=feed&#038;utm_campaign=Feed%3A+GalerieFArtciles+%28Les+derniers+articles++-+lebuteur.com%29\">Cliquez ici pour lire l&rsquo;article depuis sa source.<\/a><\/p>\n","protected":false},"excerpt":{"rendered":"<p>Auteur : lundi 13 janvier 2020 19:49 Le conseil d\u2019administration du Bar\u00e7a exceptionnellement r\u00e9uni ce lundi soir a pris sa d\u00e9cision quant \u00e0 l\u2019avenir d\u2019Ernesto Valverde sur le banc blaugrana. Le pr\u00e9sident Josep Maria Bartomeu a confirm\u00e9 devant les membres du directoire parmi lesquels Oscar Grau, Eric Abidal et Ramon Planes que le technicien de [&hellip;]<\/p>\n","protected":false},"author":1738,"featured_media":72904,"comment_status":"closed","ping_status":"closed","sticky":false,"template":"","format":"standard","meta":{"fifu_image_url":"","fifu_image_alt":"","footnotes":""},"categories":[53,75],"tags":[],"class_list":["post-72903","post","type-post","status-publish","format-standard","has-post-thumbnail","hentry","category-algerie","category-sport"],"_links":{"self":[{"href":"https:\/\/linitiative.ca\/International\/wp-json\/wp\/v2\/posts\/72903","targetHints":{"allow":["GET"]}}],"collection":[{"href":"https:\/\/linitiative.ca\/International\/wp-json\/wp\/v2\/posts"}],"about":[{"href":"https:\/\/linitiative.ca\/International\/wp-json\/wp\/v2\/types\/post"}],"author":[{"embeddable":true,"href":"https:\/\/linitiative.ca\/International\/wp-json\/wp\/v2\/users\/1738"}],"replies":[{"embeddable":true,"href":"https:\/\/linitiative.ca\/International\/wp-json\/wp\/v2\/comments?post=72903"}],"version-history":[{"count":0,"href":"https:\/\/linitiative.ca\/International\/wp-json\/wp\/v2\/posts\/72903\/revisions"}],"wp:featuredmedia":[{"embeddable":true,"href":"https:\/\/linitiative.ca\/International\/wp-json\/"}],"wp:attachment":[{"href":"https:\/\/linitiative.ca\/International\/wp-json\/wp\/v2\/media?parent=72903"}],"wp:term":[{"taxonomy":"category","embeddable":true,"href":"https:\/\/linitiative.ca\/International\/wp-json\/wp\/v2\/categories?post=72903"},{"taxonomy":"post_tag","embeddable":true,"href":"https:\/\/linitiative.ca\/International\/wp-json\/wp\/v2\/tags?post=72903"}],"curies":[{"name":"wp","href":"https:\/\/api.w.org\/{rel}","templated":true}]}}