{"id":72905,"date":"2020-01-13T15:14:29","date_gmt":"2020-01-13T20:14:29","guid":{"rendered":"https:\/\/linitiative.ca\/International\/international-angers-ait-nouri-opere-avec-succes\/"},"modified":"2020-01-13T15:14:29","modified_gmt":"2020-01-13T20:14:29","slug":"international-angers-ait-nouri-opere-avec-succes","status":"publish","type":"post","link":"https:\/\/linitiative.ca\/International\/international-angers-ait-nouri-opere-avec-succes\/","title":{"rendered":"International : Angers : A\u00eft Nouri op\u00e9r\u00e9 avec succ\u00e8s"},"content":{"rendered":"<div readability=\"32\">\n<p>Auteur : <span class=\"time\">lundi 13 janvier 2020 19:59<\/span><\/p>\n<\/div>\n<div id=\"post_core\" readability=\"38\">\n<p>Brutalement percut\u00e9 par l&rsquo;\u00e9paule droite du Ni\u00e7ois Hicham Boudaoui\u00a0&#8211; un choc qui a occasionn\u00e9 une double fracture de la m\u00e2choire\u00a0&#8211; Rayan A\u00eft-Nouri a \u00e9t\u00e9 op\u00e9r\u00e9 dimanche apr\u00e8s-midi, au lendemain de la rencontre entre Angers et Nice (1-1) comme l&rsquo;indique France Football. \u00ab\u00a0L&rsquo;op\u00e9ration s&rsquo;est bien pass\u00e9e\u00a0\u00bb, a indiqu\u00e9 le club dans un communiqu\u00e9, pr\u00e9cisant que le joueur devrait sortir dans la journ\u00e9e de lundi. Son indisponibilit\u00e9 est estim\u00e9e entre deux mois et demi et trois mois.<\/p>\n<p><strong>Publi\u00e9 dans :<\/strong> <span>Angers<\/span><\/p>\n<\/div>\n<p>Auteur:<br \/>\n<a href=\"http:\/\/www.lebuteur.com\/article\/detail?titre=angers-ait-nouri-opere-avec-succes&#038;id=94152&#038;utm_source=feedburner&#038;utm_medium=feed&#038;utm_campaign=Feed%3A+GalerieFArtciles+%28Les+derniers+articles++-+lebuteur.com%29\">Cliquez ici pour lire l&rsquo;article depuis sa source.<\/a><\/p>\n","protected":false},"excerpt":{"rendered":"<p>Auteur : lundi 13 janvier 2020 19:59 Brutalement percut\u00e9 par l&rsquo;\u00e9paule droite du Ni\u00e7ois Hicham Boudaoui\u00a0&#8211; un choc qui a occasionn\u00e9 une double fracture de la m\u00e2choire\u00a0&#8211; Rayan A\u00eft-Nouri a \u00e9t\u00e9 op\u00e9r\u00e9 dimanche apr\u00e8s-midi, au lendemain de la rencontre entre Angers et Nice (1-1) comme l&rsquo;indique France Football. \u00ab\u00a0L&rsquo;op\u00e9ration s&rsquo;est bien pass\u00e9e\u00a0\u00bb, a indiqu\u00e9 le [&hellip;]<\/p>\n","protected":false},"author":1738,"featured_media":72906,"comment_status":"closed","ping_status":"closed","sticky":false,"template":"","format":"standard","meta":{"fifu_image_url":"","fifu_image_alt":"","footnotes":""},"categories":[53,75],"tags":[],"class_list":["post-72905","post","type-post","status-publish","format-standard","has-post-thumbnail","hentry","category-algerie","category-sport"],"_links":{"self":[{"href":"https:\/\/linitiative.ca\/International\/wp-json\/wp\/v2\/posts\/72905","targetHints":{"allow":["GET"]}}],"collection":[{"href":"https:\/\/linitiative.ca\/International\/wp-json\/wp\/v2\/posts"}],"about":[{"href":"https:\/\/linitiative.ca\/International\/wp-json\/wp\/v2\/types\/post"}],"author":[{"embeddable":true,"href":"https:\/\/linitiative.ca\/International\/wp-json\/wp\/v2\/users\/1738"}],"replies":[{"embeddable":true,"href":"https:\/\/linitiative.ca\/International\/wp-json\/wp\/v2\/comments?post=72905"}],"version-history":[{"count":0,"href":"https:\/\/linitiative.ca\/International\/wp-json\/wp\/v2\/posts\/72905\/revisions"}],"wp:featuredmedia":[{"embeddable":true,"href":"https:\/\/linitiative.ca\/International\/wp-json\/"}],"wp:attachment":[{"href":"https:\/\/linitiative.ca\/International\/wp-json\/wp\/v2\/media?parent=72905"}],"wp:term":[{"taxonomy":"category","embeddable":true,"href":"https:\/\/linitiative.ca\/International\/wp-json\/wp\/v2\/categories?post=72905"},{"taxonomy":"post_tag","embeddable":true,"href":"https:\/\/linitiative.ca\/International\/wp-json\/wp\/v2\/tags?post=72905"}],"curies":[{"name":"wp","href":"https:\/\/api.w.org\/{rel}","templated":true}]}}