{"id":72909,"date":"2020-01-13T15:14:34","date_gmt":"2020-01-13T20:14:34","guid":{"rendered":"https:\/\/linitiative.ca\/International\/pros-mahrez-devoile-son-meilleur-moment-de-lannee-2019\/"},"modified":"2020-01-13T15:14:34","modified_gmt":"2020-01-13T20:14:34","slug":"pros-mahrez-devoile-son-meilleur-moment-de-lannee-2019","status":"publish","type":"post","link":"https:\/\/linitiative.ca\/International\/pros-mahrez-devoile-son-meilleur-moment-de-lannee-2019\/","title":{"rendered":"Pros : Mahrez d\u00e9voile son meilleur moment de l&rsquo;ann\u00e9e 2019"},"content":{"rendered":"<div readability=\"32\">\n<p>Auteur : <span class=\"time\">lundi 13 janvier 2020 20:48<\/span><\/p>\n<\/div>\n<div id=\"post_core\" readability=\"41\">\n<p>Interrog\u00e9 par Dzfoot sur l&rsquo;image la plus marquante de la saison 2019, Mahrez n&rsquo;a pas h\u00e9sit\u00e9 \u00e0 citer le sacre lors de la Coupe d&rsquo;Afrique des Nations :<\/p>\n<p>\u00ab\u00a0Si je devais r\u00e9sumer l&rsquo;ann\u00e9e 2019 en une seule image ? La Coupe d\u2019Afrique ! Plus particuli\u00e8rement, la remise du troph\u00e9e par le pr\u00e9sident de CAF. J\u2019ai ressenti une fiert\u00e9 et une joie car je savais qu\u2019\u00e0 travers ce moment, je rendais fier beaucoup de monde que ce soit en Alg\u00e9rie ou \u00e0 travers le monde. Je garde de ce moment une superbe \u00e9motion.\u00a0\u00bb<\/p>\n<p><strong>Publi\u00e9 dans :<\/strong> <span>Mahrez<\/span><\/p>\n<\/div>\n<p>Auteur:<br \/>\n<a href=\"http:\/\/www.lebuteur.com\/article\/detail?titre=mahrez-devoile-son-meilleur-moment-de-lannee-2019&#038;id=94154&#038;utm_source=feedburner&#038;utm_medium=feed&#038;utm_campaign=Feed%3A+GalerieFArtciles+%28Les+derniers+articles++-+lebuteur.com%29\">Cliquez ici pour lire l&rsquo;article depuis sa source.<\/a><\/p>\n","protected":false},"excerpt":{"rendered":"<p>Auteur : lundi 13 janvier 2020 20:48 Interrog\u00e9 par Dzfoot sur l&rsquo;image la plus marquante de la saison 2019, Mahrez n&rsquo;a pas h\u00e9sit\u00e9 \u00e0 citer le sacre lors de la Coupe d&rsquo;Afrique des Nations : \u00ab\u00a0Si je devais r\u00e9sumer l&rsquo;ann\u00e9e 2019 en une seule image ? La Coupe d\u2019Afrique ! Plus particuli\u00e8rement, la remise du [&hellip;]<\/p>\n","protected":false},"author":1738,"featured_media":72910,"comment_status":"closed","ping_status":"closed","sticky":false,"template":"","format":"standard","meta":{"fifu_image_url":"","fifu_image_alt":"","footnotes":""},"categories":[53,75],"tags":[],"class_list":["post-72909","post","type-post","status-publish","format-standard","has-post-thumbnail","hentry","category-algerie","category-sport"],"_links":{"self":[{"href":"https:\/\/linitiative.ca\/International\/wp-json\/wp\/v2\/posts\/72909","targetHints":{"allow":["GET"]}}],"collection":[{"href":"https:\/\/linitiative.ca\/International\/wp-json\/wp\/v2\/posts"}],"about":[{"href":"https:\/\/linitiative.ca\/International\/wp-json\/wp\/v2\/types\/post"}],"author":[{"embeddable":true,"href":"https:\/\/linitiative.ca\/International\/wp-json\/wp\/v2\/users\/1738"}],"replies":[{"embeddable":true,"href":"https:\/\/linitiative.ca\/International\/wp-json\/wp\/v2\/comments?post=72909"}],"version-history":[{"count":0,"href":"https:\/\/linitiative.ca\/International\/wp-json\/wp\/v2\/posts\/72909\/revisions"}],"wp:featuredmedia":[{"embeddable":true,"href":"https:\/\/linitiative.ca\/International\/wp-json\/"}],"wp:attachment":[{"href":"https:\/\/linitiative.ca\/International\/wp-json\/wp\/v2\/media?parent=72909"}],"wp:term":[{"taxonomy":"category","embeddable":true,"href":"https:\/\/linitiative.ca\/International\/wp-json\/wp\/v2\/categories?post=72909"},{"taxonomy":"post_tag","embeddable":true,"href":"https:\/\/linitiative.ca\/International\/wp-json\/wp\/v2\/tags?post=72909"}],"curies":[{"name":"wp","href":"https:\/\/api.w.org\/{rel}","templated":true}]}}