{"id":72911,"date":"2020-01-13T06:00:00","date_gmt":"2020-01-13T11:00:00","guid":{"rendered":"https:\/\/linitiative.ca\/International\/can-2021-djamel-belmadi-dans-la-delegation-de-la-caf-en-mission-a-yaounde-presse\/"},"modified":"2020-01-13T06:00:00","modified_gmt":"2020-01-13T11:00:00","slug":"can-2021-djamel-belmadi-dans-la-delegation-de-la-caf-en-mission-a-yaounde-presse","status":"publish","type":"post","link":"https:\/\/linitiative.ca\/International\/can-2021-djamel-belmadi-dans-la-delegation-de-la-caf-en-mission-a-yaounde-presse\/","title":{"rendered":"CAN-2021: Djamel Belmadi dans la d\u00e9l\u00e9gation de la CAF en mission \u00e0 Yaound\u00e9  (presse)"},"content":{"rendered":"<p>Inscrite dans le cadre d\u2019une mission d\u2019inspection des infrastructures de la Coupe d\u2019Afrique des Nations (CAN) 2021 et de la CHAN-2020, la d\u00e9l\u00e9gation africaine est aussi compos\u00e9e de grandes personnalit\u00e9s du football africain et d&rsquo;anciennes gloires dont le Nig\u00e9rian Owofen Daniel Amokachi et le pr\u00e9sident du TP Mazembe, Mo\u00efse Katumbi.<\/p>\n<p>Belmadi, vainqueur de la CAN-2019 en Egypte, avait \u00e9t\u00e9 sacr\u00e9 meilleur entra\u00eeneur africain de l\u2019ann\u00e9e 2019 aux r\u00e9cents CAF Awards mardi dernier en Egypte.<\/p>\n<p>Selon les m\u00e9dias camerounais, citant le ministre des sports et de l&rsquo;\u00e9ducation physique, Narcisse Mouelle Kombi \u00a0\u00bb d&rsquo;importantes d\u00e9cisions relatives \u00e0 l&rsquo;organisation du CHAN 2020 et de la CAN 2021 seront prises \u00e0 l&rsquo;issue de cette visite de la d\u00e9l\u00e9gation africaine\u00a0\u00bb.<\/p>\n<p>Au terme de la mission, les dates de la phase finale de la Coupe d&rsquo;Afrique des Nations (CAN-2021) ainsi que le calendrier du CHAN (4-25 avril 2020), seront arr\u00eat\u00e9s, alors que le tirage au sort de cette derni\u00e8re est attendu dans quelques semaines.<\/p>\n<p>Il est \u00e0 rappeler que c&rsquo;est la seconde visite officielle du pr\u00e9sident de la Conf\u00e9d\u00e9ration africaine de football (CAF) Ahmad Ahmad au Camerounapr\u00e8s celle du mois d&rsquo;octobre 2018.(APS)<\/p>\n<p>Auteur: elmoudjahid<br \/>\n<a href=\"http:\/\/www.elmoudjahid.com\/fr\/actualites\/147053\">Cliquez ici pour lire l&rsquo;article depuis sa source.<\/a><\/p>\n","protected":false},"excerpt":{"rendered":"<p>Inscrite dans le cadre d\u2019une mission d\u2019inspection des infrastructures de la Coupe d\u2019Afrique des Nations (CAN) 2021 et de la CHAN-2020, la d\u00e9l\u00e9gation africaine est aussi compos\u00e9e de grandes personnalit\u00e9s du football africain et d&rsquo;anciennes gloires dont le Nig\u00e9rian Owofen Daniel Amokachi et le pr\u00e9sident du TP Mazembe, Mo\u00efse Katumbi. Belmadi, vainqueur de la CAN-2019 [&hellip;]<\/p>\n","protected":false},"author":1744,"featured_media":0,"comment_status":"closed","ping_status":"closed","sticky":false,"template":"","format":"standard","meta":{"fifu_image_url":"","fifu_image_alt":"","footnotes":""},"categories":[73,53],"tags":[],"class_list":["post-72911","post","type-post","status-publish","format-standard","hentry","category-actualite","category-algerie"],"_links":{"self":[{"href":"https:\/\/linitiative.ca\/International\/wp-json\/wp\/v2\/posts\/72911","targetHints":{"allow":["GET"]}}],"collection":[{"href":"https:\/\/linitiative.ca\/International\/wp-json\/wp\/v2\/posts"}],"about":[{"href":"https:\/\/linitiative.ca\/International\/wp-json\/wp\/v2\/types\/post"}],"author":[{"embeddable":true,"href":"https:\/\/linitiative.ca\/International\/wp-json\/wp\/v2\/users\/1744"}],"replies":[{"embeddable":true,"href":"https:\/\/linitiative.ca\/International\/wp-json\/wp\/v2\/comments?post=72911"}],"version-history":[{"count":0,"href":"https:\/\/linitiative.ca\/International\/wp-json\/wp\/v2\/posts\/72911\/revisions"}],"wp:attachment":[{"href":"https:\/\/linitiative.ca\/International\/wp-json\/wp\/v2\/media?parent=72911"}],"wp:term":[{"taxonomy":"category","embeddable":true,"href":"https:\/\/linitiative.ca\/International\/wp-json\/wp\/v2\/categories?post=72911"},{"taxonomy":"post_tag","embeddable":true,"href":"https:\/\/linitiative.ca\/International\/wp-json\/wp\/v2\/tags?post=72911"}],"curies":[{"name":"wp","href":"https:\/\/api.w.org\/{rel}","templated":true}]}}