{"id":72912,"date":"2020-01-13T07:58:00","date_gmt":"2020-01-13T12:58:00","guid":{"rendered":"https:\/\/linitiative.ca\/International\/commerce-baisse-de-lactivite-persiste-au-3e-trimestre-2019-enquete-ons\/"},"modified":"2020-01-13T07:58:00","modified_gmt":"2020-01-13T12:58:00","slug":"commerce-baisse-de-lactivite-persiste-au-3e-trimestre-2019-enquete-ons","status":"publish","type":"post","link":"https:\/\/linitiative.ca\/International\/commerce-baisse-de-lactivite-persiste-au-3e-trimestre-2019-enquete-ons\/","title":{"rendered":"Commerce:  Baisse de l&rsquo;activit\u00e9 persiste au 3e  trimestre 2019 (Enqu\u00eate  ONS)"},"content":{"rendered":"<p>Ce recul de l&rsquo;activit\u00e9 a \u00e9t\u00e9 plus ressenti chez les commer\u00e7ants d\u00e9taillants qui activent, notamment, dans les mati\u00e8res premi\u00e8res et demi-produits, la droguerie, quincaillerie, appareils \u00e9lectrom\u00e9nagers et parfumerie (DQAEMP) ainsi que les machines et mat\u00e9riels d&rsquo;\u00e9quipement.<\/p>\n<p>Pr\u00e8s de 20% des d\u00e9taillants enqu\u00eat\u00e9s se plaignent de l&rsquo;indisponibilit\u00e9 des produits et plus de 28% des grossistes de l&rsquo;\u00e9loignement des sources d&rsquo;approvisionnement de la mati\u00e8re premi\u00e8re.<\/p>\n<p>Plus de la moiti\u00e9 des grossistes et plus de 44% des d\u00e9taillants ont d\u00e9clar\u00e9 avoir enregistr\u00e9 des ruptures de stocks. Les secteurs les plus touch\u00e9s par ce manque sont ceux de l&rsquo;agroalimentaires, de la\u00a0 DQAEMP et des machines et mat\u00e9riels d&rsquo;\u00e9quipement.<\/p>\n<p>L&rsquo;enqu\u00eate indique que la majorit\u00e9 des d\u00e9taillants et grossistes se sont approvisionn\u00e9s aupr\u00e8s du secteur priv\u00e9 uniquement, notamment, ceux de la DQAEMP, des machines et mat\u00e9riels d&rsquo;\u00e9quipement et des textiles.<\/p>\n<p>Par ailleurs, pr\u00e8s de 25% se sont approvisionn\u00e9s aupr\u00e8s des secteurs public et priv\u00e9 \u00e0 la fois, particuli\u00e8rement, ceux de l&rsquo;agroalimentaire, de la mati\u00e8re premi\u00e8re et demi-produits.<\/p>\n<p>Quant aux prix d&rsquo;acquisition des produits, ils ont \u00e9t\u00e9 jug\u00e9s \u00ab\u00a0\u00e9lev\u00e9s\u00a0\u00bb selon plus de 25% des commer\u00e7ants grossistes et plus de 40% des d\u00e9taillants. Les plus touch\u00e9s, par cette hausse des prix, sont ceux de l&rsquo;agroalimentaire, de la DQAEMP et des machines et mat\u00e9riel d&rsquo;\u00e9quipements.<\/p>\n<p>En revanche, le reste des commer\u00e7ants d\u00e9taillants et grossistes jugent les prix \u00ab\u00a0stables\u00a0\u00bb.<\/p>\n<p>Selon l&rsquo;enqu\u00eate, la plupart des commer\u00e7ants (grossistes et d\u00e9taillants) ach\u00e8tent leurs marchandises en premi\u00e8re main.<\/p>\n<p class=\"c7\"><span class=\"c6\">\u00a0<\/span><\/p>\n<p class=\"c7\"><span class=\"c6\"><span class=\"c8\">\u00a0\u00a0\u00a0\u00a0\u00a0\u00a0\u00a0\u00a0\u00a0\u00a0\u00a0<\/span> <strong>Commer\u00e7ants: situation financi\u00e8re moyenne<\/strong><\/span><\/p>\n<p class=\"c7\"><span class=\"c6\">\u00a0<\/span><\/p>\n<p>Le taux de satisfaction des commandes en produits est sup\u00e9rieur \u00e0 50% par rapport aux besoins exprim\u00e9s, selon la majorit\u00e9 des commer\u00e7ants enqu\u00eat\u00e9s, notamment ceux de la mati\u00e8re premi\u00e8re et demi produits et ceux des combustibles et lubrifiants.\u00a0\u00a0\u00a0\u00a0\u00a0\u00a0\u00a0\u00a0<\/p>\n<p>Par ailleurs, l&rsquo;enqu\u00eate a relev\u00e9 que la plupart des commer\u00e7ants est satisfaite de la qualit\u00e9 et du conditionnement des produits de juillet \u00e0 septembre derniers, la demande en produits fabriqu\u00e9s a recul\u00e9 selon les grossistes, notamment ceux de la mati\u00e8re premi\u00e8re et des<\/p>\n<p>demi-produits. En revanche, elle a augment\u00e9 selon les d\u00e9taillants de l&rsquo;agroalimentaire et des machines et mat\u00e9riel d&rsquo;\u00e9quipements.<\/p>\n<p>Selon l\u2019opinion de 28% des grossistes et pr\u00e8s de 30% des d\u00e9taillants, les prix de vente sont jug\u00e9s \u00ab\u00a0\u00e9lev\u00e9s\u00a0\u00bb au 3\u00e8 trimestre 2019 par rapport au trimestre pr\u00e9c\u00e9dent, notamment ceux des combustibles, de la DQAEMP et des textiles.<\/p>\n<p>Quant \u00e0 leur situation financi\u00e8re, elle a \u00e9t\u00e9 jug\u00e9e \u00ab\u00a0moyenne\u00a0\u00bb selon pr\u00e8s de 70% des grossistes et selon pr\u00e8s de 45% des d\u00e9taillants. Plus de 43% des premiers et 5% des seconds ont recouru \u00e0 des cr\u00e9dits bancaires et la plupart n&rsquo;a pas trouv\u00e9 de difficult\u00e9s \u00e0 les contracter, ont soulign\u00e9 les enqu\u00eat\u00e9s.<\/p>\n<p>S&rsquo;agissant des pr\u00e9visions, les commer\u00e7ants grossistes et d\u00e9taillants pr\u00e9voient la poursuite de la baisse de leur activit\u00e9 au cours des prochains mois. (APS)<\/p>\n<p>Auteur: elmoudjahid<br \/>\n<a href=\"http:\/\/www.elmoudjahid.com\/fr\/actualites\/147054\">Cliquez ici pour lire l&rsquo;article depuis sa source.<\/a><\/p>\n","protected":false},"excerpt":{"rendered":"<p>Ce recul de l&rsquo;activit\u00e9 a \u00e9t\u00e9 plus ressenti chez les commer\u00e7ants d\u00e9taillants qui activent, notamment, dans les mati\u00e8res premi\u00e8res et demi-produits, la droguerie, quincaillerie, appareils \u00e9lectrom\u00e9nagers et parfumerie (DQAEMP) ainsi que les machines et mat\u00e9riels d&rsquo;\u00e9quipement. Pr\u00e8s de 20% des d\u00e9taillants enqu\u00eat\u00e9s se plaignent de l&rsquo;indisponibilit\u00e9 des produits et plus de 28% des grossistes de [&hellip;]<\/p>\n","protected":false},"author":1744,"featured_media":0,"comment_status":"closed","ping_status":"closed","sticky":false,"template":"","format":"standard","meta":{"fifu_image_url":"","fifu_image_alt":"","footnotes":""},"categories":[73,53],"tags":[],"class_list":["post-72912","post","type-post","status-publish","format-standard","hentry","category-actualite","category-algerie"],"_links":{"self":[{"href":"https:\/\/linitiative.ca\/International\/wp-json\/wp\/v2\/posts\/72912","targetHints":{"allow":["GET"]}}],"collection":[{"href":"https:\/\/linitiative.ca\/International\/wp-json\/wp\/v2\/posts"}],"about":[{"href":"https:\/\/linitiative.ca\/International\/wp-json\/wp\/v2\/types\/post"}],"author":[{"embeddable":true,"href":"https:\/\/linitiative.ca\/International\/wp-json\/wp\/v2\/users\/1744"}],"replies":[{"embeddable":true,"href":"https:\/\/linitiative.ca\/International\/wp-json\/wp\/v2\/comments?post=72912"}],"version-history":[{"count":0,"href":"https:\/\/linitiative.ca\/International\/wp-json\/wp\/v2\/posts\/72912\/revisions"}],"wp:attachment":[{"href":"https:\/\/linitiative.ca\/International\/wp-json\/wp\/v2\/media?parent=72912"}],"wp:term":[{"taxonomy":"category","embeddable":true,"href":"https:\/\/linitiative.ca\/International\/wp-json\/wp\/v2\/categories?post=72912"},{"taxonomy":"post_tag","embeddable":true,"href":"https:\/\/linitiative.ca\/International\/wp-json\/wp\/v2\/tags?post=72912"}],"curies":[{"name":"wp","href":"https:\/\/api.w.org\/{rel}","templated":true}]}}