{"id":72914,"date":"2020-01-13T08:45:00","date_gmt":"2020-01-13T13:45:00","guid":{"rendered":"https:\/\/linitiative.ca\/International\/le-president-de-la-republique-recoit-lancien-chef-du-gouvernement-mouloud-hamrouche\/"},"modified":"2020-01-13T08:45:00","modified_gmt":"2020-01-13T13:45:00","slug":"le-president-de-la-republique-recoit-lancien-chef-du-gouvernement-mouloud-hamrouche","status":"publish","type":"post","link":"https:\/\/linitiative.ca\/International\/le-president-de-la-republique-recoit-lancien-chef-du-gouvernement-mouloud-hamrouche\/","title":{"rendered":"Le Pr\u00e9sident de la R\u00e9publique re\u00e7oit l&rsquo;ancien chef du Gouvernement Mouloud  Hamrouche"},"content":{"rendered":"<p>Le Pr\u00e9sident de la R\u00e9publique, M. Abdelmadjid Tebboune a re\u00e7u, lundi \u00e0 Alger, l&rsquo;ancien chef du gouvernement le moudjahid Mouloud Hamrouche, indique un communiqu\u00e9 de la pr\u00e9sidence de la R\u00e9publique.<\/p>\n<p>\u00ab\u00a0Cette rencontre s&rsquo;inscrit dans le cadre de la poursuite des consultations lanc\u00e9es par le Pr\u00e9sident de la R\u00e9publique avec des personnalit\u00e9s nationales, des pr\u00e9sidents de partis et des repr\u00e9sentants de la soci\u00e9t\u00e9 civile sur la situation globale du pays et la r\u00e9vision de la Constitution, dont la mission a \u00e9t\u00e9 confi\u00e9e, dans un premier lieu, \u00e0 un comit\u00e9 d&rsquo;experts pr\u00e9sid\u00e9 le professeur universitaire et membre de la Commission du droit international \u00e0 l&rsquo;Organisation des Nations Unies (ONU), Ahmed Laraba\u00a0\u00bb, pr\u00e9cise la m\u00eame source.<\/p>\n<p>\u00ab\u00a0L&rsquo;objectif de ces consultations est l&rsquo;\u00e9dification d&rsquo;une nouvelle R\u00e9publique r\u00e9pondant aux aspirations du peuple et de proc\u00e9der \u00e0 une r\u00e9forme globale de l&rsquo;Etat \u00e0 m\u00eame de consacrer la d\u00e9mocratie dans le cadre d&rsquo;un Etat de droit pr\u00e9servant les droits et les libert\u00e9s des citoyens, un objectif dont M. Tebboune s&rsquo;est engag\u00e9 \u00e0 r\u00e9aliser lors de sa campagne \u00e9lectorale et r\u00e9affirm\u00e9 dans son discours prononc\u00e9 \u00e0 la c\u00e9r\u00e9monie de prestation de serment en tant que Pr\u00e9sident de la R\u00e9publique\u00a0\u00bb, ajoute la m\u00eame source.<\/p>\n<p>\u00ab\u00a0M. Hamrouche a pr\u00e9sent\u00e9 au Pr\u00e9sident de la R\u00e9publique sa vision sur les diff\u00e9rentes questions pos\u00e9es sur la sc\u00e8ne politique, et ce, \u00e0 la lumi\u00e8re de sa longue exp\u00e9rience au service de l&rsquo;Etat ainsi que son suivi des \u00e9v\u00e8nements nationaux en tant qu&rsquo;acteur politique \u00e9minent\u00a0\u00bb, conclut le communiqu\u00e9 de la Pr\u00e9sidence. (APS)<\/p>\n<p>Auteur: elmoudjahid<br \/>\n<a href=\"http:\/\/www.elmoudjahid.com\/fr\/actualites\/147056\">Cliquez ici pour lire l&rsquo;article depuis sa source.<\/a><\/p>\n","protected":false},"excerpt":{"rendered":"<p>Le Pr\u00e9sident de la R\u00e9publique, M. Abdelmadjid Tebboune a re\u00e7u, lundi \u00e0 Alger, l&rsquo;ancien chef du gouvernement le moudjahid Mouloud Hamrouche, indique un communiqu\u00e9 de la pr\u00e9sidence de la R\u00e9publique. \u00ab\u00a0Cette rencontre s&rsquo;inscrit dans le cadre de la poursuite des consultations lanc\u00e9es par le Pr\u00e9sident de la R\u00e9publique avec des personnalit\u00e9s nationales, des pr\u00e9sidents de [&hellip;]<\/p>\n","protected":false},"author":1744,"featured_media":0,"comment_status":"closed","ping_status":"closed","sticky":false,"template":"","format":"standard","meta":{"fifu_image_url":"","fifu_image_alt":"","footnotes":""},"categories":[73,53],"tags":[],"class_list":["post-72914","post","type-post","status-publish","format-standard","hentry","category-actualite","category-algerie"],"_links":{"self":[{"href":"https:\/\/linitiative.ca\/International\/wp-json\/wp\/v2\/posts\/72914","targetHints":{"allow":["GET"]}}],"collection":[{"href":"https:\/\/linitiative.ca\/International\/wp-json\/wp\/v2\/posts"}],"about":[{"href":"https:\/\/linitiative.ca\/International\/wp-json\/wp\/v2\/types\/post"}],"author":[{"embeddable":true,"href":"https:\/\/linitiative.ca\/International\/wp-json\/wp\/v2\/users\/1744"}],"replies":[{"embeddable":true,"href":"https:\/\/linitiative.ca\/International\/wp-json\/wp\/v2\/comments?post=72914"}],"version-history":[{"count":0,"href":"https:\/\/linitiative.ca\/International\/wp-json\/wp\/v2\/posts\/72914\/revisions"}],"wp:attachment":[{"href":"https:\/\/linitiative.ca\/International\/wp-json\/wp\/v2\/media?parent=72914"}],"wp:term":[{"taxonomy":"category","embeddable":true,"href":"https:\/\/linitiative.ca\/International\/wp-json\/wp\/v2\/categories?post=72914"},{"taxonomy":"post_tag","embeddable":true,"href":"https:\/\/linitiative.ca\/International\/wp-json\/wp\/v2\/tags?post=72914"}],"curies":[{"name":"wp","href":"https:\/\/api.w.org\/{rel}","templated":true}]}}