{"id":72915,"date":"2020-01-13T07:58:00","date_gmt":"2020-01-13T12:58:00","guid":{"rendered":"https:\/\/linitiative.ca\/International\/il-regroupera-un-nombre-de-pays-de-lafrique-du-nord-vers-la-creation-dun-reseau-regional-humanitaire\/"},"modified":"2020-01-13T07:58:00","modified_gmt":"2020-01-13T12:58:00","slug":"il-regroupera-un-nombre-de-pays-de-lafrique-du-nord-vers-la-creation-dun-reseau-regional-humanitaire","status":"publish","type":"post","link":"https:\/\/linitiative.ca\/International\/il-regroupera-un-nombre-de-pays-de-lafrique-du-nord-vers-la-creation-dun-reseau-regional-humanitaire\/","title":{"rendered":"Il regroupera un nombre de pays de l\u2019Afrique du nord :   Vers la cr\u00e9ation d\u2019un r\u00e9seau r\u00e9gional humanitaire"},"content":{"rendered":"<p>\u00a0Une r\u00e9flexion pour l\u2019\u00e9tablissement d\u2019un R\u00e9seau R\u00e9gional d&rsquo;Actions Humanitaires a \u00e9t\u00e9 engag\u00e9e et soutenue par les Croissants-Rouges libyen et alg\u00e9rien et commence s\u00e9rieusement \u00e0 prendre forme.<\/p>\n<p>En effet, ce projet qui concerne plus particuli\u00e8rement la Tunisie, le Maroc, l\u2019Egypte, l\u2019Alg\u00e9rie et la Libye tend \u00e0 r\u00e9unir les acteurs de l\u2019humanitaire de la r\u00e9gion sous une seule banni\u00e8re dans le but de \u00ab\u00a0favoriser\u00a0\u00bb, d\u2019une part les \u00e9changes des exp\u00e9riences et, d\u2019autre part, d\u2019\u00eatre \u00ab\u00a0pr\u00eat\u00a0\u00bb face aux enjeux des crises qui peuvent toucher nos pays. \u00ab\u00a0En somme, c\u2019est un projet prometteur et enthousiaste qui conjuguera tous les efforts en mati\u00e8re du travail humanitaire dans l\u2019Afrique du Nord\u00a0\u00bb, a expliqu\u00e9 \u00e0 ce sujet le Secr\u00e9taire g\u00e9n\u00e9ral du Croissant-Rouge libyen, Lundi, lors de la c\u00e9r\u00e9monie de signature d\u2019une convention de partenariat entre son organisation et le CRA.<\/p>\n<p>Maarai Adarssi a fait savoir \u00e0 cette occasion le comit\u00e9 charg\u00e9 de ce projet se r\u00e9unira prochainement et l\u2019annonce de la naissance de ce r\u00e9seau se fera apr\u00e8s le parach\u00e8vement de toutes les modalit\u00e9s de son activit\u00e9. \u00ab\u00a0Ce r\u00e9seau va sans doute permettre d\u2019am\u00e9liorer la qualit\u00e9 et l&rsquo;impact de la coop\u00e9ration de notre r\u00e9gion en mati\u00e8re de solidarit\u00e9 et d\u2019entraide\u00a0\u00bb, a-t-il ajout\u00e9.\u00a0<\/p>\n<p>Ce partenariat vise \u00e9galement, d\u2019apr\u00e8s la pr\u00e9sidente du Croissant-Rouge alg\u00e9rien, Saida Benhabyles, \u00e0 tracer une feuille de route pour faire face \u00e0 toutes les difficult\u00e9s que peuvent rencontrer les Libyens.<\/p>\n<p>Par ailleurs, les deux organisations humanitaires ont sign\u00e9 une convention de solidarit\u00e9, de concertation et d\u2019entraide en mati\u00e8re du travail humanitaire. Qualifiant Alger\u00a0de \u2018\u2018Capitale de l\u2019humanitaire\u2019\u2019, le SG du CRL a confi\u00e9 que ce partenariat porte essentiellement sur la formation, les \u00e9changes d\u2019informations sur l\u2019immigration clandestine, la situation sur les fronti\u00e8res communes et le travail sur le terrain. \u00ab\u00a0Apr\u00e8s 2011, le croissant rouge libyen a acquis une exp\u00e9rience qu\u2019il voudrait partager avec les Alg\u00e9riens \u00bb, a-t-il soutenu.<\/p>\n<p>Cette journ\u00e9e \u00e9tait \u00e9galement l\u2019occasion de l\u2019envoi de la deuxi\u00e8me caravane d\u2019aide humanitaire en direction de Libye, apr\u00e8s celle du 2 janvier dernier. Compos\u00e9e de cinq camions charg\u00e9s notamment de plus de 70 tonnes de produits alimentaires, le cort\u00e8ge s\u2019est dirig\u00e9\u00a0 vers le Sud libyen, dans la ville de Ghat.\u00a0<\/p>\n<p>Les poids-lourds achemineront les dons \u00e0 la base militaire de Boufarik pour \u00eatre charg\u00e9s dans des avions cargos avant de d\u00e9coller aujourd\u2019hui\u00a0 vers Djanet o\u00f9 des camions les attendront pour les transporter \u00e0 la ville frontali\u00e8re libyenne de Ghat. Sur place, le Croissant rouge libyen distribuera les dons aux familles.<\/p>\n<p>Mme Benhabyles a mis en relief les relations de fraternit\u00e9 et de solidarit\u00e9 qui lient nos deux pays. \u00ab La Libye nous a pr\u00eat\u00e9s main forte durant la guerre de lib\u00e9ration. Aujourd\u2019hui qu\u2019elle se trouve dans une situation difficile, il est de notre devoir qu\u2019on vole \u00e0 son secours. C\u2019est un devoir humanitaire et une solidarit\u00e9 exprim\u00e9e par le gouvernement et le peuple alg\u00e9riens \u00bb, a insist\u00e9 la pr\u00e9sidente du CRA.\u00a0<\/p>\n<p>Il est \u00e0 rappeler que sur instruction du Pr\u00e9sident de la R\u00e9publique, l\u2019Alg\u00e9rie avait, achemin\u00e9, au d\u00e9but de cette ann\u00e9e de 2020 plus de 100 tonnes d\u2019aides humanitaires au peuple libyen \u00e0 partir du poste frontalier Tin Alkoum (Djanet). Cette aide urgente est constitu\u00e9e de denr\u00e9es alimentaires, de m\u00e9dicaments, de v\u00eatements, de tentes, de groupes \u00e9lectrog\u00e8nes et autres.<\/p>\n<p class=\"c7\"><span class=\"c6\">Sarah Benali Cherif<\/span><\/p>\n<p>Auteur: elmoudjahid<br \/>\n<a href=\"http:\/\/www.elmoudjahid.com\/fr\/actualites\/147057\">Cliquez ici pour lire l&rsquo;article depuis sa source.<\/a><\/p>\n","protected":false},"excerpt":{"rendered":"<p>\u00a0Une r\u00e9flexion pour l\u2019\u00e9tablissement d\u2019un R\u00e9seau R\u00e9gional d&rsquo;Actions Humanitaires a \u00e9t\u00e9 engag\u00e9e et soutenue par les Croissants-Rouges libyen et alg\u00e9rien et commence s\u00e9rieusement \u00e0 prendre forme. En effet, ce projet qui concerne plus particuli\u00e8rement la Tunisie, le Maroc, l\u2019Egypte, l\u2019Alg\u00e9rie et la Libye tend \u00e0 r\u00e9unir les acteurs de l\u2019humanitaire de la r\u00e9gion sous une [&hellip;]<\/p>\n","protected":false},"author":1744,"featured_media":0,"comment_status":"closed","ping_status":"closed","sticky":false,"template":"","format":"standard","meta":{"fifu_image_url":"","fifu_image_alt":"","footnotes":""},"categories":[73,53],"tags":[],"class_list":["post-72915","post","type-post","status-publish","format-standard","hentry","category-actualite","category-algerie"],"_links":{"self":[{"href":"https:\/\/linitiative.ca\/International\/wp-json\/wp\/v2\/posts\/72915","targetHints":{"allow":["GET"]}}],"collection":[{"href":"https:\/\/linitiative.ca\/International\/wp-json\/wp\/v2\/posts"}],"about":[{"href":"https:\/\/linitiative.ca\/International\/wp-json\/wp\/v2\/types\/post"}],"author":[{"embeddable":true,"href":"https:\/\/linitiative.ca\/International\/wp-json\/wp\/v2\/users\/1744"}],"replies":[{"embeddable":true,"href":"https:\/\/linitiative.ca\/International\/wp-json\/wp\/v2\/comments?post=72915"}],"version-history":[{"count":0,"href":"https:\/\/linitiative.ca\/International\/wp-json\/wp\/v2\/posts\/72915\/revisions"}],"wp:attachment":[{"href":"https:\/\/linitiative.ca\/International\/wp-json\/wp\/v2\/media?parent=72915"}],"wp:term":[{"taxonomy":"category","embeddable":true,"href":"https:\/\/linitiative.ca\/International\/wp-json\/wp\/v2\/categories?post=72915"},{"taxonomy":"post_tag","embeddable":true,"href":"https:\/\/linitiative.ca\/International\/wp-json\/wp\/v2\/tags?post=72915"}],"curies":[{"name":"wp","href":"https:\/\/api.w.org\/{rel}","templated":true}]}}