{"id":72916,"date":"2020-01-13T07:15:08","date_gmt":"2020-01-13T12:15:08","guid":{"rendered":"https:\/\/linitiative.ca\/International\/100085-can-2021-djamel-belmadi-dans-la-delegation-de-la-caf-en-mission-a-yaounde\/"},"modified":"2020-01-13T07:15:08","modified_gmt":"2020-01-13T12:15:08","slug":"100085-can-2021-djamel-belmadi-dans-la-delegation-de-la-caf-en-mission-a-yaounde","status":"publish","type":"post","link":"https:\/\/linitiative.ca\/International\/100085-can-2021-djamel-belmadi-dans-la-delegation-de-la-caf-en-mission-a-yaounde\/","title":{"rendered":"CAN-2021: Djamel Belmadi dans la d\u00e9l\u00e9gation de la CAF en mission \u00e0 Yaound\u00e9"},"content":{"rendered":"<p><span class=\"sp-nh-title\">Criminalisation du discours haineux: les instructions du pr\u00e9sident viennent en temps opportun<\/span> &#8211; <span class=\"sp-nh-date\">lundi 13 janvier 2020 19:43<\/span><\/p>\n<p><span class=\"sp-nh-title\">Imp\u00f4t sur le patrimoine: la DGI envisage un recensement national<\/span> &#8211; <span class=\"sp-nh-date\">lundi 13 janvier 2020 19:29<\/span><\/p>\n<p><span class=\"sp-nh-title\">Deux Alg\u00e9riens parmi les laur\u00e9ats du Prix Sharjah de la cr\u00e9ativit\u00e9 arabe<\/span> &#8211; <span class=\"sp-nh-date\">lundi 13 janvier 2020 19:20<\/span><\/p>\n<p><span class=\"sp-nh-title\">Le G\u00e9n\u00e9ral-Major Sa\u00efd Chanegriha entame une visite d&rsquo;inspection \u00e0 la 4e R\u00e9gion militaire<\/span> &#8211; <span class=\"sp-nh-date\">lundi 13 janvier 2020 19:14<\/span><\/p>\n<p><span class=\"sp-nh-title\">Cessez-le-feu en Libye: Lavrov \u00e9voque un progr\u00e8s dans les n\u00e9gociations<\/span> &#8211; <span class=\"sp-nh-date\">lundi 13 janvier 2020 19:10<\/span><\/p>\n<p><span class=\"sp-nh-title\">Num\u00e9rique: n\u00e9cessit\u00e9 d&rsquo;assises nationales pour d\u00e9finir les axes de d\u00e9veloppement du secteur<\/span> &#8211; <span class=\"sp-nh-date\">lundi 13 janvier 2020 18:51<\/span><\/p>\n<p><span class=\"sp-nh-title\">Le SG du Croissant-Rouge libyen salue la solidarit\u00e9 humanitaire de l&rsquo;Alg\u00e9rie<\/span> &#8211; <span class=\"sp-nh-date\">lundi 13 janvier 2020 18:17<\/span><\/p>\n<p><span class=\"sp-nh-title\">H\u00f4pital de Skikda : suspension des interventions chirurgicales faute de sp\u00e9cialistes<\/span> &#8211; <span class=\"sp-nh-date\">lundi 13 janvier 2020 18:02<\/span><\/p>\n<p><span class=\"sp-nh-title\">Le Croissant-Rouge alg\u00e9rien achemine des aides humanitaires vers la Libye<\/span> &#8211; <span class=\"sp-nh-date\">lundi 13 janvier 2020 17:58<\/span><\/p>\n<p><span class=\"sp-nh-title\">Investissement: \u00e9tablir un rapport entre le niveau des avantages octroy\u00e9s et l&rsquo;incidence sur l&rsquo;\u00e9conomie nationale<\/span> &#8211; <span class=\"sp-nh-date\">lundi 13 janvier 2020 17:58<\/span><\/p>\n<p><span class=\"sp-nh-title\">Ornithologie : Le chanteur d\u2019Afrique observ\u00e9 pour la premi\u00e8re fois en Alg\u00e9rie<\/span> &#8211; <span class=\"sp-nh-date\">lundi 13 janvier 2020 17:36<\/span><\/p>\n<p><span class=\"sp-nh-title\">Boukadoum en visite du 14 au 16 janvier en Arabie saoudite et aux Emirats Arabes Unis<\/span> &#8211; <span class=\"sp-nh-date\">lundi 13 janvier 2020 17:24<\/span><\/p>\n<p><span class=\"sp-nh-title\">Le Croissant-Rouge alg\u00e9rien signe une convention de partenariat avec son homologue libyen<\/span> &#8211; <span class=\"sp-nh-date\">lundi 13 janvier 2020 15:55<\/span><\/p>\n<p><span class=\"sp-nh-title\">JM Oran 2021 : Salim Iles satisfait de la campagne de promotion<\/span> &#8211; <span class=\"sp-nh-date\">lundi 13 janvier 2020 15:26<\/span><\/p>\n<p><span class=\"sp-nh-title\">Le Pr\u00e9sident Tebboune re\u00e7oit l&rsquo;ancien chef du Gouvernement Mouloud Hamrouche<\/span> &#8211; <span class=\"sp-nh-date\">lundi 13 janvier 2020 15:21<\/span><\/p>\n<p><span class=\"sp-nh-title\">R\u00e8glement de la crise en Libye: le cessez-le-feu salu\u00e9 comme un pas important vers la reprise du dialogue<\/span> &#8211; <span class=\"sp-nh-date\">lundi 13 janvier 2020 14:19<\/span><\/p>\n<p><span class=\"sp-nh-title\">Muay Tha\u00ef\/Mondial des poids mouche: l&rsquo;Alg\u00e9rien Mahmoudi aura peut-\u00eatre sa chance<\/span> &#8211; <span class=\"sp-nh-date\">lundi 13 janvier 2020 14:18<\/span><\/p>\n<p><span class=\"sp-nh-title\">Commerce: la baisse de l&rsquo;activit\u00e9 persiste au 3e trimestre 2019<\/span> &#8211; <span class=\"sp-nh-date\">lundi 13 janvier 2020 13:58<\/span><\/p>\n<p><span class=\"sp-nh-title\">Le minist\u00e8re de la Culture met fin aux fonctions du directeur de la Culture de M&rsquo;sila<\/span> &#8211; <span class=\"sp-nh-date\">lundi 13 janvier 2020 13:52<\/span><\/p>\n<p><span class=\"sp-nh-title\">Asphyxie au monoxyde de carbone: 22 d\u00e9c\u00e8s depuis le d\u00e9but de l&rsquo;ann\u00e9e 2020<\/span> &#8211; <span class=\"sp-nh-date\">lundi 13 janvier 2020 13:38<\/span><\/p>\n<p>Auteur:<br \/>\n<a href=\"http:\/\/www.aps.dz\/sport\/100085-can-2021-djamel-belmadi-dans-la-delegation-de-la-caf-en-mission-a-yaounde?utm_source=feedburner&#038;utm_medium=feed&#038;utm_campaign=Feed%3A+aps-sport+%28APS+-+SPORT%29\">Cliquez ici pour lire l&rsquo;article depuis sa source.<\/a><\/p>\n","protected":false},"excerpt":{"rendered":"<p>Criminalisation du discours haineux: les instructions du pr\u00e9sident viennent en temps opportun &#8211; lundi 13 janvier 2020 19:43 Imp\u00f4t sur le patrimoine: la DGI envisage un recensement national &#8211; lundi 13 janvier 2020 19:29 Deux Alg\u00e9riens parmi les laur\u00e9ats du Prix Sharjah de la cr\u00e9ativit\u00e9 arabe &#8211; lundi 13 janvier 2020 19:20 Le G\u00e9n\u00e9ral-Major Sa\u00efd [&hellip;]<\/p>\n","protected":false},"author":1790,"featured_media":0,"comment_status":"closed","ping_status":"closed","sticky":false,"template":"","format":"standard","meta":{"fifu_image_url":"","fifu_image_alt":"","footnotes":""},"categories":[53,75],"tags":[],"class_list":["post-72916","post","type-post","status-publish","format-standard","hentry","category-algerie","category-sport"],"_links":{"self":[{"href":"https:\/\/linitiative.ca\/International\/wp-json\/wp\/v2\/posts\/72916","targetHints":{"allow":["GET"]}}],"collection":[{"href":"https:\/\/linitiative.ca\/International\/wp-json\/wp\/v2\/posts"}],"about":[{"href":"https:\/\/linitiative.ca\/International\/wp-json\/wp\/v2\/types\/post"}],"author":[{"embeddable":true,"href":"https:\/\/linitiative.ca\/International\/wp-json\/wp\/v2\/users\/1790"}],"replies":[{"embeddable":true,"href":"https:\/\/linitiative.ca\/International\/wp-json\/wp\/v2\/comments?post=72916"}],"version-history":[{"count":0,"href":"https:\/\/linitiative.ca\/International\/wp-json\/wp\/v2\/posts\/72916\/revisions"}],"wp:attachment":[{"href":"https:\/\/linitiative.ca\/International\/wp-json\/wp\/v2\/media?parent=72916"}],"wp:term":[{"taxonomy":"category","embeddable":true,"href":"https:\/\/linitiative.ca\/International\/wp-json\/wp\/v2\/categories?post=72916"},{"taxonomy":"post_tag","embeddable":true,"href":"https:\/\/linitiative.ca\/International\/wp-json\/wp\/v2\/tags?post=72916"}],"curies":[{"name":"wp","href":"https:\/\/api.w.org\/{rel}","templated":true}]}}