{"id":72920,"date":"2020-01-13T09:26:57","date_gmt":"2020-01-13T14:26:57","guid":{"rendered":"https:\/\/linitiative.ca\/International\/100094-jm-oran-2021-salim-iles-satisfait-de-la-campagne-de-promotion\/"},"modified":"2020-01-13T09:26:57","modified_gmt":"2020-01-13T14:26:57","slug":"100094-jm-oran-2021-salim-iles-satisfait-de-la-campagne-de-promotion","status":"publish","type":"post","link":"https:\/\/linitiative.ca\/International\/100094-jm-oran-2021-salim-iles-satisfait-de-la-campagne-de-promotion\/","title":{"rendered":"JM Oran 2021 : Salim Iles satisfait de la campagne de promotion"},"content":{"rendered":"<div readability=\"39\">\n<p><strong>BECHAR &#8211; Le directeur g\u00e9n\u00e9ral du comite d\u2019organisation de la 19\u00e8me \u00e9dition des jeux m\u00e9diterran\u00e9ens (COJEM), Iles Salim, s\u2019est d\u00e9clar\u00e9, lundi \u00e0 Taghit (Bechar), \u00ab\u00a0satisfait\u00a0\u00bb des r\u00e9sultats du d\u00e9but officiel de la campagne de promotion et de sensibilisation sur cet \u00e9v\u00e9nement sportif r\u00e9gional pr\u00e9vu \u00e0 Oran du 25 juin au 05 juillet 2021.<\/strong><\/p>\n<\/div>\n<div readability=\"67\">\n<p>\u00ab\u00a0Je suis tr\u00e8s satisfait des r\u00e9sultats enregistr\u00e9s par la campagne nationale de promotion et de sensibilisation sur ces jeux, dont le lancement officiel a eu lieu respectivement \u00e0 Bechar et Taghit, au regard de l\u2019engouement de la population de la r\u00e9gion \u00e0 cette campagne\u00a0\u00bb, a-t-il indiqu\u00e9 \u00e0 l\u2019APS.<\/p>\n<p>Cette campagne a permis depuis son lancement samedi de recruter 150 jeunes volontaires de la r\u00e9gion pour prendre part aux modules d\u2019organisation et d\u00e9roulement de ces joutes du bassin m\u00e9diterran\u00e9ens, inscrite aussi dans un souci de faire participer l\u2019ensemble des enfants du pays \u00e0 la r\u00e9ussite de ces jeux, a-t-il soulign\u00e9.\u00a0\u00a0<\/p>\n<blockquote readability=\"11\">\n<p><em><strong>Cette op\u00e9ration, qui vient aussi en parall\u00e8le avec le triathlon Afrique du nord qui se d\u00e9roule actuellement \u00e0 Taghit (97 km au sud de Bechar) avec la participation de 30 athl\u00e8tes Alg\u00e9riens et 40 autres de diverses nationalit\u00e9s m\u00e9diterran\u00e9ennes, constitue une \u00ab\u00a0r\u00e9p\u00e9tition\u00a0\u00bb des diff\u00e9rents modules d\u2019organisation des prochains jeux m\u00e9diterran\u00e9ens d\u2019Oran, a-t-il dit.<\/strong><\/em><\/p>\n<\/blockquote>\n<p>Initi\u00e9e avec l\u2019association internationale de l\u2019Aviron et la contribution du COJEM et des autorit\u00e9s de la wilaya de Bechar dans trois disciplines sportives (natation, cyclisme et cross) et qui prend fin lundi, cette rencontre sportive est \u00ab\u00a0une aubaine\u00a0\u00bb pour tester l\u2019organisation, en pr\u00e9vision du d\u00e9roulement des prochains jeux m\u00e9diterran\u00e9ens \u00e0 Oran, a expliqu\u00e9 Il\u00e8s Salim.<\/p>\n<p>Le directeur g\u00e9n\u00e9ral du COJEM a aussi annonc\u00e9, \u00e0 l\u2019occasion de sa pr\u00e9sence \u00e0 Bechar dans le cadre de la campagne de promotion et de sensibilisation sur les jeux m\u00e9diterran\u00e9ens d\u2019Oran, la tenue prochaine de la r\u00e9union du bureau international de coordination de ces jeux, qui aura lieu le 19 f\u00e9vrier \u00e0 Oran, au titre des pr\u00e9paratifs de cette rencontre sportive m\u00e9diterran\u00e9enne \u00e0 laquelle prendront part 26 pays du pourtour de la M\u00e9diterran\u00e9e.<\/p>\n<\/div>\n<p>Auteur:<br \/>\n<a href=\"http:\/\/www.aps.dz\/sport\/100094-jm-oran-2021-salim-iles-satisfait-de-la-campagne-de-promotion?utm_source=feedburner&#038;utm_medium=feed&#038;utm_campaign=Feed%3A+aps-sport+%28APS+-+SPORT%29\">Cliquez ici pour lire l&rsquo;article depuis sa source.<\/a><\/p>\n","protected":false},"excerpt":{"rendered":"<p>BECHAR &#8211; Le directeur g\u00e9n\u00e9ral du comite d\u2019organisation de la 19\u00e8me \u00e9dition des jeux m\u00e9diterran\u00e9ens (COJEM), Iles Salim, s\u2019est d\u00e9clar\u00e9, lundi \u00e0 Taghit (Bechar), \u00ab\u00a0satisfait\u00a0\u00bb des r\u00e9sultats du d\u00e9but officiel de la campagne de promotion et de sensibilisation sur cet \u00e9v\u00e9nement sportif r\u00e9gional pr\u00e9vu \u00e0 Oran du 25 juin au 05 juillet 2021. \u00ab\u00a0Je suis [&hellip;]<\/p>\n","protected":false},"author":1790,"featured_media":0,"comment_status":"closed","ping_status":"closed","sticky":false,"template":"","format":"standard","meta":{"fifu_image_url":"","fifu_image_alt":"","footnotes":""},"categories":[53,75],"tags":[],"class_list":["post-72920","post","type-post","status-publish","format-standard","hentry","category-algerie","category-sport"],"_links":{"self":[{"href":"https:\/\/linitiative.ca\/International\/wp-json\/wp\/v2\/posts\/72920","targetHints":{"allow":["GET"]}}],"collection":[{"href":"https:\/\/linitiative.ca\/International\/wp-json\/wp\/v2\/posts"}],"about":[{"href":"https:\/\/linitiative.ca\/International\/wp-json\/wp\/v2\/types\/post"}],"author":[{"embeddable":true,"href":"https:\/\/linitiative.ca\/International\/wp-json\/wp\/v2\/users\/1790"}],"replies":[{"embeddable":true,"href":"https:\/\/linitiative.ca\/International\/wp-json\/wp\/v2\/comments?post=72920"}],"version-history":[{"count":0,"href":"https:\/\/linitiative.ca\/International\/wp-json\/wp\/v2\/posts\/72920\/revisions"}],"wp:attachment":[{"href":"https:\/\/linitiative.ca\/International\/wp-json\/wp\/v2\/media?parent=72920"}],"wp:term":[{"taxonomy":"category","embeddable":true,"href":"https:\/\/linitiative.ca\/International\/wp-json\/wp\/v2\/categories?post=72920"},{"taxonomy":"post_tag","embeddable":true,"href":"https:\/\/linitiative.ca\/International\/wp-json\/wp\/v2\/tags?post=72920"}],"curies":[{"name":"wp","href":"https:\/\/api.w.org\/{rel}","templated":true}]}}