{"id":72921,"date":"2020-01-13T10:51:00","date_gmt":"2020-01-13T15:51:00","guid":{"rendered":"https:\/\/linitiative.ca\/International\/une-ex-ministre-a-tente-de-fuir-vers-la-france\/"},"modified":"2020-01-13T10:51:00","modified_gmt":"2020-01-13T15:51:00","slug":"une-ex-ministre-a-tente-de-fuir-vers-la-france","status":"publish","type":"post","link":"https:\/\/linitiative.ca\/International\/une-ex-ministre-a-tente-de-fuir-vers-la-france\/","title":{"rendered":"Une ex-ministre a tent\u00e9 de fuir vers la France !"},"content":{"rendered":"<p><br id=\"sep_para_1\" class=\"sep_para access\"\/><\/p>\n<div id=\"para_1\" class=\"para_34974522 resize\">\n<div class=\"texte access firstletter\">Le quotidien arabophone Ennahar a indiqu\u00e9 dans une information publi\u00e9e samedi,\u00a0 qu\u2019une ex-ministre du gouvernement de Noureddine Bedoui, vis\u00e9e par une enqu\u00eate pour corruption en Alg\u00e9rie aurait tent\u00e9 de prendre la fuite vers la France. Elle aurait \u00e9t\u00e9 refoul\u00e9e par les services de s\u00e9curit\u00e9 de l\u2019a\u00e9roport international Houari Boumediene, le 4 janvier dernier, quelques heures seulement apr\u00e8s son limogeage du gouvernement. En effet, selon la m\u00eame source qui ne cite pas n\u00e9anmoins l\u2019identit\u00e9 de l\u2019ex-ministre, cette derni\u00e8re aurait planifi\u00e9 sa fuite vers la France apr\u00e8s avoir su qu\u2019elle fait objet d\u2019une enqu\u00eate pour son implication dans plusieurs affaires de corruption.\u00a0 Cette ancienne membre de gouvernement Bedoui a \u00e9t\u00e9 plac\u00e9e sous interdiction de sortir du territoire national (ISTN), le 2 janvier 2020, pr\u00e9cise notre source. Elle aurait r\u00e9serv\u00e9 son vol vers la France avec son passeport personnel.\u00a0 Pour rappel, Houda-Imane Faraoun et Djamila Tamazirt, respectivement, ancienne ministre de la Poste et des TIC et ministre de l&rsquo;industrie, avaient \u00e9t\u00e9 convoqu\u00e9es le 05 janvier dernier, par la brigade de gendarmerie de Bab Jdid \u00e0 Alger.<\/div>\n<\/div>\n<p>Auteur: R\u00e9flexion<br \/>\n<a href=\"https:\/\/www.reflexiondz.net\/Une-ex-ministre-a-tente-de-fuir-vers-la-France-_a59976.html\">Cliquez ici pour lire l&rsquo;article depuis sa source.<\/a><\/p>\n","protected":false},"excerpt":{"rendered":"<p>Le quotidien arabophone Ennahar a indiqu\u00e9 dans une information publi\u00e9e samedi,\u00a0 qu\u2019une ex-ministre du gouvernement de Noureddine Bedoui, vis\u00e9e par une enqu\u00eate pour corruption en Alg\u00e9rie aurait tent\u00e9 de prendre la fuite vers la France. Elle aurait \u00e9t\u00e9 refoul\u00e9e par les services de s\u00e9curit\u00e9 de l\u2019a\u00e9roport international Houari Boumediene, le 4 janvier dernier, quelques heures [&hellip;]<\/p>\n","protected":false},"author":1740,"featured_media":0,"comment_status":"closed","ping_status":"closed","sticky":false,"template":"","format":"standard","meta":{"fifu_image_url":"","fifu_image_alt":"","footnotes":""},"categories":[53,76],"tags":[],"class_list":["post-72921","post","type-post","status-publish","format-standard","hentry","category-algerie","category-regions"],"_links":{"self":[{"href":"https:\/\/linitiative.ca\/International\/wp-json\/wp\/v2\/posts\/72921","targetHints":{"allow":["GET"]}}],"collection":[{"href":"https:\/\/linitiative.ca\/International\/wp-json\/wp\/v2\/posts"}],"about":[{"href":"https:\/\/linitiative.ca\/International\/wp-json\/wp\/v2\/types\/post"}],"author":[{"embeddable":true,"href":"https:\/\/linitiative.ca\/International\/wp-json\/wp\/v2\/users\/1740"}],"replies":[{"embeddable":true,"href":"https:\/\/linitiative.ca\/International\/wp-json\/wp\/v2\/comments?post=72921"}],"version-history":[{"count":0,"href":"https:\/\/linitiative.ca\/International\/wp-json\/wp\/v2\/posts\/72921\/revisions"}],"wp:attachment":[{"href":"https:\/\/linitiative.ca\/International\/wp-json\/wp\/v2\/media?parent=72921"}],"wp:term":[{"taxonomy":"category","embeddable":true,"href":"https:\/\/linitiative.ca\/International\/wp-json\/wp\/v2\/categories?post=72921"},{"taxonomy":"post_tag","embeddable":true,"href":"https:\/\/linitiative.ca\/International\/wp-json\/wp\/v2\/tags?post=72921"}],"curies":[{"name":"wp","href":"https:\/\/api.w.org\/{rel}","templated":true}]}}