{"id":72922,"date":"2020-01-13T10:51:00","date_gmt":"2020-01-13T15:51:00","guid":{"rendered":"https:\/\/linitiative.ca\/International\/limoge-pour-outrage-au-martyr-abane-ramdane\/"},"modified":"2020-01-13T10:51:00","modified_gmt":"2020-01-13T15:51:00","slug":"limoge-pour-outrage-au-martyr-abane-ramdane","status":"publish","type":"post","link":"https:\/\/linitiative.ca\/International\/limoge-pour-outrage-au-martyr-abane-ramdane\/","title":{"rendered":"Limog\u00e9 pour outrage au martyr Abane Ramdane"},"content":{"rendered":"<p><br id=\"sep_para_1\" class=\"sep_para access\"\/><\/p>\n<div id=\"para_1\" class=\"para_34974520 resize\">\n<div class=\"texte access firstletter\">L\u2019agence de presse officielle (APS) a confirm\u00e9 ce lundi que le Directeur de la Culture de la wilaya de M\u2019sila, Rabah Drif, a \u00e9t\u00e9 d\u00e9mis de ses fonctions. En effet, la m\u00eame source\u00a0 pr\u00e9cise que le Directeur de la culture de M\u2019sila a \u00e9t\u00e9 limog\u00e9 par le minist\u00e8re de tutelle pour \u00ab outrage \u00bb \u00e0 l\u2019un des symboles de la Guerre de Lib\u00e9ration nationale. Dans une publication post\u00e9e sur sa page Facebook le 10 janvier dernier, le d\u00e9sormais ex-Directeur de la Culture avait qualifi\u00e9 le martyr Abane Ramdane de \u00ab grand tra\u00eetre de la nation \u00bb, ce qui a suscit\u00e9 de vives r\u00e9actions, notamment sur les r\u00e9seaux sociaux. Par ailleurs, le Pr\u00e9sident de la R\u00e9publique, Abdelmadjid Tebboune, a charg\u00e9 le Premier ministre, Abdelaziz Djerad, d\u2019\u00e9laborer un projet de loi criminalisant les discours de la haine et les incitations au racisme et au r\u00e9gionalisme.<\/div>\n<\/div>\n<p>Auteur: R\u00e9flexion<br \/>\n<a href=\"https:\/\/www.reflexiondz.net\/Limoge-pour-outrage-au-martyr-Abane-Ramdane_a59975.html\">Cliquez ici pour lire l&rsquo;article depuis sa source.<\/a><\/p>\n","protected":false},"excerpt":{"rendered":"<p>L\u2019agence de presse officielle (APS) a confirm\u00e9 ce lundi que le Directeur de la Culture de la wilaya de M\u2019sila, Rabah Drif, a \u00e9t\u00e9 d\u00e9mis de ses fonctions. En effet, la m\u00eame source\u00a0 pr\u00e9cise que le Directeur de la culture de M\u2019sila a \u00e9t\u00e9 limog\u00e9 par le minist\u00e8re de tutelle pour \u00ab outrage \u00bb \u00e0 [&hellip;]<\/p>\n","protected":false},"author":1740,"featured_media":0,"comment_status":"closed","ping_status":"closed","sticky":false,"template":"","format":"standard","meta":{"fifu_image_url":"","fifu_image_alt":"","footnotes":""},"categories":[53,76],"tags":[],"class_list":["post-72922","post","type-post","status-publish","format-standard","hentry","category-algerie","category-regions"],"_links":{"self":[{"href":"https:\/\/linitiative.ca\/International\/wp-json\/wp\/v2\/posts\/72922","targetHints":{"allow":["GET"]}}],"collection":[{"href":"https:\/\/linitiative.ca\/International\/wp-json\/wp\/v2\/posts"}],"about":[{"href":"https:\/\/linitiative.ca\/International\/wp-json\/wp\/v2\/types\/post"}],"author":[{"embeddable":true,"href":"https:\/\/linitiative.ca\/International\/wp-json\/wp\/v2\/users\/1740"}],"replies":[{"embeddable":true,"href":"https:\/\/linitiative.ca\/International\/wp-json\/wp\/v2\/comments?post=72922"}],"version-history":[{"count":0,"href":"https:\/\/linitiative.ca\/International\/wp-json\/wp\/v2\/posts\/72922\/revisions"}],"wp:attachment":[{"href":"https:\/\/linitiative.ca\/International\/wp-json\/wp\/v2\/media?parent=72922"}],"wp:term":[{"taxonomy":"category","embeddable":true,"href":"https:\/\/linitiative.ca\/International\/wp-json\/wp\/v2\/categories?post=72922"},{"taxonomy":"post_tag","embeddable":true,"href":"https:\/\/linitiative.ca\/International\/wp-json\/wp\/v2\/tags?post=72922"}],"curies":[{"name":"wp","href":"https:\/\/api.w.org\/{rel}","templated":true}]}}