{"id":72923,"date":"2020-01-13T10:51:00","date_gmt":"2020-01-13T15:51:00","guid":{"rendered":"https:\/\/linitiative.ca\/International\/ghardaia-6-personnes-secourues-apres-une-asphyxie\/"},"modified":"2020-01-13T10:51:00","modified_gmt":"2020-01-13T15:51:00","slug":"ghardaia-6-personnes-secourues-apres-une-asphyxie","status":"publish","type":"post","link":"https:\/\/linitiative.ca\/International\/ghardaia-6-personnes-secourues-apres-une-asphyxie\/","title":{"rendered":"GHARDAIA   : 6 personnes secourues apr\u00e8s une asphyxie"},"content":{"rendered":"<p><br id=\"sep_para_1\" class=\"sep_para access\"\/><\/p>\n<div id=\"para_1\" class=\"para_34974510 resize\">\n<div class=\"texte access firstletter\">Six personnes d\u2019une m\u00eame famille ont \u00e9t\u00e9 r\u00e9anim\u00e9es dimanche dans la petite localit\u00e9 d\u2019Oued Nechou pr\u00e8s de Ghardaia par les \u00e9l\u00e9ments de la protection civile suite \u00e0 leur inhalation du monoxyde de carbone \u00e9mis par un r\u00e9chaud \u00e0 gaz, a-t-on appris aupr\u00e8s de la protection civile. L\u2019intervention rapide des agents de la protection civile a permis de r\u00e9animer sur place les six personnes (\u00e2g\u00e9es de 2 \u00e0 49 ans) intoxiqu\u00e9es par le monoxyde de carbone, avant de les transf\u00e9rer \u00e0 l\u2019h\u00f4pital Brahim Tirichine de Ghardaia o\u00f9 ils ont re\u00e7u les soins n\u00e9cessaires et ont \u00e9t\u00e9 gard\u00e9es en observation, a-t-on indiqu\u00e9. Selon les m\u00e9decins du service des urgences, contact\u00e9s par l\u2019APS, les victimes de l&rsquo;intoxication sont hors de danger. Pas moins de dix personnes ont \u00e9t\u00e9 victimes d\u2019inhalation de gaz de monoxyde de carbone dans la wilaya de Gharda\u00efa depuis le d\u00e9but de l\u2019ann\u00e9e en cours, dont trois ont succomb\u00e9 \u00e0 l&rsquo;intoxication. Les services de la protection civile lancent un appel aux citoyens pour proc\u00e9der r\u00e9guli\u00e8rement \u00e0 la v\u00e9rification de leurs appareils de chauffage et de chauffe-eau par des sp\u00e9cialistes, afin d\u2019\u00e9viter des accidents et autres incendies domestiques.\u00a0\u00a0\u00a0\u00a0\u00a0\u00a0\u00a0\u00a0\u00a0\u00a0\u00a0\u00a0\u00a0\u00a0\u00a0<\/div>\n<\/div>\n<p>Auteur: Nadine<br \/>\n<a href=\"https:\/\/www.reflexiondz.net\/GHARDAIA-6-personnes-secourues-apres-une-asphyxie_a59972.html\">Cliquez ici pour lire l&rsquo;article depuis sa source.<\/a><\/p>\n","protected":false},"excerpt":{"rendered":"<p>Six personnes d\u2019une m\u00eame famille ont \u00e9t\u00e9 r\u00e9anim\u00e9es dimanche dans la petite localit\u00e9 d\u2019Oued Nechou pr\u00e8s de Ghardaia par les \u00e9l\u00e9ments de la protection civile suite \u00e0 leur inhalation du monoxyde de carbone \u00e9mis par un r\u00e9chaud \u00e0 gaz, a-t-on appris aupr\u00e8s de la protection civile. L\u2019intervention rapide des agents de la protection civile a [&hellip;]<\/p>\n","protected":false},"author":1740,"featured_media":0,"comment_status":"closed","ping_status":"closed","sticky":false,"template":"","format":"standard","meta":{"fifu_image_url":"","fifu_image_alt":"","footnotes":""},"categories":[53,76],"tags":[],"class_list":["post-72923","post","type-post","status-publish","format-standard","hentry","category-algerie","category-regions"],"_links":{"self":[{"href":"https:\/\/linitiative.ca\/International\/wp-json\/wp\/v2\/posts\/72923","targetHints":{"allow":["GET"]}}],"collection":[{"href":"https:\/\/linitiative.ca\/International\/wp-json\/wp\/v2\/posts"}],"about":[{"href":"https:\/\/linitiative.ca\/International\/wp-json\/wp\/v2\/types\/post"}],"author":[{"embeddable":true,"href":"https:\/\/linitiative.ca\/International\/wp-json\/wp\/v2\/users\/1740"}],"replies":[{"embeddable":true,"href":"https:\/\/linitiative.ca\/International\/wp-json\/wp\/v2\/comments?post=72923"}],"version-history":[{"count":0,"href":"https:\/\/linitiative.ca\/International\/wp-json\/wp\/v2\/posts\/72923\/revisions"}],"wp:attachment":[{"href":"https:\/\/linitiative.ca\/International\/wp-json\/wp\/v2\/media?parent=72923"}],"wp:term":[{"taxonomy":"category","embeddable":true,"href":"https:\/\/linitiative.ca\/International\/wp-json\/wp\/v2\/categories?post=72923"},{"taxonomy":"post_tag","embeddable":true,"href":"https:\/\/linitiative.ca\/International\/wp-json\/wp\/v2\/tags?post=72923"}],"curies":[{"name":"wp","href":"https:\/\/api.w.org\/{rel}","templated":true}]}}