{"id":72927,"date":"2020-01-13T15:47:16","date_gmt":"2020-01-13T20:47:16","guid":{"rendered":"https:\/\/linitiative.ca\/International\/tebboune-veut-proscrire-le-discours-de-la-haine\/"},"modified":"2020-01-13T15:47:16","modified_gmt":"2020-01-13T20:47:16","slug":"tebboune-veut-proscrire-le-discours-de-la-haine","status":"publish","type":"post","link":"https:\/\/linitiative.ca\/International\/tebboune-veut-proscrire-le-discours-de-la-haine\/","title":{"rendered":"Tebboune veut proscrire le discours de la haine"},"content":{"rendered":"<p>La lutte contre le discours de la haine est devenue de nos jours imp\u00e9rative au vu de la\u00a0gravit\u00e9 des cons\u00e9quences de ce genre d\u2019agression \u00e0 la coh\u00e9sion sociale de mani\u00e8re g\u00e9n\u00e9rale. Notre soci\u00e9t\u00e9 n\u2019est pas en reste de ce ph\u00e9nom\u00e8ne, qui prend de plus en plus d\u2019ampleur et menace le tissu social.<br \/>Un ph\u00e9nom\u00e8ne qui a atteint son paroxysme durant le hirak avec moult d\u00e9rapages sur les plateaux de t\u00e9l\u00e9vision et les r\u00e9seaux sociaux.<br \/>C\u2019est dans cette logique que s\u2019inscrit l\u2019instruction du pr\u00e9sident la R\u00e9publique, Abdelmadjid Tebboune, ce lundi 13 janvier 2020 au Premier ministre Abdelaziz Djerad, d\u2019\u00e9laborer un projet de loi criminalisant toutes le formes de racisme, de r\u00e9gionalisme et discours de la haine dans le pays, selon un communiqu\u00e9 de la pr\u00e9sidence de la R\u00e9publique.<br \/>On explique que cette mesure intervient apr\u00e8s constat d\u2019une recrudescence du discours de la haine et de l\u2019incitation \u00e0 la discorde, notamment \u00e0 travers les m\u00e9dias dits alternatifs.\u00a0Le texte de loi en question, indique-t-on, aura pour objectif aussi de faire face \u00e0 toute personne exploitant la libert\u00e9 et le caract\u00e8re pacifique du mouvement populaire pour brandir des slogans portant atteinte \u00e0 la coh\u00e9sion nationale.<br \/>\u00ab\u00a0Tout un chacun est appel\u00e9 \u00e0 se conformer \u00e0 la Constitution et aux lois de la R\u00e9publique, notamment le respect des constantes de la Nation et de ses valeurs, les principales composantes de l\u2019identit\u00e9 et de l\u2019unit\u00e9 nationales, ainsi que les symboles de l\u2019Etat et du peuple\u00a0\u00bb, conclut le communiqu\u00e9 de la pr\u00e9sidence de la R\u00e9publique.<br \/>Il faut dire que les d\u00e9rapages versant dans la haine et l\u2019incitation \u00e0 la discorde se sont multipli\u00e9s ces derniers temps et que les propos tenus par le directeur de la Culture de la wilaya de M\u2019sila Rabah Drif, d\u00e9nigrant le chahid Abane Ramdane le traitant de \u00ab\u00a0grand tra\u00eetre\u00a0\u00bb, ont \u00e9t\u00e9 la goutte qui a fait d\u00e9border le vase. Une d\u00e9rive qui lui a valu le limogeage quelques heures apr\u00e8s la publication de ses invectives et de graves accusations sur son compte Facebook.<br \/>Ainsi, la loi sur la criminalisation de tout propos relevant de l\u2019invective, de la haine et de la discorde, permettra de renforcer la protection des libert\u00e9s individuelles et collectives, qui font souvent l\u2019objet d\u2019attaques horribles, injustifi\u00e9es et d\u2018intol\u00e9rance d\u00e9lib\u00e9r\u00e9e, malgr\u00e9 leur garantie par la Constitution.<br \/>Car ces pratiques odieuses s\u2019exercent sous plusieurs formes, ciblent diverses cat\u00e9gories sociales tels les groupes religieux, certaines minorit\u00e9s, les femmes et tout ce que l\u2019on qualifie de \u00ab\u00a0l\u2019autre\u00a0\u00bb.<br \/>On r\u00e9alise plus l\u2019utilit\u00e9 publique de cette mesure quand on sait la nocivit\u00e9 et la dangerosit\u00e9 de ces discours dans d\u2019autres contr\u00e9es, et qui ont conduit \u00e0 des guerres larv\u00e9es, puis civiles et \u00e0 des g\u00e9nocides.<br \/>Il va falloir donc prendre des dispositions coercitives contre tout acte relevant de l\u2019incitation \u00e0 la haine, accompagn\u00e9es surtout d\u2019un travail de pr\u00e9vention dans le souci de stopper ce ph\u00e9nom\u00e8ne \u00e0 sa germination et jusqu\u2019\u00e0 son \u00e9radication totale de la soci\u00e9t\u00e9.<br \/>Il faut dire que plusieurs d\u00e9rapages ont \u00e9t\u00e9 enregistr\u00e9s tout au long du hirak, qui en est \u00e0 son onzi\u00e8me mois, allant jusqu\u2019\u00e0 cr\u00e9er un clivage au sein du mouvement de contestation populaire.<br \/>\u00c0 ce sujet, le professeur politologue Driss Cherif a indiqu\u00e9 que \u00ab\u00a0les m\u00e9dias audiovisuels et les r\u00e9seaux sociaux ont produit et v\u00e9hicul\u00e9 un discours haineux et tr\u00e8s dangereux, qui a \u00e9t\u00e9 \u00e0 l\u2019origine d\u2019actes de violence dans certaines wilayas par des groupes de \u00ab\u00a0baltaguia\u00a0\u00bb contre les manifestants lors de la 45e marche citoyenne.<br \/>Des d\u00e9rapages qui n\u2019ont pas suscit\u00e9 de r\u00e9action de l\u2019Autorit\u00e9 de r\u00e9gulation de l\u2019audiovisuel (l\u2019ARAV), celle-ci n\u2019ayant pas jug\u00e9 utile de mettre un terme au torrent haineux diffus\u00e9 en continu et en toute impunit\u00e9 par des cha\u00eenes de t\u00e9l\u00e9vision. D\u2019o\u00f9 le limogeage r\u00e9cent de son pr\u00e9sident et son remplacement par Mohamed Louber, un expert en droit et en audiovisuel. Les parquets, \u00e9tant aussi aux abonn\u00e9s absents, n\u2019ont pas r\u00e9agi face aux d\u00e9rapages verbaux. Durant ces dix mois, presque tout le monde a failli.<\/p>\n<p>Auteur: Boudjedri<br \/>\n<a href=\"http:\/\/www.jeune-independant.net\/Tebboune-veut-proscrire-le.html\">Cliquez ici pour lire l&rsquo;article depuis sa source.<\/a><\/p>\n","protected":false},"excerpt":{"rendered":"<p>La lutte contre le discours de la haine est devenue de nos jours imp\u00e9rative au vu de la\u00a0gravit\u00e9 des cons\u00e9quences de ce genre d\u2019agression \u00e0 la coh\u00e9sion sociale de mani\u00e8re g\u00e9n\u00e9rale. Notre soci\u00e9t\u00e9 n\u2019est pas en reste de ce ph\u00e9nom\u00e8ne, qui prend de plus en plus d\u2019ampleur et menace le tissu social.Un ph\u00e9nom\u00e8ne qui a [&hellip;]<\/p>\n","protected":false},"author":1737,"featured_media":0,"comment_status":"closed","ping_status":"closed","sticky":false,"template":"","format":"standard","meta":{"fifu_image_url":"","fifu_image_alt":"","footnotes":""},"categories":[73,53],"tags":[],"class_list":["post-72927","post","type-post","status-publish","format-standard","hentry","category-actualite","category-algerie"],"_links":{"self":[{"href":"https:\/\/linitiative.ca\/International\/wp-json\/wp\/v2\/posts\/72927","targetHints":{"allow":["GET"]}}],"collection":[{"href":"https:\/\/linitiative.ca\/International\/wp-json\/wp\/v2\/posts"}],"about":[{"href":"https:\/\/linitiative.ca\/International\/wp-json\/wp\/v2\/types\/post"}],"author":[{"embeddable":true,"href":"https:\/\/linitiative.ca\/International\/wp-json\/wp\/v2\/users\/1737"}],"replies":[{"embeddable":true,"href":"https:\/\/linitiative.ca\/International\/wp-json\/wp\/v2\/comments?post=72927"}],"version-history":[{"count":0,"href":"https:\/\/linitiative.ca\/International\/wp-json\/wp\/v2\/posts\/72927\/revisions"}],"wp:attachment":[{"href":"https:\/\/linitiative.ca\/International\/wp-json\/wp\/v2\/media?parent=72927"}],"wp:term":[{"taxonomy":"category","embeddable":true,"href":"https:\/\/linitiative.ca\/International\/wp-json\/wp\/v2\/categories?post=72927"},{"taxonomy":"post_tag","embeddable":true,"href":"https:\/\/linitiative.ca\/International\/wp-json\/wp\/v2\/tags?post=72927"}],"curies":[{"name":"wp","href":"https:\/\/api.w.org\/{rel}","templated":true}]}}