{"id":72929,"date":"2020-01-13T06:10:00","date_gmt":"2020-01-13T11:10:00","guid":{"rendered":"https:\/\/linitiative.ca\/International\/kais-saied-maintiendra-t-il-imed-derouiche-a-la-defense-nationale-et-khaled-sehili-aux-affaires-etrangeres-dans-le-prochain-gouvernement\/"},"modified":"2020-01-13T06:10:00","modified_gmt":"2020-01-13T11:10:00","slug":"kais-saied-maintiendra-t-il-imed-derouiche-a-la-defense-nationale-et-khaled-sehili-aux-affaires-etrangeres-dans-le-prochain-gouvernement","status":"publish","type":"post","link":"https:\/\/linitiative.ca\/International\/kais-saied-maintiendra-t-il-imed-derouiche-a-la-defense-nationale-et-khaled-sehili-aux-affaires-etrangeres-dans-le-prochain-gouvernement\/","title":{"rendered":"Kais Saied maintiendra-t-il Imed Derouiche \u00e0 la D\u00e9fense nationale et Khaled Sehili, aux Affaires \u00e9trang\u00e8res, dans le prochain gouvernement ?"},"content":{"rendered":"<p>Qui parmi les ministres et secr\u00e9taires d\u2019Etat figurant dans le gouvernement avort\u00e9 de <a href=\"https:\/\/www.leaders.com.tn\/article\/28529-habib-jemli-vie-et-defis\" target=\"_blank\" rel=\"noopener noreferrer\">Habib Jeml<\/a>i seront rep\u00each\u00e9s dans la nouvelle \u00e9quipe \u00e0 former ? A moins de les \u00e9liminer tous, par principe, ce qui serait difficile \u00e0 envisager, certains rescap\u00e9s gardent leurs chances de faire partie du futur gouvernement. Des \u00ab s\u00e9niors \u00bb comme le Pr Mustapha Ferjani (Sant\u00e9), <a href=\"https:\/\/www.leaders.com.tn\/article\/28673-qui-est-fadhel-abdelkefi-le-nouveau-ministre-du-developpement-de-l-investissement-et-de-la-cooperation-internationale\" target=\"_blank\" rel=\"noopener noreferrer\">Fadhel Abdelk\u00e9fi<\/a> (MDCI), <a href=\"https:\/\/www.leaders.com.tn\/article\/28776-sayed-blel-ministre-des-affaires-sociales-sa-grande-specialite\" target=\"_blank\" rel=\"noopener noreferrer\">Sayed Blel<\/a> (Affaires sociales), <a href=\"https:\/\/www.leaders.com.tn\/article\/28773-abderrahmane-kochtali-nouveau-ministre-des-finances-il-connait-bien-deja-chaque-recoin-du-ministere\">Abderrahmane Khochtali<\/a> (Finances) et <a href=\"https:\/\/www.leaders.com.tn\/article\/28731-qui-est-mongi-marzoug\" target=\"_blank\" rel=\"noopener noreferrer\">Mongi Marzoug<\/a> (Industrie, Energie et Mines), ou des jeunes, \u00e0 l\u2019instar de <a href=\"https:\/\/www.leaders.com.tn\/article\/28794-chiraz-tlili-premiere-femme-ministre-originaire-de-kasserine\" target=\"_blank\" rel=\"noopener noreferrer\">Chiraz Tlili<\/a> (Fonction publique et Lutte contre la malversation) et <a href=\"https:\/\/www.leaders.com.tn\/article\/28840-qui-est-sami-smaoui-propose-au-poste-de-ministre-des-technologies-de-l-information-et-de-l-economie-numerique\" target=\"_blank\" rel=\"noopener noreferrer\">Sami Smaoui<\/a> (Tics), ainsi que d&rsquo;autres, offrent de bons profils.<\/p>\n<p>Deux ministres de souverainet\u00e9 constituent cependant un cas particulier. Il s\u2019agit de <a href=\"https:\/\/www.leaders.com.tn\/article\/28829-qui-est-imed-derouiche-nomme-ministre-de-la-defense-nationale\" target=\"_blank\" rel=\"noopener noreferrer\">Imed Derouiche<\/a>, propos\u00e9 \u00e0 la D\u00e9fense nationale et <a href=\"https:\/\/www.leaders.com.tn\/article\/28770-qui-est-khaled-sehili-nouveau-ministre-des-affaires-etrangeres\" target=\"_blank\" rel=\"noopener noreferrer\">Khaled Sehili<\/a>, devant diriger les Affaires \u00e9trang\u00e8res. Choisis tous deux par le Chef du Gouvernement en concertation avec le Pr\u00e9sident de la R\u00e9publique (article 89 de la Constitution), ils sont cens\u00e9s b\u00e9n\u00e9ficier d\u2019avance de l\u2019approbation du pr\u00e9sident de la R\u00e9publique. Selon des informations concordantes, c\u2019est le pr\u00e9sident Sa\u00efed lui-m\u00eame qui les a recommand\u00e9s \u00e0 <a href=\"https:\/\/www.leaders.com.tn\/article\/28529-habib-jemli-vie-et-defis\" target=\"_blank\" rel=\"noopener noreferrer\">Habib Jemli<\/a>. Ce \u00ab parrainage \u00bb, plus qu&rsquo;un avis favorable, s\u2019est-il \u00e9teint avec l\u2019avortement du gouvernement Jemli ou servira-t-il de \u00ab visa \u00bb garanti d\u2019office \u00e0 Derouiche et Sehili pour rejoindre le prochain gouvernement ? Ceux qui connaissent Kais Saied affirment qu\u2019il est ferme sur ses engagements. A moins que&#8230;<br \/>\u00a0<\/p>\n<p>Auteur:<br \/>\n<a href=\"https:\/\/www.leaders.com.tn\/article\/28863-kais-saied-maintiendra-t-il-imed-derouiche-a-la-defense-nationale-et-khaled-sehili-aux-affaires-etrangeres-dans-le-prochain-gouvernement\">Cliquez ici pour lire l&rsquo;article depuis sa source.<\/a><\/p>\n","protected":false},"excerpt":{"rendered":"<p>Qui parmi les ministres et secr\u00e9taires d\u2019Etat figurant dans le gouvernement avort\u00e9 de Habib Jemli seront rep\u00each\u00e9s dans la nouvelle \u00e9quipe \u00e0 former ? A moins de les \u00e9liminer tous, par principe, ce qui serait difficile \u00e0 envisager, certains rescap\u00e9s gardent leurs chances de faire partie du futur gouvernement. Des \u00ab s\u00e9niors \u00bb comme le [&hellip;]<\/p>\n","protected":false},"author":1772,"featured_media":0,"comment_status":"closed","ping_status":"closed","sticky":false,"template":"","format":"standard","meta":{"fifu_image_url":"","fifu_image_alt":"","footnotes":""},"categories":[73,55],"tags":[],"class_list":["post-72929","post","type-post","status-publish","format-standard","hentry","category-actualite","category-tunisie"],"_links":{"self":[{"href":"https:\/\/linitiative.ca\/International\/wp-json\/wp\/v2\/posts\/72929","targetHints":{"allow":["GET"]}}],"collection":[{"href":"https:\/\/linitiative.ca\/International\/wp-json\/wp\/v2\/posts"}],"about":[{"href":"https:\/\/linitiative.ca\/International\/wp-json\/wp\/v2\/types\/post"}],"author":[{"embeddable":true,"href":"https:\/\/linitiative.ca\/International\/wp-json\/wp\/v2\/users\/1772"}],"replies":[{"embeddable":true,"href":"https:\/\/linitiative.ca\/International\/wp-json\/wp\/v2\/comments?post=72929"}],"version-history":[{"count":0,"href":"https:\/\/linitiative.ca\/International\/wp-json\/wp\/v2\/posts\/72929\/revisions"}],"wp:attachment":[{"href":"https:\/\/linitiative.ca\/International\/wp-json\/wp\/v2\/media?parent=72929"}],"wp:term":[{"taxonomy":"category","embeddable":true,"href":"https:\/\/linitiative.ca\/International\/wp-json\/wp\/v2\/categories?post=72929"},{"taxonomy":"post_tag","embeddable":true,"href":"https:\/\/linitiative.ca\/International\/wp-json\/wp\/v2\/tags?post=72929"}],"curies":[{"name":"wp","href":"https:\/\/api.w.org\/{rel}","templated":true}]}}