{"id":72932,"date":"2020-01-13T09:45:00","date_gmt":"2020-01-13T14:45:00","guid":{"rendered":"https:\/\/linitiative.ca\/International\/oman-feu-le-sultan-de-qabous-ibn-said-et-la-tunisie\/"},"modified":"2020-01-13T09:45:00","modified_gmt":"2020-01-13T14:45:00","slug":"oman-feu-le-sultan-de-qabous-ibn-said-et-la-tunisie","status":"publish","type":"post","link":"https:\/\/linitiative.ca\/International\/oman-feu-le-sultan-de-qabous-ibn-said-et-la-tunisie\/","title":{"rendered":"Oman, feu le sultan de Qabous ibn Sa\u00efd et la Tunisie"},"content":{"rendered":"<p>Ce sultan, d\u00e9c\u00e9d\u00e9 le 10 janvier, \u00e9tait un \u00ab dictateur \u00e9clair\u00e9 \u00bb\u2026 et un tr\u00e8s bon ami de la Tunisie de Bourguiba. Mais qui s\u2019en est souvenu hier ou aujourd\u2019hui ?<\/p>\n<p>Nos sites officiels\u00a0 \u2013 publics \u2013 ont effac\u00e9 leur m\u00e9moire : rien sur le site pr\u00e9sidentiel \u2013 la moindre des choses aurait \u00e9t\u00e9 de rappeler \u00e0 l\u2019occasion de la visite \u00ab \u00e9clair \u00bb de Ka\u00efs Saied \u00e0 Oman (12\/1) notre coop\u00e9ration bilat\u00e9rale exceptionnelle ; rien aussi sur le site des Affaires \u00e9trang\u00e8res ; rien dans la presse tunisienne\u2026<\/p>\n<p>Pourtant, l\u2019histoire ne s\u2019efface jamais, sauf pour les ignorants qui veulent le rester\u2026<\/p>\n<p>Alors, je vous rappelle quelques souvenirs personnels. J\u2019ai connu un diplomate \u2013 Hassan Fodha \u2013 qui a \u00e9t\u00e9 notamment ambassadeur d\u2019Oman aupr\u00e8s des Nations unies et qui ne manquait pas d\u2019\u00e9loge sur les rapports entre nos deux pays.<\/p>\n<p class=\"c2\"><img decoding=\"async\" src=\"\/uploads\/FCK_files\/Kabous-et-Bourguiba-moy.jpg\" alt=\"\" width=\"100%\" vspace=\"5\" hspace=\"5\" align=\"middle\"\/><\/p>\n<p>Oman \u00e9tait une colonie britannique depuis 1891. En 1970, \u00e0 30 ans, le fils du sultan \u00e9vince son archa\u00efque p\u00e8re et prend le tr\u00f4ne. Il exige l\u2019ind\u00e9pendance de Londres et l\u2019obtient (1971) et il se met en t\u00eate d\u2019unifier son pays (Mascate et Oman), de le moderniser son pays, avec les ressources p\u00e9troli\u00e8res qui avait commenc\u00e9 en 1967 et dont son p\u00e8re ne se souciait pas\u2026<\/p>\n<p>Le jeune sultan n\u2019avait pas assez de moyens humains et il se tourna \u2013 naturellement \u2013 vers un pays \u00ab mod\u00e8le \u00bb, la Tunisie de Bourguiba : mod\u00e8le dans sa neutralit\u00e9 entre l\u2019Est et l\u2019Ouest, mod\u00e8le dans sa politique \u00e9ducationnelle et familiale, au top de la diplomatie arabe\u2026 Bourguiba r\u00e9pondit oui et lui donna tout ce qu\u2019il pouvait : des enseignants, des diplomates\u2026 La coop\u00e9ration \u00e9tait exemplaire et sans a priori religieux. Oman est connu pour sa mouvance religieuse \u2013 ibadite \u2013 tol\u00e9rante et ouverte. Loin du wahhabisme ambiant et des fr\u00e8res musulmans environnants\u2026 Il est toujours rest\u00e9 \u00e0 l\u2019\u00e9cart des soubresauts du Moyen-Orient. Il n\u2019a pas \u00ab produit \u00bb le moindre djihadiste \u00e0 ce jour\u2026<\/p>\n<p>Pourquoi ne dit-on rien aujourd\u2019hui sur cette relation exemplaire ? Ni sur comment elle a \u00e9volu\u00e9 ? Sommes-nous devenus si oublieux de notre histoire contemporaine ?<\/p>\n<p class=\"c3\"><strong>Samir Gharbi<\/strong><br \/>\u00a0<\/p>\n<p>Auteur:<br \/>\n<a href=\"https:\/\/www.leaders.com.tn\/article\/28867-oman-feu-le-sultan-de-qabous-ibn-said-et-la-tunisie\">Cliquez ici pour lire l&rsquo;article depuis sa source.<\/a><\/p>\n","protected":false},"excerpt":{"rendered":"<p>Ce sultan, d\u00e9c\u00e9d\u00e9 le 10 janvier, \u00e9tait un \u00ab dictateur \u00e9clair\u00e9 \u00bb\u2026 et un tr\u00e8s bon ami de la Tunisie de Bourguiba. Mais qui s\u2019en est souvenu hier ou aujourd\u2019hui ? Nos sites officiels\u00a0 \u2013 publics \u2013 ont effac\u00e9 leur m\u00e9moire : rien sur le site pr\u00e9sidentiel \u2013 la moindre des choses aurait \u00e9t\u00e9 de [&hellip;]<\/p>\n","protected":false},"author":1772,"featured_media":72933,"comment_status":"closed","ping_status":"closed","sticky":false,"template":"","format":"standard","meta":{"fifu_image_url":"","fifu_image_alt":"","footnotes":""},"categories":[73,55],"tags":[],"class_list":["post-72932","post","type-post","status-publish","format-standard","has-post-thumbnail","hentry","category-actualite","category-tunisie"],"_links":{"self":[{"href":"https:\/\/linitiative.ca\/International\/wp-json\/wp\/v2\/posts\/72932","targetHints":{"allow":["GET"]}}],"collection":[{"href":"https:\/\/linitiative.ca\/International\/wp-json\/wp\/v2\/posts"}],"about":[{"href":"https:\/\/linitiative.ca\/International\/wp-json\/wp\/v2\/types\/post"}],"author":[{"embeddable":true,"href":"https:\/\/linitiative.ca\/International\/wp-json\/wp\/v2\/users\/1772"}],"replies":[{"embeddable":true,"href":"https:\/\/linitiative.ca\/International\/wp-json\/wp\/v2\/comments?post=72932"}],"version-history":[{"count":0,"href":"https:\/\/linitiative.ca\/International\/wp-json\/wp\/v2\/posts\/72932\/revisions"}],"wp:featuredmedia":[{"embeddable":true,"href":"https:\/\/linitiative.ca\/International\/wp-json\/"}],"wp:attachment":[{"href":"https:\/\/linitiative.ca\/International\/wp-json\/wp\/v2\/media?parent=72932"}],"wp:term":[{"taxonomy":"category","embeddable":true,"href":"https:\/\/linitiative.ca\/International\/wp-json\/wp\/v2\/categories?post=72932"},{"taxonomy":"post_tag","embeddable":true,"href":"https:\/\/linitiative.ca\/International\/wp-json\/wp\/v2\/tags?post=72932"}],"curies":[{"name":"wp","href":"https:\/\/api.w.org\/{rel}","templated":true}]}}