{"id":72934,"date":"2020-01-13T14:44:00","date_gmt":"2020-01-13T19:44:00","guid":{"rendered":"https:\/\/linitiative.ca\/International\/commemoration-de-la-revolution-dans-un-climat-de-morosite-la-democratie-cest-dur\/"},"modified":"2020-01-13T14:44:00","modified_gmt":"2020-01-13T19:44:00","slug":"commemoration-de-la-revolution-dans-un-climat-de-morosite-la-democratie-cest-dur","status":"publish","type":"post","link":"https:\/\/linitiative.ca\/International\/commemoration-de-la-revolution-dans-un-climat-de-morosite-la-democratie-cest-dur\/","title":{"rendered":"Comm\u00e9moration de la r\u00e9volution dans un climat de morosit\u00e9: la d\u00e9mocratie, c&rsquo;est dur"},"content":{"rendered":"<p>Pendant 8 ans, on avait comm\u00e9mor\u00e9 la r\u00e9volution du 14 janvier 2011 sur fond de d\u00e9senchantement face \u00e0 une crise multiforme qui ne fait que s&rsquo;aggraver Ce sera malheureusement le cas cette ann\u00e9e aussi. A mesure que les ann\u00e9es passent, on prend de plus en plus conscience du prix \u00e0 payer pour passer de la dictature \u00e0 la d\u00e9mocratie. On s\u2019aper\u00e7oit que celle-ci n&rsquo;est pas la panac\u00e9e. Au surplus, cette libert\u00e9 que nous ch\u00e9rissons tant ne se d\u00e9cr\u00e8te pas. Elle n\u00e9cessite un long apprentissage, une nouvelle mentalit\u00e9, des sacrifices et surtout elle n\u2019a pas que des avantages, puisq&rsquo;elle peut devenir une v\u00e9ritable mal\u00e9diction si on en abuse.<\/p>\n<p>C&rsquo;est ce \u00e0 quoi Churchill voulait attirer notre attention quand il a d\u00e9fini la d\u00e9mocratie comme le pire de\u00a0 syst\u00e8mes \u00e0 l&rsquo;exception de tous les autres. La d\u00e9mocratie, c&rsquo;est la ma\u00eetrise de soi, c&rsquo;est la rationalit\u00e9, c&rsquo;est la mod\u00e9ration, c&rsquo;est la tol\u00e9rance, c&rsquo;est le rejet de la violence, c&rsquo;est le patriotisme, c&rsquo;est toute une culture que nous n&rsquo;avons pas encore. Ce qui ne veut pas dire qu&rsquo;elle est hors de notre port\u00e9e. Au contraire, de par notre histoire, notre homog\u00e9n\u00e9it\u00e9, notre temp\u00e9rament pacifique qui privil\u00e9gie les solutions pacifiques et les compromis,\u00a0 nous sommes peut-\u00eatre le peuple arabe le mieux qualifi\u00e9 pour y acc\u00e9der. Il suffit de faire les efforts qu&rsquo;elle requiert.<\/p>\n<p>Auteur:<br \/>\n<a href=\"https:\/\/www.leaders.com.tn\/article\/28869-commemoration-de-la-revolution-dans-un-climat-morosite-la-democratie-c-est-dur\">Cliquez ici pour lire l&rsquo;article depuis sa source.<\/a><\/p>\n","protected":false},"excerpt":{"rendered":"<p>Pendant 8 ans, on avait comm\u00e9mor\u00e9 la r\u00e9volution du 14 janvier 2011 sur fond de d\u00e9senchantement face \u00e0 une crise multiforme qui ne fait que s&rsquo;aggraver Ce sera malheureusement le cas cette ann\u00e9e aussi. A mesure que les ann\u00e9es passent, on prend de plus en plus conscience du prix \u00e0 payer pour passer de la [&hellip;]<\/p>\n","protected":false},"author":1772,"featured_media":0,"comment_status":"closed","ping_status":"closed","sticky":false,"template":"","format":"standard","meta":{"fifu_image_url":"","fifu_image_alt":"","footnotes":""},"categories":[73,55],"tags":[],"class_list":["post-72934","post","type-post","status-publish","format-standard","hentry","category-actualite","category-tunisie"],"_links":{"self":[{"href":"https:\/\/linitiative.ca\/International\/wp-json\/wp\/v2\/posts\/72934","targetHints":{"allow":["GET"]}}],"collection":[{"href":"https:\/\/linitiative.ca\/International\/wp-json\/wp\/v2\/posts"}],"about":[{"href":"https:\/\/linitiative.ca\/International\/wp-json\/wp\/v2\/types\/post"}],"author":[{"embeddable":true,"href":"https:\/\/linitiative.ca\/International\/wp-json\/wp\/v2\/users\/1772"}],"replies":[{"embeddable":true,"href":"https:\/\/linitiative.ca\/International\/wp-json\/wp\/v2\/comments?post=72934"}],"version-history":[{"count":0,"href":"https:\/\/linitiative.ca\/International\/wp-json\/wp\/v2\/posts\/72934\/revisions"}],"wp:attachment":[{"href":"https:\/\/linitiative.ca\/International\/wp-json\/wp\/v2\/media?parent=72934"}],"wp:term":[{"taxonomy":"category","embeddable":true,"href":"https:\/\/linitiative.ca\/International\/wp-json\/wp\/v2\/categories?post=72934"},{"taxonomy":"post_tag","embeddable":true,"href":"https:\/\/linitiative.ca\/International\/wp-json\/wp\/v2\/tags?post=72934"}],"curies":[{"name":"wp","href":"https:\/\/api.w.org\/{rel}","templated":true}]}}