{"id":72938,"date":"2020-01-13T05:00:00","date_gmt":"2020-01-13T10:00:00","guid":{"rendered":"https:\/\/linitiative.ca\/International\/livoirien-assie-koua-vivien-boycotte-lentrainement\/"},"modified":"2020-01-13T05:00:00","modified_gmt":"2020-01-13T10:00:00","slug":"livoirien-assie-koua-vivien-boycotte-lentrainement","status":"publish","type":"post","link":"https:\/\/linitiative.ca\/International\/livoirien-assie-koua-vivien-boycotte-lentrainement\/","title":{"rendered":"L\u2019Ivoirien Assie Koua Vivien boycotte l\u2019entra\u00eenement"},"content":{"rendered":"<p>Le d\u00e9fenseur ivoirien du MC Oran, Assie Koua Vivien boude son \u00e9quipe depuis la s\u00e9ance de la reprise effectu\u00e9e mercredi pass\u00e9, pour protester contre la non r\u00e9gularisation de sa situation financi\u00e8re, a-t-on appris de la direction de ce club de Ligue 1. Le joueur, qui a rejoint le MCO en janvier 2019, n\u2019a pas per\u00e7u quatre salaires jusque-l\u00e0, a indiqu\u00e9 la m\u00eame source, d\u00e9plorant son attitude \u00abqui intervient avant un match important qui attend l\u2019\u00e9quipe sur le terrain de la JS Kabylie\u00bb dans le cadre de la mise \u00e0 jour du championnat. La direction du club phare de la capitale de l\u2019Ouest a fait savoir, dans un communiqu\u00e9 publi\u00e9 sur sa page Facebook officielle, que l\u2019int\u00e9ress\u00e9 refuse de reprendre l\u2019entra\u00eenement avant de percevoir son d\u00fb. Dans les milieux du \u00abMouloudia\u00bb aussi, l\u2019on craint que Assie Koua Vivien ne campe sur sa position et saisisse la F\u00e9d\u00e9ration internationale de football (Fifa), comme l\u2019ont fait plusieurs joueurs \u00e9trangers ayant \u00e9volu\u00e9 dans le championnat alg\u00e9rien, non sans causer d\u2019\u00e9normes probl\u00e8mes \u00e0 leurs clubs respectifs. En tout cas, la situation financi\u00e8re pr\u00e9valant actuellement au MCO ne permet pas de satisfaire \u00e0 la dol\u00e9ance de l&rsquo;arri\u00e8re central ivoirien, surtout que tous ses autres co\u00e9quipiers se trouvent dans la m\u00eame situation. Raison pour laquelle aussi, l\u2019effectif oranais avait observ\u00e9 une gr\u00e8ve mardi dernier, rappelle- t-on. Par ailleurs, la direction du MCO a annonc\u00e9 \u00e9galement la r\u00e9siliation \u00e0 l&rsquo;amiable du contrat de l&rsquo;attaquant Amine Hamia, arriv\u00e9 l\u2019\u00e9t\u00e9 dernier au club en provenance de l&rsquo;USM Alger. Hamia, qui a tr\u00e8s peu jou\u00e9 avec les \u00abRouge et Blanc\u00bb a d\u00fb rembourser 1 million DA de la somme qu\u2019il avait prise lors de la signature de son contrat pour obtenir son bon de sortie, souligne-t-on de m\u00eame source.<\/p>\n<p>Auteur:<br \/>\n<a href=\"https:\/\/www.lesoirdalgerie.com\/sports\/livoirien-assie-koua-vivien-boycotte-lentrainement-36865\">Cliquez ici pour lire l&rsquo;article depuis sa source.<\/a><\/p>\n","protected":false},"excerpt":{"rendered":"<p>Le d\u00e9fenseur ivoirien du MC Oran, Assie Koua Vivien boude son \u00e9quipe depuis la s\u00e9ance de la reprise effectu\u00e9e mercredi pass\u00e9, pour protester contre la non r\u00e9gularisation de sa situation financi\u00e8re, a-t-on appris de la direction de ce club de Ligue 1. Le joueur, qui a rejoint le MCO en janvier 2019, n\u2019a pas per\u00e7u [&hellip;]<\/p>\n","protected":false},"author":1741,"featured_media":0,"comment_status":"closed","ping_status":"closed","sticky":false,"template":"","format":"standard","meta":{"fifu_image_url":"","fifu_image_alt":"","footnotes":""},"categories":[73,53],"tags":[],"class_list":["post-72938","post","type-post","status-publish","format-standard","hentry","category-actualite","category-algerie"],"_links":{"self":[{"href":"https:\/\/linitiative.ca\/International\/wp-json\/wp\/v2\/posts\/72938","targetHints":{"allow":["GET"]}}],"collection":[{"href":"https:\/\/linitiative.ca\/International\/wp-json\/wp\/v2\/posts"}],"about":[{"href":"https:\/\/linitiative.ca\/International\/wp-json\/wp\/v2\/types\/post"}],"author":[{"embeddable":true,"href":"https:\/\/linitiative.ca\/International\/wp-json\/wp\/v2\/users\/1741"}],"replies":[{"embeddable":true,"href":"https:\/\/linitiative.ca\/International\/wp-json\/wp\/v2\/comments?post=72938"}],"version-history":[{"count":0,"href":"https:\/\/linitiative.ca\/International\/wp-json\/wp\/v2\/posts\/72938\/revisions"}],"wp:attachment":[{"href":"https:\/\/linitiative.ca\/International\/wp-json\/wp\/v2\/media?parent=72938"}],"wp:term":[{"taxonomy":"category","embeddable":true,"href":"https:\/\/linitiative.ca\/International\/wp-json\/wp\/v2\/categories?post=72938"},{"taxonomy":"post_tag","embeddable":true,"href":"https:\/\/linitiative.ca\/International\/wp-json\/wp\/v2\/tags?post=72938"}],"curies":[{"name":"wp","href":"https:\/\/api.w.org\/{rel}","templated":true}]}}