{"id":72939,"date":"2020-01-13T05:00:00","date_gmt":"2020-01-13T10:00:00","guid":{"rendered":"https:\/\/linitiative.ca\/International\/youssef-belaili-la-redemption-du-fennec\/"},"modified":"2020-01-13T05:00:00","modified_gmt":"2020-01-13T10:00:00","slug":"youssef-belaili-la-redemption-du-fennec","status":"publish","type":"post","link":"https:\/\/linitiative.ca\/International\/youssef-belaili-la-redemption-du-fennec\/","title":{"rendered":"Youssef Bela\u00efli, la r\u00e9demption du Fennec"},"content":{"rendered":"<p>N\u00e9 le 14 mars 1992 \u00e0 Oran en Alg\u00e9rie, et jusqu\u2019\u00e0 l\u2019\u00e2ge de 15 ans, il impressionne son club formateur, le RCG Oran. Jet\u00e9 trop t\u00f4t dans le grand bain dans le prestigieux club du MC Oran, Youcef Bela\u00efli peine \u00e0 trouver sa place et surtout \u00e0 confirmer tous les espoirs plac\u00e9s en lui. Il d\u00e9cide de quitter le MC Oran pour rejoindre CA Bordj Bou-Arr\u00e9ridj en D1 alg\u00e9rienne, o\u00f9 il touche d\u00e9j\u00e0 \u00e9norm\u00e9ment d\u2019argent.<br \/>\u00c0 18 ans et loin de sa famille, Bela\u00efli ne r\u00e9ussit pas son int\u00e9gration et ne joue que 4 matchs, pour aucun but marqu\u00e9. Pourtant dans le viseur de l\u2019ES S\u00e9tif, son p\u00e8re Hafid Bela\u00efli parvient \u00e0 le rapatrier \u00e0 Oran. De retour au MC Oran sous les ordres de Ch\u00e9rif El-Ouazani, il r\u00e9int\u00e8gre l\u2019\u00e9quipe premi\u00e8re. Son talent et son efficacit\u00e9 reviennent peu \u00e0 peu, et il inscrit 16 buts et d\u00e9livre 10 passes d\u00e9cisives en 47 matchs, en deux saisons pass\u00e9es sous le maillot oranais. Sa carri\u00e8re commence alors \u00e0 exploser au point d\u2019\u00eatre appel\u00e9 avec la s\u00e9lection olympique alg\u00e9rienne, dirig\u00e9e par Azzedine A\u00eft-Djoudi, et joue la CAN U23 avec l\u2019Alg\u00e9rie, alors qu\u2019il n\u2019a encore que 20 ans. Apr\u00e8s cette CAN U23, Bela\u00efli est plus que jamais sous le feu des projecteurs. Il attise toutes les convoitises en Afrique, mais \u00e9galement en Europe o\u00f9 le Stade Malherbe de Caen fait tout pour le faire venir. Mais contre tout attente, Bela\u00efli refuse tous les appels du pied de l\u2019Europe, et s\u2019engage finalement avec l\u2019Esp\u00e9rance de Tunis pour remplacer Youssef M\u2019Sakni. Du c\u00f4t\u00e9 de Tunis, il se constitue un palmar\u00e8s en remportant 2 fois le championnat en 2012 et 2014 et joue une finale de Ligue des Champions, perdue face \u00e0 Al Ahly. Durant cette p\u00e9riode, il sera \u00e9lu meilleur joueur de l\u2019Esp\u00e9rance en 2012 et meilleur espoir alg\u00e9rien. Alors qu\u2019il est au top de sa forme, Bela\u00efli va voir son ascension stopp\u00e9e net par une affaire extra-sportive. Arriv\u00e9 \u00e0 Angers gr\u00e2ce \u00e0 son pr\u00e9sident alg\u00e9rien Sa\u00efd Chabane, il ne s\u2019impose pas en France et ne dispute qu\u2019une rencontre. Il d\u00e9cide de retourner l\u00e0 o\u00f9 il s&rsquo;est forg\u00e9 une belle r\u00e9putation : l\u2019Esp\u00e9rance. C\u2019est \u00e0 ce moment que Bela\u00efli entame sa renaissance. Apr\u00e8s une saison 2018 plus que r\u00e9ussie avec 6 buts et 10 passes d\u00e9cisives en 28 matchs, il est sacr\u00e9 champion de Tunisie et d\u2019Afrique avec les Sang et Or. Rebelote en 2019, avec une tr\u00e8s grosse prestation face au Wydad en finale, ponctu\u00e9e d\u2019un but. Une saison qui le fait retrouver la s\u00e9lection nationale, au meilleur moment, avant la CAN-2019 en \u00c9gypte. De retour avec les Fennecs depuis le 18 novembre face au Togo, il marque son premier but en s\u00e9lection face au Mali le 16 juin 2019. Titulaire surprise devant Brahimi en Egypte, il inscrit deux buts pendant la comp\u00e9tition, donc celui victorieux face au S\u00e9n\u00e9gal pour prendre la t\u00eate du groupe. Un troph\u00e9e qu\u2019il soul\u00e8vera avec son pays quelques semaines plus tard, pour cl\u00f4turer une renaissance en laquelle beaucoup doutaient. Cons\u00e9cration ultime pour lui, ce troph\u00e9e du meilleur joueur interclubs re\u00e7u lors des CAF Awards en \u00c9gypte. Une distinction remport\u00e9e haut la main. \u00c0 27 ans, la carri\u00e8re de Bela\u00efli semble enfin d\u00e9coller, et le joueur en capacit\u00e9 d\u2019exploiter la pleine mesure de son potentiel, au grand bonheur des supporters des Verts.<\/p>\n<p>Auteur:<br \/>\n<a href=\"https:\/\/www.lesoirdalgerie.com\/sports\/youssef-belaili-la-redemption-du-fennec-36864\">Cliquez ici pour lire l&rsquo;article depuis sa source.<\/a><\/p>\n","protected":false},"excerpt":{"rendered":"<p>N\u00e9 le 14 mars 1992 \u00e0 Oran en Alg\u00e9rie, et jusqu\u2019\u00e0 l\u2019\u00e2ge de 15 ans, il impressionne son club formateur, le RCG Oran. Jet\u00e9 trop t\u00f4t dans le grand bain dans le prestigieux club du MC Oran, Youcef Bela\u00efli peine \u00e0 trouver sa place et surtout \u00e0 confirmer tous les espoirs plac\u00e9s en lui. Il [&hellip;]<\/p>\n","protected":false},"author":1741,"featured_media":0,"comment_status":"closed","ping_status":"closed","sticky":false,"template":"","format":"standard","meta":{"fifu_image_url":"","fifu_image_alt":"","footnotes":""},"categories":[73,53],"tags":[],"class_list":["post-72939","post","type-post","status-publish","format-standard","hentry","category-actualite","category-algerie"],"_links":{"self":[{"href":"https:\/\/linitiative.ca\/International\/wp-json\/wp\/v2\/posts\/72939","targetHints":{"allow":["GET"]}}],"collection":[{"href":"https:\/\/linitiative.ca\/International\/wp-json\/wp\/v2\/posts"}],"about":[{"href":"https:\/\/linitiative.ca\/International\/wp-json\/wp\/v2\/types\/post"}],"author":[{"embeddable":true,"href":"https:\/\/linitiative.ca\/International\/wp-json\/wp\/v2\/users\/1741"}],"replies":[{"embeddable":true,"href":"https:\/\/linitiative.ca\/International\/wp-json\/wp\/v2\/comments?post=72939"}],"version-history":[{"count":0,"href":"https:\/\/linitiative.ca\/International\/wp-json\/wp\/v2\/posts\/72939\/revisions"}],"wp:attachment":[{"href":"https:\/\/linitiative.ca\/International\/wp-json\/wp\/v2\/media?parent=72939"}],"wp:term":[{"taxonomy":"category","embeddable":true,"href":"https:\/\/linitiative.ca\/International\/wp-json\/wp\/v2\/categories?post=72939"},{"taxonomy":"post_tag","embeddable":true,"href":"https:\/\/linitiative.ca\/International\/wp-json\/wp\/v2\/tags?post=72939"}],"curies":[{"name":"wp","href":"https:\/\/api.w.org\/{rel}","templated":true}]}}