{"id":72940,"date":"2020-01-13T12:27:50","date_gmt":"2020-01-13T17:27:50","guid":{"rendered":"https:\/\/linitiative.ca\/International\/car-of-the-year-morocco-2020-letau-se-resserre\/"},"modified":"2020-01-13T12:27:50","modified_gmt":"2020-01-13T17:27:50","slug":"car-of-the-year-morocco-2020-letau-se-resserre","status":"publish","type":"post","link":"https:\/\/linitiative.ca\/International\/car-of-the-year-morocco-2020-letau-se-resserre\/","title":{"rendered":"\u00abCar Of The Year Morocco 2020\u00bb : l\u2019\u00e9tau se resserre !"},"content":{"rendered":"<p><strong>Les diff\u00e9rentes phases relatives \u00e0 l\u2019\u00e9lection du \u00abCar Of The Year\u00bb vont bon train. Le panel de journalistes et d\u2019experts sp\u00e9cialis\u00e9s dans l\u2019automobile s\u2019est r\u00e9uni r\u00e9cemment. Le compte \u00e0 rebours devant d\u00e9signer la voiture de l\u2019ann\u00e9e 2020 dans le Royaume est bel et bien lanc\u00e9.<\/strong><\/p>\n<div class=\"c10\"\/>\n<p>Conform\u00e9ment au r\u00e8glement int\u00e9rieur r\u00e9gissant cette \u00e9lection, le premier acte consacr\u00e9 aux essais statiques (qui ont eu lieu le 9 janvier dernier) a rendu son verdict. Au terme de ce round, le jury a pr\u00e9s\u00e9lectionn\u00e9 7 v\u00e9hicules parmi les 18 \u00e9ligibles. Une phase qui s\u2019est d\u00e9roul\u00e9e selon un processus de vote bien d\u00e9fini et sous le contr\u00f4le de Ma\u00eetre Majid Bengelloun Zhar.<\/p>\n<p>Roulement de tambour\u00a0: les v\u00e9hicules pr\u00e9s\u00e9lectionn\u00e9s pour en d\u00e9signer le \u00abCar Of The Year\u00bb dans le Royaume sont\u00a0: la BMW S\u00e9rie 3, la Kia ProCeed, le Lexus UX 250h, la Peugeot 208, la Toyota Corolla, le Toyota RAV4 et la Volvo S60.<\/p>\n<p>La deuxi\u00e8me phase d\u00e9di\u00e9e aux essais dynamiques aura lieu le mercredi 15 janvier courant. C\u2019est d\u2019ailleurs \u00e0 cette occasion que les membres du jury d\u00e9signeront le \u00abCar Of The Year 2020\u00bb. Il faudra patienter quelques jours avant que ne soit d\u00e9voil\u00e9, le mercredi 22 janvier, en grande pompe et \u00e0 l\u2019occasion d\u2019une soir\u00e9e festive la voiture gagnante.<\/p>\n<p>\u00c0 noter que les membres du jury pour cette premi\u00e8re \u00e9dition du \u00abCar Of The Year 2020\u00bb sont\u00a0:<\/p>\n<p>-Mohamed Akisra (Le Matin)<\/p>\n<p>-Ahmed Belghiti (L\u2019\u00c9conomiste)<\/p>\n<p>-Jalil Bennani (Les Inspirations \u00c9co)<\/p>\n<p>-David J\u00e9r\u00e9mie (Challenge)<\/p>\n<p>-Ahmed Kseibati (Gentleman Drivers)<\/p>\n<p>-Mehdi Laaboudi (Wandaloo)<\/p>\n<p>-Rafik Lahlou (Expert automobile)<\/p>\n<p>-Hicham Smyej (La Revue Auto)<\/p>\n<div class=\"c17\">\n<fieldset class=\"c16\">\n<legend><strong><span class=\"c11\">Challenge<\/span><span class=\"c12\">news<\/span><\/strong><\/legend>\n<div class=\"c15\">Le meilleur de Challenge s\u00e9lectionn\u00e9 par la r\u00e9daction :<\/p>\n<\/div>\n<\/fieldset>\n<\/div>\n<p>Auteur: David J\u00e9r\u00e9mie<br \/>\n<a href=\"https:\/\/www.challenge.ma\/car-of-the-year-morocco-2020-letau-se-resserre-127985\/\">Cliquez ici pour lire l&rsquo;article depuis sa source.<\/a><\/p>\n","protected":false},"excerpt":{"rendered":"<p>Les diff\u00e9rentes phases relatives \u00e0 l\u2019\u00e9lection du \u00abCar Of The Year\u00bb vont bon train. Le panel de journalistes et d\u2019experts sp\u00e9cialis\u00e9s dans l\u2019automobile s\u2019est r\u00e9uni r\u00e9cemment. Le compte \u00e0 rebours devant d\u00e9signer la voiture de l\u2019ann\u00e9e 2020 dans le Royaume est bel et bien lanc\u00e9. Conform\u00e9ment au r\u00e8glement int\u00e9rieur r\u00e9gissant cette \u00e9lection, le premier acte [&hellip;]<\/p>\n","protected":false},"author":1787,"featured_media":0,"comment_status":"closed","ping_status":"closed","sticky":false,"template":"","format":"standard","meta":{"fifu_image_url":"","fifu_image_alt":"","footnotes":""},"categories":[78,54],"tags":[],"class_list":["post-72940","post","type-post","status-publish","format-standard","hentry","category-economie","category-maroc"],"_links":{"self":[{"href":"https:\/\/linitiative.ca\/International\/wp-json\/wp\/v2\/posts\/72940","targetHints":{"allow":["GET"]}}],"collection":[{"href":"https:\/\/linitiative.ca\/International\/wp-json\/wp\/v2\/posts"}],"about":[{"href":"https:\/\/linitiative.ca\/International\/wp-json\/wp\/v2\/types\/post"}],"author":[{"embeddable":true,"href":"https:\/\/linitiative.ca\/International\/wp-json\/wp\/v2\/users\/1787"}],"replies":[{"embeddable":true,"href":"https:\/\/linitiative.ca\/International\/wp-json\/wp\/v2\/comments?post=72940"}],"version-history":[{"count":0,"href":"https:\/\/linitiative.ca\/International\/wp-json\/wp\/v2\/posts\/72940\/revisions"}],"wp:attachment":[{"href":"https:\/\/linitiative.ca\/International\/wp-json\/wp\/v2\/media?parent=72940"}],"wp:term":[{"taxonomy":"category","embeddable":true,"href":"https:\/\/linitiative.ca\/International\/wp-json\/wp\/v2\/categories?post=72940"},{"taxonomy":"post_tag","embeddable":true,"href":"https:\/\/linitiative.ca\/International\/wp-json\/wp\/v2\/tags?post=72940"}],"curies":[{"name":"wp","href":"https:\/\/api.w.org\/{rel}","templated":true}]}}