{"id":72942,"date":"2020-01-13T17:11:53","date_gmt":"2020-01-13T22:11:53","guid":{"rendered":"https:\/\/linitiative.ca\/International\/approvisionnement-en-eau-potable-et-dirrigation-ce-quil-faut-retenir-de-la-convention-cadre\/"},"modified":"2020-01-13T17:11:53","modified_gmt":"2020-01-13T22:11:53","slug":"approvisionnement-en-eau-potable-et-dirrigation-ce-quil-faut-retenir-de-la-convention-cadre","status":"publish","type":"post","link":"https:\/\/linitiative.ca\/International\/approvisionnement-en-eau-potable-et-dirrigation-ce-quil-faut-retenir-de-la-convention-cadre\/","title":{"rendered":"Approvisionnement en eau potable et d\u2019irrigation : Ce qu\u2019il faut retenir de la Convention cadre"},"content":{"rendered":"<p><strong>La signature de la convention cadre du Programme national d\u2019approvisionnement en eau potable et d\u2019irrigation s\u2019\u00e9talant sur la p\u00e9riode 2020-2027, lors d\u2019une c\u00e9r\u00e9monie pr\u00e9sid\u00e9e le 13 janvier par SM le Roi Mohammed VI au Palais Royal de Rabat, marque un pas d\u00e9cisif. Voici les points cl\u00e9s \u00e0 retenir de cette convention cadre.<\/strong><\/p>\n<div class=\"c10\"\/>\n<p>Cette <strong>feuille de route<\/strong> entend mobiliser des investissements de l\u2019ordre de 115,4 milliards de DH. Soulignons que les mesures pr\u00e9vues dans ce programme sont ax\u00e9es sur la consolidation et la diversification des sources d\u2019approvisionnement en eau potable, et visent, entre autres, \u00e0 accompagner la demande en eau potable, et garantir la <strong>s\u00e9curit\u00e9 hydrique<\/strong> et lutter contre les effets des changements climatiques.<\/p>\n<p>Lire aussi: <a href=\"https:\/\/www.challenge.ma\/eau-le-maroc-est-parmi-les-27-pays-ou-la-menace-est-elevee-115465\/\">Le Maroc est parmi les 27 pays o\u00f9 la menace de p\u00e9nurie est \u00e9lev\u00e9e<\/a><\/p>\n<p>\u2013 Il sera financ\u00e9 \u00e0 hauteur de 60% par le Budget g\u00e9n\u00e9ral de l\u2019Etat et 39% par les acteurs concern\u00e9s, particuli\u00e8rement l\u2019Office national de l\u2019\u00e9lectricit\u00e9 et de l\u2019eau potable (<strong>ONEE<\/strong>), le reste dans le cadre du partenariat public-priv\u00e9.<\/p>\n<p>\u2013 Cette convention d\u00e9finit les conditions et modalit\u00e9s d\u2019ex\u00e9cution et de financement de ce programme qui vise la consolidation et la diversification des sources d\u2019<strong>approvisionnement<\/strong> en eau potable, l\u2019accompagnement de la demande pour cette ressource vitale, la garantie de la s\u00e9curit\u00e9 hydrique et la lutte contre les effets des changements climatiques.<\/p>\n<div class=\"wp-block-embed__wrapper\"><iframe loading=\"lazy\" title=\"Pocket bank - Shopping\" width=\"1140\" height=\"641\" src=\"https:\/\/www.youtube.com\/embed\/ZsnHDrAKcSY?feature=oembed\" frameborder=\"0\" allow=\"accelerometer; autoplay; encrypted-media; gyroscope; picture-in-picture\" allowfullscreen=\"\">[embedded content]<\/iframe><\/div>\n<p>\u2013 Il s\u2019agit de l\u2019am\u00e9lioration de l\u2019offre hydrique notamment par la construction de barrages (61 milliards de DH), de la gestion de la demande et la valorisation de l\u2019eau notamment dans le secteur agricole (25,1 milliards de DH), du renforcement de l\u2019approvisionnement en eau potable en milieu rural (26,9 milliards de DH), de la r\u00e9utilisation des eaux us\u00e9es trait\u00e9es dans l\u2019irrigation des <strong>espaces verts<\/strong> (2,3 milliards de DH) et de la communication et la sensibilisation en vue de renforcer la conscience li\u00e9e \u00e0 l\u2019importance de la pr\u00e9servation des ressources en eau et la rationalisation de son utilisation (50 millions de DH).<\/p>\n<p>\u2013 Le suivi de l\u2019ex\u00e9cution du programme sera assur\u00e9 par un comit\u00e9 de pilotage pr\u00e9sid\u00e9 par le Chef du gouvernement et compos\u00e9 des ministres de l\u2019Int\u00e9rieur, de l\u2019Economie, des Finances et de la R\u00e9forme de l\u2019administration, de l\u2019Agriculture, de la P\u00eache maritime, du D\u00e9veloppement rural et des Eaux et For\u00eats, de l\u2019\u00c9quipement, du Transport, de la Logistique et de l\u2019Eau, de l\u2019\u00c9nergie, des mines et de l\u2019environnement, ainsi que du directeur g\u00e9n\u00e9ral de l\u2019Office national de l\u2019Electricit\u00e9 et de l\u2019Eau Potable.<\/p>\n<p>\u2013 Cette op\u00e9ration sera \u00e9galement assur\u00e9e par une <strong>commission technique<\/strong> pr\u00e9sid\u00e9e par le ministre de l\u2019\u00c9quipement, du Transport, de la Logistique et de l\u2019Eau, ainsi que par des commissions r\u00e9gionales pr\u00e9sid\u00e9es par les walis.<\/p>\n<div class=\"c17\">\n<fieldset class=\"c16\">\n<legend><strong><span class=\"c11\">Challenge<\/span><span class=\"c12\">news<\/span><\/strong><\/legend>\n<div class=\"c15\">Le meilleur de Challenge s\u00e9lectionn\u00e9 par la r\u00e9daction :<\/p>\n<\/div>\n<\/fieldset>\n<\/div>\n<p>Auteur: challenge<br \/>\n<a href=\"https:\/\/www.challenge.ma\/approvisionnement-en-eau-potable-et-dirrigation-ce-quil-faut-retenir-de-la-convention-cadre-127995\/\">Cliquez ici pour lire l&rsquo;article depuis sa source.<\/a><\/p>\n","protected":false},"excerpt":{"rendered":"<p>La signature de la convention cadre du Programme national d\u2019approvisionnement en eau potable et d\u2019irrigation s\u2019\u00e9talant sur la p\u00e9riode 2020-2027, lors d\u2019une c\u00e9r\u00e9monie pr\u00e9sid\u00e9e le 13 janvier par SM le Roi Mohammed VI au Palais Royal de Rabat, marque un pas d\u00e9cisif. Voici les points cl\u00e9s \u00e0 retenir de cette convention cadre. Cette feuille de [&hellip;]<\/p>\n","protected":false},"author":1787,"featured_media":0,"comment_status":"closed","ping_status":"closed","sticky":false,"template":"","format":"standard","meta":{"fifu_image_url":"","fifu_image_alt":"","footnotes":""},"categories":[78,54],"tags":[],"class_list":["post-72942","post","type-post","status-publish","format-standard","hentry","category-economie","category-maroc"],"_links":{"self":[{"href":"https:\/\/linitiative.ca\/International\/wp-json\/wp\/v2\/posts\/72942","targetHints":{"allow":["GET"]}}],"collection":[{"href":"https:\/\/linitiative.ca\/International\/wp-json\/wp\/v2\/posts"}],"about":[{"href":"https:\/\/linitiative.ca\/International\/wp-json\/wp\/v2\/types\/post"}],"author":[{"embeddable":true,"href":"https:\/\/linitiative.ca\/International\/wp-json\/wp\/v2\/users\/1787"}],"replies":[{"embeddable":true,"href":"https:\/\/linitiative.ca\/International\/wp-json\/wp\/v2\/comments?post=72942"}],"version-history":[{"count":0,"href":"https:\/\/linitiative.ca\/International\/wp-json\/wp\/v2\/posts\/72942\/revisions"}],"wp:attachment":[{"href":"https:\/\/linitiative.ca\/International\/wp-json\/wp\/v2\/media?parent=72942"}],"wp:term":[{"taxonomy":"category","embeddable":true,"href":"https:\/\/linitiative.ca\/International\/wp-json\/wp\/v2\/categories?post=72942"},{"taxonomy":"post_tag","embeddable":true,"href":"https:\/\/linitiative.ca\/International\/wp-json\/wp\/v2\/tags?post=72942"}],"curies":[{"name":"wp","href":"https:\/\/api.w.org\/{rel}","templated":true}]}}