{"id":72943,"date":"2020-01-13T15:44:09","date_gmt":"2020-01-13T20:44:09","guid":{"rendered":"https:\/\/linitiative.ca\/International\/esperance-de-tunis-anice-badri-sanctionne\/"},"modified":"2020-01-13T15:44:09","modified_gmt":"2020-01-13T20:44:09","slug":"esperance-de-tunis-anice-badri-sanctionne","status":"publish","type":"post","link":"https:\/\/linitiative.ca\/International\/esperance-de-tunis-anice-badri-sanctionne\/","title":{"rendered":"Esp\u00e9rance de Tunis : Anice Badri sanctionn\u00e9"},"content":{"rendered":"<div class=\"heateor_sss_sharing_container heateor_sss_horizontal_sharing\" heateor-sss-data-href=\"https:\/\/sport.tunisienumerique.com\/esperance-de-tunis-anice-badri-sanctionne\/\" heateor-sss-no-counts=\"1\">\n<div class=\"heateor_sss_sharing_title c3\">Cet article vous a \u00e9t\u00e9 utile? Partagez le, il int\u00e9ressera d\u2019autres personnes. Merci!<\/div>\n<ul class=\"heateor_sss_sharing_ul\">\n<li class=\"heateorSssSharingRound\"><em alt=\"Facebook\" title=\"Facebook\" class=\"heateorSssSharing heateorSssFacebookBackground c4\" onclick=\"heateorSssPopup(\"https:\/\/www.facebook.com\/sharer\/sharer.php?u=https%3A%2F%2Fsport.tunisienumerique.com%2Fesperance-de-tunis-anice-badri-sanctionne%2F\")\">\u00a0<\/em><\/li>\n<li class=\"heateorSssSharingRound\"><em alt=\"Twitter\" title=\"Twitter\" class=\"heateorSssSharing heateorSssTwitterBackground c4\" onclick=\"heateorSssPopup(\"http:\/\/twitter.com\/intent\/tweet?text=Esp%C3%A9rance%20de%20Tunis%20%3A%20Anice%20Badri%20sanctionn%C3%A9&#038;url=https%3A%2F%2Fsport.tunisienumerique.com%2Fesperance-de-tunis-anice-badri-sanctionne%2F\")\">\u00a0<\/em><\/li>\n<li class=\"heateorSssSharingRound\"><em alt=\"Linkedin\" title=\"Linkedin\" class=\"heateorSssSharing heateorSssLinkedinBackground c4\" onclick=\"heateorSssPopup(\"http:\/\/www.linkedin.com\/shareArticle?mini=true&#038;url=https%3A%2F%2Fsport.tunisienumerique.com%2Fesperance-de-tunis-anice-badri-sanctionne%2F&#038;title=Esp%C3%A9rance%20de%20Tunis%20%3A%20Anice%20Badri%20sanctionn%C3%A9\")\">\u00a0<\/em><\/li>\n<li class=\"heateorSssSharingRound\"><em alt=\"Google Gmail\" title=\"Google Gmail\" class=\"heateorSssSharing heateorSssGoogleGmailBackground c4\" onclick=\"heateorSssPopup(\"https:\/\/mail.google.com\/mail\/?ui=2&#038;view=cm&#038;fs=1&#038;tf=1&#038;su=Esp%C3%A9rance%20de%20Tunis%20%3A%20Anice%20Badri%20sanctionn%C3%A9&#038;body=Link:https%3A%2F%2Fsport.tunisienumerique.com%2Fesperance-de-tunis-anice-badri-sanctionne%2F\")\">\u00a0<\/em><\/li>\n<li class=\"heateorSssSharingRound\"><em alt=\"Whatsapp\" title=\"Whatsapp\" class=\"heateorSssSharing heateorSssWhatsappBackground c4\"><a href=\"https:\/\/api.whatsapp.com\/send?text=Esp%C3%A9rance%20de%20Tunis%20%3A%20Anice%20Badri%20sanctionn%C3%A9%20https%3A%2F%2Fsport.tunisienumerique.com%2Fesperance-de-tunis-anice-badri-sanctionne%2F\" rel=\"nofollow noopener noreferrer\" target=\"_blank\">\u00a0<\/a><\/em><\/li>\n<li class=\"heateorSssSharingRound\">\u00a0<\/li>\n<\/ul>\n<\/div>\n<p><span data-contrast=\"auto\">L\u2019<\/span><span data-contrast=\"auto\">Esp\u00e9rance Sportive de Tunis<\/span><span data-contrast=\"auto\">\u00a0a fait le point sur la situation de son attaquant Anice Badri<\/span><span data-ccp-props=\"{\"201341983\":0,\"335559739\":160,\"335559740\":259}\">\u00a0<\/span><\/p>\n<p><span data-contrast=\"auto\">L\u2019international tunisien s\u2019est envol\u00e9 aujourd\u2019hui en Arabie Saoudite apr\u00e8s avoir refus\u00e9 de prendre part \u00e0 la s\u00e9ance d\u2019entrainement avec ses co\u00e9quipiers afin de rejoindre un club saoudien.<\/span><span data-ccp-props=\"{\"201341983\":0,\"335559739\":160,\"335559740\":259}\">\u00a0<\/span><\/p>\n<div class=\"code-block code-block-1 c6\"><ins class=\"adsbygoogle c5\" data-ad-layout=\"in-article\" data-ad-format=\"fluid\" data-ad-client=\"ca-pub-2102118777505746\" data-ad-slot=\"7301775417\"\/> <\/div>\n<p><span data-contrast=\"auto\">L\u2019<\/span><span data-contrast=\"auto\">Esp\u00e9rance de Tunis<\/span><span data-contrast=\"auto\">\u00a0indique dans un communiqu\u00e9 publi\u00e9 aujourd\u2019hui que les deux offres parvenues pour le recrutement du joueur \u00e9taient de 200 et 500 mille dinars.<\/span><span data-ccp-props=\"{\"201341983\":0,\"335559739\":160,\"335559740\":259}\">\u00a0<\/span><\/p>\n<p><span data-contrast=\"auto\">La formation\u00a0<\/span><span data-contrast=\"auto\">esp\u00e9rantiste<\/span><span data-contrast=\"auto\">\u00a0estime que ces sommes ne r\u00e9pondaient ni \u00e0 la valeur du joueur ni aux attentes de l\u2019\u00e9quipe.<\/span><span data-ccp-props=\"{\"201341983\":0,\"335559739\":160,\"335559740\":259}\">\u00a0<\/span><\/p>\n<p><span data-contrast=\"auto\">Par ailleurs, l\u2019<\/span><span data-contrast=\"auto\">Esp\u00e9rance de Tunis<\/span><span data-contrast=\"auto\">\u00a0rappelle qu\u2019<\/span><span data-contrast=\"auto\">Anice Badri<\/span><span data-contrast=\"auto\">\u00a0n\u2019a pas \u00e9t\u00e9 autoris\u00e9 \u00e0 quitter la Tunisie pour s\u2019envoler en Arabie Saoudite et que par cons\u00e9quent, des sanctions seront prononc\u00e9es contre lui.<\/span><span data-ccp-props=\"{\"201341983\":0,\"335559739\":160,\"335559740\":259}\">\u00a0<\/span><\/p>\n<p><span data-contrast=\"auto\">Le contrat d\u2019<\/span><span data-contrast=\"auto\">Anice Badri<\/span><span data-contrast=\"auto\">\u00a0avec la formation\u00a0<\/span><span data-contrast=\"auto\">esp\u00e9rantiste<\/span><span data-contrast=\"auto\">\u00a0arrivera \u00e0 terme le 30 juin prochain.<\/span><span data-ccp-props=\"{\"201341983\":0,\"335559739\":160,\"335559740\":259}\">\u00a0<\/span><\/p>\n<p><span data-ccp-props=\"{\"201341983\":0,\"335559739\":160,\"335559740\":259}\">\u00a0<\/span><\/p>\n<p><\/p>\n<div class=\"heateor_sss_sharing_container heateor_sss_horizontal_sharing\" heateor-sss-data-href=\"https:\/\/sport.tunisienumerique.com\/esperance-de-tunis-anice-badri-sanctionne\/\" heateor-sss-no-counts=\"1\">\n<div class=\"heateor_sss_sharing_title c3\">Cet article vous a \u00e9t\u00e9 utile? Partagez le, il int\u00e9ressera d\u2019autres personnes. Merci!<\/div>\n<ul class=\"heateor_sss_sharing_ul\">\n<li class=\"heateorSssSharingRound\"><em alt=\"Facebook\" title=\"Facebook\" class=\"heateorSssSharing heateorSssFacebookBackground c4\" onclick=\"heateorSssPopup(\"https:\/\/www.facebook.com\/sharer\/sharer.php?u=https%3A%2F%2Fsport.tunisienumerique.com%2Fesperance-de-tunis-anice-badri-sanctionne%2F\")\">\u00a0<\/em><\/li>\n<li class=\"heateorSssSharingRound\"><em alt=\"Twitter\" title=\"Twitter\" class=\"heateorSssSharing heateorSssTwitterBackground c4\" onclick=\"heateorSssPopup(\"http:\/\/twitter.com\/intent\/tweet?text=Esp%C3%A9rance%20de%20Tunis%20%3A%20Anice%20Badri%20sanctionn%C3%A9&#038;url=https%3A%2F%2Fsport.tunisienumerique.com%2Fesperance-de-tunis-anice-badri-sanctionne%2F\")\">\u00a0<\/em><\/li>\n<li class=\"heateorSssSharingRound\"><em alt=\"Linkedin\" title=\"Linkedin\" class=\"heateorSssSharing heateorSssLinkedinBackground c4\" onclick=\"heateorSssPopup(\"http:\/\/www.linkedin.com\/shareArticle?mini=true&#038;url=https%3A%2F%2Fsport.tunisienumerique.com%2Fesperance-de-tunis-anice-badri-sanctionne%2F&#038;title=Esp%C3%A9rance%20de%20Tunis%20%3A%20Anice%20Badri%20sanctionn%C3%A9\")\">\u00a0<\/em><\/li>\n<li class=\"heateorSssSharingRound\"><em alt=\"Google Gmail\" title=\"Google Gmail\" class=\"heateorSssSharing heateorSssGoogleGmailBackground c4\" onclick=\"heateorSssPopup(\"https:\/\/mail.google.com\/mail\/?ui=2&#038;view=cm&#038;fs=1&#038;tf=1&#038;su=Esp%C3%A9rance%20de%20Tunis%20%3A%20Anice%20Badri%20sanctionn%C3%A9&#038;body=Link:https%3A%2F%2Fsport.tunisienumerique.com%2Fesperance-de-tunis-anice-badri-sanctionne%2F\")\">\u00a0<\/em><\/li>\n<li class=\"heateorSssSharingRound\"><em alt=\"Whatsapp\" title=\"Whatsapp\" class=\"heateorSssSharing heateorSssWhatsappBackground c4\"><a href=\"https:\/\/api.whatsapp.com\/send?text=Esp%C3%A9rance%20de%20Tunis%20%3A%20Anice%20Badri%20sanctionn%C3%A9%20https%3A%2F%2Fsport.tunisienumerique.com%2Fesperance-de-tunis-anice-badri-sanctionne%2F\" rel=\"nofollow noopener noreferrer\" target=\"_blank\">\u00a0<\/a><\/em><\/li>\n<li class=\"heateorSssSharingRound\">\u00a0<\/li>\n<\/ul>\n<\/div>\n<div class=\"mvp-org-wrap mvp-org-logo\" itemprop=\"publisher\" itemscope=\"\" itemtype=\"https:\/\/schema.org\/Organization\"><img decoding=\"async\" src=\"https:\/\/sport.tunisienumerique.com\/wp-content\/uploads\/2017\/05\/logo_tunisie_numerique.png\"\/><\/div>\n<div class=\"mvp-related-posts left relative\">\n<h4 class=\"post-header\"><span class=\"post-header\">Lire aussi<\/span><\/h4>\n<\/div>\n<p>Auteur:<br \/>\n<a href=\"https:\/\/sport.tunisienumerique.com\/esperance-de-tunis-anice-badri-sanctionne\/\">Cliquez ici pour lire l&rsquo;article depuis sa source.<\/a><\/p>\n","protected":false},"excerpt":{"rendered":"<p>Cet article vous a \u00e9t\u00e9 utile? Partagez le, il int\u00e9ressera d\u2019autres personnes. Merci! \u00a0 \u00a0 \u00a0 \u00a0 \u00a0 \u00a0 L\u2019Esp\u00e9rance Sportive de Tunis\u00a0a fait le point sur la situation de son attaquant Anice Badri\u00a0 L\u2019international tunisien s\u2019est envol\u00e9 aujourd\u2019hui en Arabie Saoudite apr\u00e8s avoir refus\u00e9 de prendre part \u00e0 la s\u00e9ance d\u2019entrainement avec ses co\u00e9quipiers [&hellip;]<\/p>\n","protected":false},"author":1789,"featured_media":72944,"comment_status":"closed","ping_status":"closed","sticky":false,"template":"","format":"standard","meta":{"fifu_image_url":"","fifu_image_alt":"","footnotes":""},"categories":[73,55],"tags":[],"class_list":["post-72943","post","type-post","status-publish","format-standard","has-post-thumbnail","hentry","category-actualite","category-tunisie"],"_links":{"self":[{"href":"https:\/\/linitiative.ca\/International\/wp-json\/wp\/v2\/posts\/72943","targetHints":{"allow":["GET"]}}],"collection":[{"href":"https:\/\/linitiative.ca\/International\/wp-json\/wp\/v2\/posts"}],"about":[{"href":"https:\/\/linitiative.ca\/International\/wp-json\/wp\/v2\/types\/post"}],"author":[{"embeddable":true,"href":"https:\/\/linitiative.ca\/International\/wp-json\/wp\/v2\/users\/1789"}],"replies":[{"embeddable":true,"href":"https:\/\/linitiative.ca\/International\/wp-json\/wp\/v2\/comments?post=72943"}],"version-history":[{"count":0,"href":"https:\/\/linitiative.ca\/International\/wp-json\/wp\/v2\/posts\/72943\/revisions"}],"wp:featuredmedia":[{"embeddable":true,"href":"https:\/\/linitiative.ca\/International\/wp-json\/"}],"wp:attachment":[{"href":"https:\/\/linitiative.ca\/International\/wp-json\/wp\/v2\/media?parent=72943"}],"wp:term":[{"taxonomy":"category","embeddable":true,"href":"https:\/\/linitiative.ca\/International\/wp-json\/wp\/v2\/categories?post=72943"},{"taxonomy":"post_tag","embeddable":true,"href":"https:\/\/linitiative.ca\/International\/wp-json\/wp\/v2\/tags?post=72943"}],"curies":[{"name":"wp","href":"https:\/\/api.w.org\/{rel}","templated":true}]}}