{"id":72945,"date":"2020-01-13T16:06:48","date_gmt":"2020-01-13T21:06:48","guid":{"rendered":"https:\/\/linitiative.ca\/International\/tunisie-abir-moussi-a-fait-perdre-la-tete-a-bhiri-qui-narrete-plus-de-faire-des-revelations-accablantes\/"},"modified":"2020-01-13T16:06:48","modified_gmt":"2020-01-13T21:06:48","slug":"tunisie-abir-moussi-a-fait-perdre-la-tete-a-bhiri-qui-narrete-plus-de-faire-des-revelations-accablantes","status":"publish","type":"post","link":"https:\/\/linitiative.ca\/International\/tunisie-abir-moussi-a-fait-perdre-la-tete-a-bhiri-qui-narrete-plus-de-faire-des-revelations-accablantes\/","title":{"rendered":"Tunisie \u2013 Abir Moussi a fait perdre la t\u00eate \u00e0 Bhiri qui n\u2019arr\u00eate plus de faire des r\u00e9v\u00e9lations accablantes\u00a0!"},"content":{"rendered":"<div class=\"post-cont-in left relative\">\n<p>Le pr\u00e9sident du bloc d\u2019<a href=\"https:\/\/www.tunisienumerique.com\/tunisie-actualite\/ennahdha\/\" title=\"Ennahdha\" target=\"_top\" class=\"auto-link\" rel=\"noopener noreferrer\">Ennahdha<\/a> \u00e0 l\u2019ARP, Noureddine Bhiri, est r\u00e9solument, lanc\u00e9 dans sa gu\u00e9guerre contre <a href=\"https:\/\/www.tunisienumerique.com\/tunisie-actualite\/abir-moussi\/\" title=\"Abir Moussi\" target=\"_top\" class=\"auto-link\" rel=\"noopener noreferrer\">Abir Moussi<\/a>, la pr\u00e9sidente du bloc du PDL.<\/p>\n<div class=\"code-block code-block-1 c3\"><ins class=\"adsbygoogle c2\" data-ad-layout=\"in-article\" data-ad-format=\"fluid\" data-ad-client=\"ca-pub-2102118777505746\" data-ad-slot=\"7301775417\"\/> <\/div>\n<p>Il a d\u00e9clar\u00e9, dans un post publi\u00e9 sur sa page facebook, que Moussi a mal choisi le moment de s\u2019attaquer \u00e0 <a href=\"https:\/\/www.tunisienumerique.com\/tunisie-actualite\/rached-ghannouchi\/\" title=\"Rached Ghannouchi\" target=\"_top\" class=\"auto-link\" rel=\"noopener noreferrer\">Rached Ghannouchi<\/a>, en faisant campagne pour sa destitution (NDLR), puisqu\u2019elle a lanc\u00e9 son assaut contre lui, alors que les tunisiens comm\u00e9morent la R\u00e9volution. Il a ajout\u00e9 qu\u2019elle a mal fait, puisque Ghannouchi est, aux yeux des tunisiens, un des principaux acquis de la r\u00e9volution du 14 janvier, et qu\u2019il incarne \u00ab\u00a0l\u2019Etat des r\u00e9volutionnaires\u00a0\u00bb.<\/p>\n<p>Il semble que la haine, mais, surtout, le d\u00e9sarroi, emp\u00eachent les islamistes de raisonner, comme ils avaient l\u2019habitude de le faire, avant d\u2019entreprendre le moindre geste, ou de prononcer le moindre mot. En effet, en lan\u00e7ant cette \u00ab\u00a0contre offensive\u00a0\u00bb contre Abir Moussi, Bhiri, \u00e9trangl\u00e9 par la haine, comme il en a fait la preuve, vendredi dernier, en assurant \u00ab\u00a0qu\u2019Ennahdha restera comme une \u00e9pine en travers de la gorge de tous ceux qui aiment la Tunisie\u00a0\u00bb, a, encore, gaff\u00e9 aujourd\u2019hui, en affirmant que les tunisiens comm\u00e9morent leur r\u00e9volution, demain, 14 janvier, ce qui ne va pas plaire aux citoyens de Sidi Bouzid et de Kasserine, pour les quels la vraie r\u00e9volution doit se f\u00eater le 17 d\u00e9cembre, date de l\u2019auto immolation de Bouazizi.<\/p>\n<p>Et il s\u2019est, compl\u00e8tement, emm\u00eal\u00e9 les pinceaux en affirmant que le Cheikh Ghannouchi est un des principaux acquis de la r\u00e9volution et qui incarne l\u2019Etat r\u00e9volutionnaire. Car il a oubli\u00e9 qu\u2019officiellement, Ennahdha n\u2019a pas particip\u00e9 \u00e0 la r\u00e9volution, selon leurs dires, ce qui fait qu\u2019aucun d\u2019entre eux ne peut aspirer \u00e0 en devenir le symbole, \u00e0 moins qu\u2019il reconnaisse qu\u2019elle y \u00e9tait pour beaucoup, comme \u00e7\u00e0 semble le d\u00e9manger de le d\u00e9clarer. Auquel cas, il conforterait la position de Moussi qui consid\u00e8re les \u00e9v\u00e8nements de janvier 2011, comme un coup d\u2019Etat men\u00e9 par les fr\u00e8res musulmans pour s\u2019emparer du pouvoir, avec la complicit\u00e9 des puissances \u00e9trang\u00e8res\u00a0!<\/p>\n<p><img loading=\"lazy\" decoding=\"async\" class=\"aligncenter size-full wp-image-489530\" src=\"https:\/\/www.tunisienumerique.com\/wp-content\/uploads\/2020\/01\/bhiri-post.jpg\" alt=\"\" width=\"553\" height=\"411\"\/><\/p>\n<div class=\"swp_social_panel swp_horizontal_panel swp_flat_fresh swp_default_full_color swp_individual_full_color swp_other_full_color scale-100 scale-\" data-min-width=\"1100\" data-float-color=\"#ffffff\" data-float=\"bottom\" data-float-mobile=\"bottom\" data-transition=\"slide\">\n<div class=\"nc_tweetContainer swp_share_button total_shares total_sharesalt\"><span class=\"swp_count\">134 <span class=\"swp_label\">Partages<\/span><\/span><\/div>\n<\/div>\n<p><strong>Que se passe-t-il en Tunisie?<\/strong><br \/>Nous expliquons sur notre <a href=\"https:\/\/www.youtube.com\/channel\/UCRzypVq0B_yBad5eGrwBx0Q?sub_confirmation=1\" target=\"_blank\" rel=\"noopener noreferrer\">cha\u00eene YouTube<\/a> . <a href=\"https:\/\/www.youtube.com\/channel\/UCRzypVq0B_yBad5eGrwBx0Q?sub_confirmation=1\" target=\"_blank\" rel=\"noopener noreferrer\">Abonnez-vous!<\/a><\/p>\n<div class=\"mvp-org-wrap mvp-org-logo\" itemprop=\"publisher\" itemscope=\"\" itemtype=\"https:\/\/schema.org\/Organization\"><img decoding=\"async\" src=\"https:\/\/www.tunisienumerique.com\/wp-content\/uploads\/2017\/02\/logo_tunisie_numerique.png\"\/><\/div>\n<div class=\"mvp-related-posts left relative\">\n<h4 class=\"post-header\"><span class=\"post-header\">Lire aussi<\/span><\/h4>\n<\/div>\n<\/div>\n<p>Auteur: Ramsis<br \/>\n<a href=\"https:\/\/www.tunisienumerique.com\/tunisie-abir-moussi-a-fait-perdre-la-tete-a-bhiri-qui-narrete-plus-de-faire-des-revelations-accablantes\/\">Cliquez ici pour lire l&rsquo;article depuis sa source.<\/a><\/p>\n","protected":false},"excerpt":{"rendered":"<p>Le pr\u00e9sident du bloc d\u2019Ennahdha \u00e0 l\u2019ARP, Noureddine Bhiri, est r\u00e9solument, lanc\u00e9 dans sa gu\u00e9guerre contre Abir Moussi, la pr\u00e9sidente du bloc du PDL. Il a d\u00e9clar\u00e9, dans un post publi\u00e9 sur sa page facebook, que Moussi a mal choisi le moment de s\u2019attaquer \u00e0 Rached Ghannouchi, en faisant campagne pour sa destitution (NDLR), puisqu\u2019elle [&hellip;]<\/p>\n","protected":false},"author":1789,"featured_media":72946,"comment_status":"closed","ping_status":"closed","sticky":false,"template":"","format":"standard","meta":{"fifu_image_url":"","fifu_image_alt":"","footnotes":""},"categories":[73,55],"tags":[],"class_list":["post-72945","post","type-post","status-publish","format-standard","has-post-thumbnail","hentry","category-actualite","category-tunisie"],"_links":{"self":[{"href":"https:\/\/linitiative.ca\/International\/wp-json\/wp\/v2\/posts\/72945","targetHints":{"allow":["GET"]}}],"collection":[{"href":"https:\/\/linitiative.ca\/International\/wp-json\/wp\/v2\/posts"}],"about":[{"href":"https:\/\/linitiative.ca\/International\/wp-json\/wp\/v2\/types\/post"}],"author":[{"embeddable":true,"href":"https:\/\/linitiative.ca\/International\/wp-json\/wp\/v2\/users\/1789"}],"replies":[{"embeddable":true,"href":"https:\/\/linitiative.ca\/International\/wp-json\/wp\/v2\/comments?post=72945"}],"version-history":[{"count":0,"href":"https:\/\/linitiative.ca\/International\/wp-json\/wp\/v2\/posts\/72945\/revisions"}],"wp:featuredmedia":[{"embeddable":true,"href":"https:\/\/linitiative.ca\/International\/wp-json\/"}],"wp:attachment":[{"href":"https:\/\/linitiative.ca\/International\/wp-json\/wp\/v2\/media?parent=72945"}],"wp:term":[{"taxonomy":"category","embeddable":true,"href":"https:\/\/linitiative.ca\/International\/wp-json\/wp\/v2\/categories?post=72945"},{"taxonomy":"post_tag","embeddable":true,"href":"https:\/\/linitiative.ca\/International\/wp-json\/wp\/v2\/tags?post=72945"}],"curies":[{"name":"wp","href":"https:\/\/api.w.org\/{rel}","templated":true}]}}