{"id":72947,"date":"2020-01-13T16:53:08","date_gmt":"2020-01-13T21:53:08","guid":{"rendered":"https:\/\/linitiative.ca\/International\/tunisie-video-abir-moussi-les-forces-modernistes-ont-une-occasion-unique-pour-faire-tomber-le-pouvoir-des-freres-musulmans\/"},"modified":"2020-01-13T16:53:08","modified_gmt":"2020-01-13T21:53:08","slug":"tunisie-video-abir-moussi-les-forces-modernistes-ont-une-occasion-unique-pour-faire-tomber-le-pouvoir-des-freres-musulmans","status":"publish","type":"post","link":"https:\/\/linitiative.ca\/International\/tunisie-video-abir-moussi-les-forces-modernistes-ont-une-occasion-unique-pour-faire-tomber-le-pouvoir-des-freres-musulmans\/","title":{"rendered":"Tunisie \u2013 VIDEO\u00a0: Abir Moussi\u00a0: Les forces modernistes ont une occasion unique pour faire tomber le pouvoir des \u00ab\u00a0fr\u00e8res musulmans\u00a0\u00bb"},"content":{"rendered":"<div class=\"post-cont-in left relative\">\n<p>La pr\u00e9sidente du PDL, et de son bloc \u00e0 l\u2019ARP, <a href=\"https:\/\/www.tunisienumerique.com\/tunisie-actualite\/abir-moussi\/\" title=\"Abir Moussi\" target=\"_top\" class=\"auto-link\" rel=\"noopener noreferrer\">Abir Moussi<\/a>, a post\u00e9, ce soir, sur sa page facebook, une vid\u00e9o, o\u00f9 elle informe les citoyens qu\u2019elle a lanc\u00e9 l\u2019initiative de pr\u00e9parer une p\u00e9tition pour retirer la confiance \u00e0 <a href=\"https:\/\/www.tunisienumerique.com\/tunisie-actualite\/rached-ghannouchi\/\" title=\"Rached Ghannouchi\" target=\"_top\" class=\"auto-link\" rel=\"noopener noreferrer\">Rached Ghannouchi<\/a> qui s\u2019est, avec sa visite en Turquie, rendu coupable de haute trahison et d\u2019atteinte \u00e0 sa s\u00e9curit\u00e9 et souverainet\u00e9. Puisqu\u2019il a eu une r\u00e9union \u00e0 huis clos avec <a href=\"https:\/\/www.tunisienumerique.com\/tunisie-actualite\/erdogan\/\" title=\"Erdogan\" target=\"_top\" class=\"auto-link\" rel=\"noopener noreferrer\">Erdogan<\/a> qui avait demand\u00e9 d\u2019utiliser le territoire tunisien pour s\u2019introduire en Libye. Et cette r\u00e9union survient quelques jours apr\u00e8s que Ghannouchi ait eu connaissance des plans de d\u00e9fense de la Tunisie, lors de la derni\u00e8re r\u00e9union du haut conseil de la s\u00e9curit\u00e9 nationale.<\/p>\n<div class=\"code-block code-block-1 c4\"><ins class=\"adsbygoogle c3\" data-ad-layout=\"in-article\" data-ad-format=\"fluid\" data-ad-client=\"ca-pub-2102118777505746\" data-ad-slot=\"7301775417\"\/> <\/div>\n<p>Moussi a d\u00e9plor\u00e9 la passivit\u00e9 des hommes politiques qui, pour des futilit\u00e9s, sont en train de laisser passer des actions avec une impunit\u00e9 totale pour les fr\u00e8res. Elle a ajout\u00e9 qu\u2019il est temps de d\u00e9passer les futilit\u00e9s de type, qui est \u00e0 l\u2019origine de cette initiative, et leur demande de mettre l\u2019int\u00e9r\u00eat de la Tunisie avant toute autre chose.<\/p>\n<p>Elle a assur\u00e9 qu\u2019au PDL, ils sont pr\u00eats \u00e0 faire abstraction de tous les diff\u00e9rends et des divergences d\u2019opinions, et les torts port\u00e9s aux destouriens, appelant \u00e0 l\u2019union de toutes les forces modernistes, pour la simple raison qu\u2019elle est convaincue que la s\u00e9curit\u00e9 et la souverainet\u00e9 de la Tunisie sont en jeu, et qu\u2019il faut faire face \u00e0 ce p\u00e9ril. Apr\u00e8s, a-t-elle ajout\u00e9, nous pourrons revenir \u00e0 nos querelles intestines.<\/p>\n<p>Elle a appel\u00e9 ceux qui rechignent \u00e0 signer la p\u00e9tition rien que parce qu\u2019elle a \u00e9t\u00e9 propos\u00e9e par le PDL, \u00e0 d\u00e9passer cet esprit revanchard, devant l\u2019int\u00e9r\u00eat du pays. Elle les a invit\u00e9s \u00e0 d\u00e9chirer cette p\u00e9tition et \u00e0 en \u00e9crire une autre en leur nom si \u00e7\u00e0 leur chante. L\u2019essentiel \u00e9tant de la faire passer. Elle a ajout\u00e9 pour les tranquilliser que quand Ghannouchi sera \u00e9cart\u00e9 de la pr\u00e9sidence de l\u2019ARP, le PDL ne proposera pas de candidat au poste et r\u00e9agira positivement avec les candidats des autres blocs. Et elle a pris pour t\u00e9moin le peuple tunisien pour cette position.<\/p>\n<p>Par ailleurs, Abir Moussi a appel\u00e9 les blocs qui ont fait chuter le gouvernement de Jemli, \u00e0 se concerter entre eux pour proposer la formation d\u2019un gouvernement qui ne comprend aucun membre de la confr\u00e9rie et leurs satellites. Elle a assur\u00e9 que le pr\u00e9sident de la r\u00e9publique ne pourra pas \u00eatre contre une personnalit\u00e9 propos\u00e9e par ces blocs, vu qu\u2019elle b\u00e9n\u00e9ficiera d\u2019au moins 134 voix \u00e0 l\u2019ARP. Elle a assur\u00e9 que rien n\u2019emp\u00eachait de d\u00e9passer les ann\u00e9es noires des fr\u00e8res musulmans et de constituer un gouvernement capable de mener des r\u00e9formes et de sortit le pays de cette p\u00e9riode sombre. Elle a ajout\u00e9 que le PDL n\u2019est pas concern\u00e9 par aucun portefeuille dans le gouvernement, mais se contentera de soutenir ce gouvernement, \u00e0 condition que les islamistes en soient exclus.<\/p>\n<div class=\"swp_social_panel swp_horizontal_panel swp_flat_fresh swp_default_full_color swp_individual_full_color swp_other_full_color scale-100 scale-\" data-min-width=\"1100\" data-float-color=\"#ffffff\" data-float=\"bottom\" data-float-mobile=\"bottom\" data-transition=\"slide\">\n<div class=\"nc_tweetContainer swp_share_button total_shares total_sharesalt\"><span class=\"swp_count\">16 <span class=\"swp_label\">Partages<\/span><\/span><\/div>\n<\/div>\n<p><strong>Que se passe-t-il en Tunisie?<\/strong><br \/>Nous expliquons sur notre <a href=\"https:\/\/www.youtube.com\/channel\/UCRzypVq0B_yBad5eGrwBx0Q?sub_confirmation=1\" target=\"_blank\" rel=\"noopener noreferrer\">cha\u00eene YouTube<\/a> . <a href=\"https:\/\/www.youtube.com\/channel\/UCRzypVq0B_yBad5eGrwBx0Q?sub_confirmation=1\" target=\"_blank\" rel=\"noopener noreferrer\">Abonnez-vous!<\/a><\/p>\n<div class=\"mvp-org-wrap mvp-org-logo\" itemprop=\"publisher\" itemscope=\"\" itemtype=\"https:\/\/schema.org\/Organization\"><img decoding=\"async\" src=\"https:\/\/www.tunisienumerique.com\/wp-content\/uploads\/2017\/02\/logo_tunisie_numerique.png\"\/><\/div>\n<div class=\"mvp-related-posts left relative\">\n<h4 class=\"post-header\"><span class=\"post-header\">Lire aussi<\/span><\/h4>\n<\/div>\n<\/div>\n<p>Auteur: LM<br \/>\n<a href=\"https:\/\/www.tunisienumerique.com\/tunisie-video-abir-moussi-les-forces-modernistes-ont-une-occasion-unique-pour-faire-tomber-le-pouvoir-des-freres-musulmans\/\">Cliquez ici pour lire l&rsquo;article depuis sa source.<\/a><\/p>\n","protected":false},"excerpt":{"rendered":"<p>La pr\u00e9sidente du PDL, et de son bloc \u00e0 l\u2019ARP, Abir Moussi, a post\u00e9, ce soir, sur sa page facebook, une vid\u00e9o, o\u00f9 elle informe les citoyens qu\u2019elle a lanc\u00e9 l\u2019initiative de pr\u00e9parer une p\u00e9tition pour retirer la confiance \u00e0 Rached Ghannouchi qui s\u2019est, avec sa visite en Turquie, rendu coupable de haute trahison et [&hellip;]<\/p>\n","protected":false},"author":1789,"featured_media":72948,"comment_status":"closed","ping_status":"closed","sticky":false,"template":"","format":"standard","meta":{"fifu_image_url":"","fifu_image_alt":"","footnotes":""},"categories":[73,55],"tags":[],"class_list":["post-72947","post","type-post","status-publish","format-standard","has-post-thumbnail","hentry","category-actualite","category-tunisie"],"_links":{"self":[{"href":"https:\/\/linitiative.ca\/International\/wp-json\/wp\/v2\/posts\/72947","targetHints":{"allow":["GET"]}}],"collection":[{"href":"https:\/\/linitiative.ca\/International\/wp-json\/wp\/v2\/posts"}],"about":[{"href":"https:\/\/linitiative.ca\/International\/wp-json\/wp\/v2\/types\/post"}],"author":[{"embeddable":true,"href":"https:\/\/linitiative.ca\/International\/wp-json\/wp\/v2\/users\/1789"}],"replies":[{"embeddable":true,"href":"https:\/\/linitiative.ca\/International\/wp-json\/wp\/v2\/comments?post=72947"}],"version-history":[{"count":0,"href":"https:\/\/linitiative.ca\/International\/wp-json\/wp\/v2\/posts\/72947\/revisions"}],"wp:featuredmedia":[{"embeddable":true,"href":"https:\/\/linitiative.ca\/International\/wp-json\/"}],"wp:attachment":[{"href":"https:\/\/linitiative.ca\/International\/wp-json\/wp\/v2\/media?parent=72947"}],"wp:term":[{"taxonomy":"category","embeddable":true,"href":"https:\/\/linitiative.ca\/International\/wp-json\/wp\/v2\/categories?post=72947"},{"taxonomy":"post_tag","embeddable":true,"href":"https:\/\/linitiative.ca\/International\/wp-json\/wp\/v2\/tags?post=72947"}],"curies":[{"name":"wp","href":"https:\/\/api.w.org\/{rel}","templated":true}]}}