{"id":72949,"date":"2020-01-13T17:13:04","date_gmt":"2020-01-13T22:13:04","guid":{"rendered":"https:\/\/linitiative.ca\/International\/tunisie-mahdia-un-jeune-homme-decede-apres-etre-tombe-dun-olivier\/"},"modified":"2020-01-13T17:13:04","modified_gmt":"2020-01-13T22:13:04","slug":"tunisie-mahdia-un-jeune-homme-decede-apres-etre-tombe-dun-olivier","status":"publish","type":"post","link":"https:\/\/linitiative.ca\/International\/tunisie-mahdia-un-jeune-homme-decede-apres-etre-tombe-dun-olivier\/","title":{"rendered":"Tunisie \u2013 Mahdia\u00a0: Un jeune homme d\u00e9c\u00e8de apr\u00e8s \u00eatre tomb\u00e9 d\u2019un olivier"},"content":{"rendered":"<div class=\"post-cont-in left relative\">\n<p>Un jeune homme \u00e2g\u00e9 de 30 ans, originaire de ksour Essaf \u00e0 Mahdia, est d\u00e9c\u00e9d\u00e9 cet apr\u00e8s midi, des suites de sa chute d\u2019un olivier, samedi dernier.<\/p>\n<div class=\"code-block code-block-1 c3\"><ins class=\"adsbygoogle c2\" data-ad-layout=\"in-article\" data-ad-format=\"fluid\" data-ad-client=\"ca-pub-2102118777505746\" data-ad-slot=\"7301775417\"\/> <\/div>\n<p>Le jeune homme a gliss\u00e9 et est tomb\u00e9 du haut d\u2019un arbre. Il a atterri sur une branche qui lui a gravement endommag\u00e9 l\u2019\u0153il.<\/p>\n<p>Il a fini par d\u00e9c\u00e9der des suites de sa blessures malgr\u00e9 les soins qui lui ont \u00e9t\u00e9 prodigu\u00e9s \u00e0 l\u2019h\u00f4pital Tahar Sfar \u00e0 Mahdia.<\/p>\n<div class=\"swp_social_panel swp_horizontal_panel swp_flat_fresh swp_default_full_color swp_individual_full_color swp_other_full_color scale-100 scale-\" data-min-width=\"1100\" data-float-color=\"#ffffff\" data-float=\"bottom\" data-float-mobile=\"bottom\" data-transition=\"slide\">\n<div class=\"nc_tweetContainer swp_share_button total_shares total_sharesalt\"><span class=\"swp_count\">1 <span class=\"swp_label\">Partages<\/span><\/span><\/div>\n<\/div>\n<p><strong>Que se passe-t-il en Tunisie?<\/strong><br \/>Nous expliquons sur notre <a href=\"https:\/\/www.youtube.com\/channel\/UCRzypVq0B_yBad5eGrwBx0Q?sub_confirmation=1\" target=\"_blank\" rel=\"noopener noreferrer\">cha\u00eene YouTube<\/a> . <a href=\"https:\/\/www.youtube.com\/channel\/UCRzypVq0B_yBad5eGrwBx0Q?sub_confirmation=1\" target=\"_blank\" rel=\"noopener noreferrer\">Abonnez-vous!<\/a><\/p>\n<div class=\"mvp-org-wrap mvp-org-logo\" itemprop=\"publisher\" itemscope=\"\" itemtype=\"https:\/\/schema.org\/Organization\"><img decoding=\"async\" src=\"https:\/\/www.tunisienumerique.com\/wp-content\/uploads\/2017\/02\/logo_tunisie_numerique.png\"\/><\/div>\n<div class=\"mvp-related-posts left relative\">\n<h4 class=\"post-header\"><span class=\"post-header\">Lire aussi<\/span><\/h4>\n<\/div>\n<\/div>\n<p>Auteur: LM<br \/>\n<a href=\"https:\/\/www.tunisienumerique.com\/tunisie-mahdia-un-jeune-homme-decede-apres-etre-tombe-dun-olivier\/\">Cliquez ici pour lire l&rsquo;article depuis sa source.<\/a><\/p>\n","protected":false},"excerpt":{"rendered":"<p>Un jeune homme \u00e2g\u00e9 de 30 ans, originaire de ksour Essaf \u00e0 Mahdia, est d\u00e9c\u00e9d\u00e9 cet apr\u00e8s midi, des suites de sa chute d\u2019un olivier, samedi dernier. Le jeune homme a gliss\u00e9 et est tomb\u00e9 du haut d\u2019un arbre. Il a atterri sur une branche qui lui a gravement endommag\u00e9 l\u2019\u0153il. Il a fini par [&hellip;]<\/p>\n","protected":false},"author":1789,"featured_media":72950,"comment_status":"closed","ping_status":"closed","sticky":false,"template":"","format":"standard","meta":{"fifu_image_url":"","fifu_image_alt":"","footnotes":""},"categories":[73,55],"tags":[],"class_list":["post-72949","post","type-post","status-publish","format-standard","has-post-thumbnail","hentry","category-actualite","category-tunisie"],"_links":{"self":[{"href":"https:\/\/linitiative.ca\/International\/wp-json\/wp\/v2\/posts\/72949","targetHints":{"allow":["GET"]}}],"collection":[{"href":"https:\/\/linitiative.ca\/International\/wp-json\/wp\/v2\/posts"}],"about":[{"href":"https:\/\/linitiative.ca\/International\/wp-json\/wp\/v2\/types\/post"}],"author":[{"embeddable":true,"href":"https:\/\/linitiative.ca\/International\/wp-json\/wp\/v2\/users\/1789"}],"replies":[{"embeddable":true,"href":"https:\/\/linitiative.ca\/International\/wp-json\/wp\/v2\/comments?post=72949"}],"version-history":[{"count":0,"href":"https:\/\/linitiative.ca\/International\/wp-json\/wp\/v2\/posts\/72949\/revisions"}],"wp:featuredmedia":[{"embeddable":true,"href":"https:\/\/linitiative.ca\/International\/wp-json\/"}],"wp:attachment":[{"href":"https:\/\/linitiative.ca\/International\/wp-json\/wp\/v2\/media?parent=72949"}],"wp:term":[{"taxonomy":"category","embeddable":true,"href":"https:\/\/linitiative.ca\/International\/wp-json\/wp\/v2\/categories?post=72949"},{"taxonomy":"post_tag","embeddable":true,"href":"https:\/\/linitiative.ca\/International\/wp-json\/wp\/v2\/tags?post=72949"}],"curies":[{"name":"wp","href":"https:\/\/api.w.org\/{rel}","templated":true}]}}