{"id":72953,"date":"2020-01-13T17:01:16","date_gmt":"2020-01-13T22:01:16","guid":{"rendered":"https:\/\/linitiative.ca\/International\/elargissement-de-liuts-aux-indemnites-des-fonctionnairesla-justice-sociale-daccord-mais\/"},"modified":"2020-01-13T17:01:16","modified_gmt":"2020-01-13T22:01:16","slug":"elargissement-de-liuts-aux-indemnites-des-fonctionnairesla-justice-sociale-daccord-mais","status":"publish","type":"post","link":"https:\/\/linitiative.ca\/International\/elargissement-de-liuts-aux-indemnites-des-fonctionnairesla-justice-sociale-daccord-mais\/","title":{"rendered":"ELARGISSEMENT DE L\u2019IUTS AUX INDEMNITES DES FONCTIONNAIRES:La justice sociale d\u2019accord mais \u2026"},"content":{"rendered":"<div class=\"stream-item stream-item-above-post-content\">\n<p><noscript><\/p>\n<p><a href=\"\/\/www3.smartadserver.com\/ac?jump=1&#038;nwid=2136&#038;siteid=240610&#038;pgname=rg&#038;fmtid=49046&#038;visit=m&#038;tmstp=[timestamp]&#038;out=nonrich\" target=\"_blank\" rel=\"noopener noreferrer\"><img decoding=\"async\" src=\"\/\/www3.smartadserver.com\/ac?out=nonrich&#038;nwid=2136&#038;siteid=240610&#038;pgname=rg&#038;fmtid=49046&#038;visit=m&#038;tmstp=[timestamp]\" border=\"0\" alt=\"\"\/><\/a><\/p>\n<p><\/noscript><\/div>\n<p class=\"c3\">En ce d\u00e9but d\u2019ann\u00e9e au <em>pays des Hommes int\u00e8gres<\/em>, le thermom\u00e8tre social menace de se casser en raison de la volont\u00e9 annonc\u00e9e du gouvernement d\u2019appliquer les dispositions de la loi de finances 2020, relatives \u00e0 l\u2019\u00e9largissement de l\u2019IUTS \u00e0 certaines indemnit\u00e9s servies aux agents de l\u2019Etat, en l\u2019occurrence les indemnit\u00e9s de logement, de fonction et de transport. L\u2019Ex\u00e9cutif explique sa d\u00e9cision principalement par un souci de justice sociale. En effet, l\u2019IUTS \u00e9tait d\u00e9j\u00e0 appliqu\u00e9 aux indemnit\u00e9s des travailleurs du secteur priv\u00e9 alors que les fonctionnaires en \u00e9taient exempt\u00e9s. Le gouvernement de Christophe Joseph\u00a0Marie Dabir\u00e9 a d\u00e9cid\u00e9 de mettre fin \u00e0 cette exception fiscale en ramenant tout le monde sur le m\u00eame pied.\u00a0Mais derri\u00e8re cet argument de justice sociale, l\u2019on peut lire en filigrane l\u2019ambition gouvernementale d\u2019accro\u00eetre ses recettes au service du d\u00e9veloppement et surtout de limiter la masse salariale des fonctionnaires jug\u00e9e \u00e0 tort ou \u00e0 raison tr\u00e8s lourde au point de plomber les d\u00e9penses d\u2019investissements.<\/p>\n<p class=\"c3\">Mais ces arguments avou\u00e9s ou pas, ne semblent pas convaincre le monde des travailleurs qui les balayent du revers de la main. En effet, pour la plupart des organisations syndicales, l\u2019\u00e9largissement de l\u2019IUTS qui, historiquement, \u00e9tait d\u00e9j\u00e0 un imp\u00f4t exceptionnel, n\u2019est qu\u2019un moyen de r\u00e9duction des salaires des agents de l\u2019Etat dont le pouvoir d\u2019achat est d\u00e9j\u00e0 plomb\u00e9 par de nombreuses taxes. Du reste, estiment-elles, il existe de nombreuses niches fiscales o\u00f9 le gouvernement peut puiser pour augmenter ses ressources.\u00a0Mieux, elles pensent que ce n\u2019est pas la mobilisation des recettes qui pose probl\u00e8me, mais plus leur gestion.<\/p>\n<p class=\"c3\"><strong>Il est encore temps de renouer le fil du dialogue entre gouvernement et syndicats pour trouver des solutions consensuelles<\/strong><\/p>\n<p class=\"c3\">Mais que l\u2019on se parle franchement. Si le gouvernement est dans son r\u00f4le en cherchant \u00e0 accro\u00eetre ses capacit\u00e9s de mobilisation des ressources, il ne doit pas perdre de vue que l\u2019augmentation de la pression fiscale sur les contribuables, finira n\u00e9cessairement par les asphyxier et tuer ainsi la poule aux \u0153ufs d\u2019or. Pire, au moment o\u00f9 le Chef de l\u2019Etat lui-m\u00eame appelle les Burkinab\u00e8 \u00e0 une tr\u00eave sociale, les travailleurs comprennent difficilement que lui-m\u00eame et son gouvernement d\u00e9terrent cette nouvelle hache de guerre avec le monde des travailleurs et surtout dans ce contexte de lutte contre l\u2019ins\u00e9curit\u00e9, o\u00f9 la Nation doit pr\u00e9senter un front uni contre l\u2019adversaire. Point n\u2019est besoin d\u2019\u00eatre un fin strat\u00e8ge militaire pour savoir qu\u2019en multipliant les fronts au m\u00eame moment, les risques d\u2019une d\u00e9flagration sont des plus grands. Et enfin, politiquement, c\u2019est faire dans la myopie que de prendre des mesures aussi impopulaires \u00e0 l\u2019or\u00e9e d\u2019une ann\u00e9e \u00e9lectorale.<\/p>\n<p class=\"c3\">En attendant de savoir de quoi sera faite la m\u00e9t\u00e9o sociale dont les pr\u00e9visions s\u2019annoncent d\u00e9j\u00e0 orageuses, il est encore temps de renouer le fil du dialogue entre gouvernement et syndicats pour trouver des solutions consensuelles. Et il est de la responsabilit\u00e9 du gouvernement de minimiser les tensions sociales en pensant surtout aux couches les plus vuln\u00e9rables. \u00ab\u00a0<em>Quand les \u00e9l\u00e9phants se battent,<\/em> dit le proverbe<em>, c\u2019est l\u2019herbe qui en p\u00e2tit\u00a0<\/em>\u00bb. Les populations ont tellement souffert des affres des mouvements sociaux qui sont venus s\u2019ajouter aux indicibles souffrances n\u00e9es des attaques terroristes, qu\u2019il faut leur \u00e9viter un nouveau martyre.<\/p>\n<p class=\"c3\"><strong>Sidzabda<\/strong><\/p>\n<p>Auteur: Le Pays<br \/>\n<a href=\"http:\/\/lepays.bf\/elargissement-de-liuts-aux-indemnites-des-fonctionnairesla-justice-sociale-daccord-mais\/\">Cliquez ici pour lire l&rsquo;article depuis sa source.<\/a><\/p>\n","protected":false},"excerpt":{"rendered":"<p>En ce d\u00e9but d\u2019ann\u00e9e au pays des Hommes int\u00e8gres, le thermom\u00e8tre social menace de se casser en raison de la volont\u00e9 annonc\u00e9e du gouvernement d\u2019appliquer les dispositions de la loi de finances 2020, relatives \u00e0 l\u2019\u00e9largissement de l\u2019IUTS \u00e0 certaines indemnit\u00e9s servies aux agents de l\u2019Etat, en l\u2019occurrence les indemnit\u00e9s de logement, de fonction et [&hellip;]<\/p>\n","protected":false},"author":1813,"featured_media":0,"comment_status":"closed","ping_status":"closed","sticky":false,"template":"","format":"standard","meta":{"fifu_image_url":"","fifu_image_alt":"","footnotes":""},"categories":[73,81],"tags":[],"class_list":["post-72953","post","type-post","status-publish","format-standard","hentry","category-actualite","category-burkina-faso"],"_links":{"self":[{"href":"https:\/\/linitiative.ca\/International\/wp-json\/wp\/v2\/posts\/72953","targetHints":{"allow":["GET"]}}],"collection":[{"href":"https:\/\/linitiative.ca\/International\/wp-json\/wp\/v2\/posts"}],"about":[{"href":"https:\/\/linitiative.ca\/International\/wp-json\/wp\/v2\/types\/post"}],"author":[{"embeddable":true,"href":"https:\/\/linitiative.ca\/International\/wp-json\/wp\/v2\/users\/1813"}],"replies":[{"embeddable":true,"href":"https:\/\/linitiative.ca\/International\/wp-json\/wp\/v2\/comments?post=72953"}],"version-history":[{"count":0,"href":"https:\/\/linitiative.ca\/International\/wp-json\/wp\/v2\/posts\/72953\/revisions"}],"wp:attachment":[{"href":"https:\/\/linitiative.ca\/International\/wp-json\/wp\/v2\/media?parent=72953"}],"wp:term":[{"taxonomy":"category","embeddable":true,"href":"https:\/\/linitiative.ca\/International\/wp-json\/wp\/v2\/categories?post=72953"},{"taxonomy":"post_tag","embeddable":true,"href":"https:\/\/linitiative.ca\/International\/wp-json\/wp\/v2\/tags?post=72953"}],"curies":[{"name":"wp","href":"https:\/\/api.w.org\/{rel}","templated":true}]}}