{"id":72955,"date":"2020-01-13T17:11:52","date_gmt":"2020-01-13T22:11:52","guid":{"rendered":"https:\/\/linitiative.ca\/International\/repression-de-manif-en-guineepetit-a-petit-conde-dresse-le-bucher-contre-son-pays\/"},"modified":"2020-01-13T17:11:52","modified_gmt":"2020-01-13T22:11:52","slug":"repression-de-manif-en-guineepetit-a-petit-conde-dresse-le-bucher-contre-son-pays","status":"publish","type":"post","link":"https:\/\/linitiative.ca\/International\/repression-de-manif-en-guineepetit-a-petit-conde-dresse-le-bucher-contre-son-pays\/","title":{"rendered":"REPRESSION DE MANIF EN GUINEE:Petit \u00e0 petit, Cond\u00e9 dresse le b\u00fbcher contre son pays"},"content":{"rendered":"<div class=\"stream-item stream-item-above-post-content\">\n<p><noscript><\/p>\n<p><a href=\"\/\/www3.smartadserver.com\/ac?jump=1&#038;nwid=2136&#038;siteid=240610&#038;pgname=rg&#038;fmtid=49046&#038;visit=m&#038;tmstp=[timestamp]&#038;out=nonrich\" target=\"_blank\" rel=\"noopener noreferrer\"><img decoding=\"async\" src=\"\/\/www3.smartadserver.com\/ac?out=nonrich&#038;nwid=2136&#038;siteid=240610&#038;pgname=rg&#038;fmtid=49046&#038;visit=m&#038;tmstp=[timestamp]\" border=\"0\" alt=\"\"\/><\/a><\/p>\n<p><\/noscript><\/div>\n<p class=\"c3\">Comme promis, l\u2019opposition guin\u00e9enne a brav\u00e9, hier, 13 janvier 2020, l\u2019interdiction de marcher en battant le macadam \u00e0 Conakry.\u00a0 Une bravade que le pouvoir d\u2019Alpha Cond\u00e9 a jug\u00e9e inacceptable et l\u2019a, par cons\u00e9quent, r\u00e9prim\u00e9e dans le sang. Selon le Front national pour la d\u00e9fense de la constitution (FNDC), au moins un manifestant a \u00e9t\u00e9 tu\u00e9 et d\u2019autres bless\u00e9s. C\u2019est dire si l\u2019appel \u00e0 la neutralit\u00e9 de l\u2019arm\u00e9e qu\u2019avait lanc\u00e9 cette plateforme, n\u2019a pas \u00e9t\u00e9 entendu. Et c\u2019est bien dommage pour la Guin\u00e9e qui s\u2019approche de plus en plus du gouffre. Il ne fait aucun doute que le pays de S\u00e9kou Tour\u00e9 est en train de tanguer \u00e0 cause du pr\u00e9sident Alpha Cond\u00e9 qui, contre vents et mar\u00e9es, tient \u00e0 rester au pouvoir. En bandant les muscles contre les manifestants, l\u2019opposant historique devenu pr\u00e9sident, montre toute sa volont\u00e9 de r\u00e9aliser son projet\u00a0; celui de se tailler une nouvelle Constitution qui lui ouvrira la voie \u00e0 un troisi\u00e8me mandat. Et ce, en d\u00e9pit des voix et pas des moindres, qui s\u2019\u00e9l\u00e8vent de plus en plus pour attirer son attention \u00a0\u00a0sur le risque qu\u2019il fait courir \u00e0 son pays. Mais l\u2019homme continue de jouer \u00e0 l\u2019autruche puisqu\u2019il refuse de voir la r\u00e9alit\u00e9.<\/p>\n<p class=\"c3\">On a le sentiment que depuis que l\u2019opposition a officialis\u00e9 son refus de prendre part aux \u00e9lections l\u00e9gislatives du 16 f\u00e9vrier prochain, le r\u00e9gime Cond\u00e9 s\u2019est radicalis\u00e9. En tout cas, on sent une forme de frilosit\u00e9 de sa part. Toujours est-il que c\u2019est une mauvaise publicit\u00e9 pour le camp pr\u00e9sidentiel qui, pourtant, semblait avoir pris la pleine mesure du p\u00e9ril. Cela dit, faut-il craindre de nouvelles violences en Guin\u00e9e dans les prochains jours\u00a0? Tout porte malheureusement \u00e0 le croire. Car, faut-il le rappeler, l\u2019opposition a promis de tout mettre en \u0153uvre pour emp\u00eacher la tenue des l\u00e9gislatives. Or, Cond\u00e9 y tient <em>mordicus<\/em>. C\u2019est dire s\u2019il y a un duel en perspective entre la majorit\u00e9 et l\u2019opposition politique.<\/p>\n<p class=\"c3\"><strong>Cond\u00e9 gagnerait \u00e0 changer son fusil d\u2019\u00e9paule<\/strong><\/p>\n<p class=\"c3\">Et quand on sait que la violence a pignon sur rue dans ce pays, l\u2019on peut dire que la Guin\u00e9e continue de se tr\u00e9mousser sur un volcan. Bien dommage que malgr\u00e9 ses 81 ans r\u00e9volus, le natif de Bok\u00e9 ne fasse pas preuve de sagesse. Cond\u00e9 a-t-il la m\u00e9moire courte au point d\u2019oublier que n\u2019e\u00fbt \u00e9t\u00e9 le sacrifie de ceux qu\u2019il violente\u00a0 aujourd\u2019hui, il ne serait pas en vie <em>a<\/em> <em>fortiori<\/em> au pouvoir? C\u2019est \u00e0 croire que la boulimie du pouvoir lui a fait perdre la t\u00eate au point de dresser le b\u00fbcher contre son pays. Mais sait-il seulement \u00a0qu\u2019il risque lui-m\u00eame de se br\u00fbler les ailes ? En tout cas, l\u2019octog\u00e9naire obstin\u00e9 joue avec le feu car, tout laisse croire que le peuple guin\u00e9en qui est vent debout contre son projet de troisi\u00e8me mandat, n\u2019est pas pr\u00eat \u00e0 courber l\u2019\u00e9chine\u00a0; en t\u00e9moigne la mobilisation d\u2019hier. Cond\u00e9 gagnerait \u00e0 changer son fusil d\u2019\u00e9paule. Il est encore temps d\u2019emprunter la voie de la sagesse m\u00eame si jusque-l\u00e0, il en est totalement d\u00e9pourvu manifestement. Et plus t\u00f4t il le fera, mieux cela vaudra. Car, l\u2019histoire nous enseigne qu\u2019aucun homme, aussi puissant fut-il, n\u2019est jamais venu \u00e0 bout d\u2019un peuple d\u00e9termin\u00e9. M\u00eame les marches et autres contremarches que son r\u00e9gime entend utiliser comme arme face au peuple, ne changeront rien. Des pr\u00e9sidents qui se croyaient inamovibles, ont \u00e9t\u00e9 chass\u00e9s du pouvoir. Ce fut le cas de Blaise Compaor\u00e9, Ben Ali, Hosni Moubarak, pour ne citer que ceux-l\u00e0. <em>Cond\u00e9, t\u00e0, ni ou t\u00ea, ou b\u00e8 naa \u00e8 kw\u00e8*.<\/em><\/p>\n<p class=\"c3\"><strong>Dabadi ZOUMBARA<\/strong><\/p>\n<p class=\"c3\"><strong>\u00a0<\/strong><strong>(Cond\u00e9, va sinon, le peuple te chassera du pouvoir)<\/strong><\/p>\n<p class=\"c3\"><strong>\u00a0 \u00a0\u00a0<\/strong><\/p>\n<p>Auteur: Le Pays<br \/>\n<a href=\"http:\/\/lepays.bf\/repression-de-manif-en-guineepetit-a-petit-conde-dresse-le-bucher-contre-son-pays\/\">Cliquez ici pour lire l&rsquo;article depuis sa source.<\/a><\/p>\n","protected":false},"excerpt":{"rendered":"<p>Comme promis, l\u2019opposition guin\u00e9enne a brav\u00e9, hier, 13 janvier 2020, l\u2019interdiction de marcher en battant le macadam \u00e0 Conakry.\u00a0 Une bravade que le pouvoir d\u2019Alpha Cond\u00e9 a jug\u00e9e inacceptable et l\u2019a, par cons\u00e9quent, r\u00e9prim\u00e9e dans le sang. Selon le Front national pour la d\u00e9fense de la constitution (FNDC), au moins un manifestant a \u00e9t\u00e9 tu\u00e9 [&hellip;]<\/p>\n","protected":false},"author":1813,"featured_media":0,"comment_status":"closed","ping_status":"closed","sticky":false,"template":"","format":"standard","meta":{"fifu_image_url":"","fifu_image_alt":"","footnotes":""},"categories":[73,81],"tags":[],"class_list":["post-72955","post","type-post","status-publish","format-standard","hentry","category-actualite","category-burkina-faso"],"_links":{"self":[{"href":"https:\/\/linitiative.ca\/International\/wp-json\/wp\/v2\/posts\/72955","targetHints":{"allow":["GET"]}}],"collection":[{"href":"https:\/\/linitiative.ca\/International\/wp-json\/wp\/v2\/posts"}],"about":[{"href":"https:\/\/linitiative.ca\/International\/wp-json\/wp\/v2\/types\/post"}],"author":[{"embeddable":true,"href":"https:\/\/linitiative.ca\/International\/wp-json\/wp\/v2\/users\/1813"}],"replies":[{"embeddable":true,"href":"https:\/\/linitiative.ca\/International\/wp-json\/wp\/v2\/comments?post=72955"}],"version-history":[{"count":0,"href":"https:\/\/linitiative.ca\/International\/wp-json\/wp\/v2\/posts\/72955\/revisions"}],"wp:attachment":[{"href":"https:\/\/linitiative.ca\/International\/wp-json\/wp\/v2\/media?parent=72955"}],"wp:term":[{"taxonomy":"category","embeddable":true,"href":"https:\/\/linitiative.ca\/International\/wp-json\/wp\/v2\/categories?post=72955"},{"taxonomy":"post_tag","embeddable":true,"href":"https:\/\/linitiative.ca\/International\/wp-json\/wp\/v2\/tags?post=72955"}],"curies":[{"name":"wp","href":"https:\/\/api.w.org\/{rel}","templated":true}]}}