{"id":72956,"date":"2020-01-13T17:15:38","date_gmt":"2020-01-13T22:15:38","guid":{"rendered":"https:\/\/linitiative.ca\/International\/sommet-de-pau-sur-linsecurite-au-sahelles-lignes-vont-elles-enfin-bouger\/"},"modified":"2020-01-13T17:15:38","modified_gmt":"2020-01-13T22:15:38","slug":"sommet-de-pau-sur-linsecurite-au-sahelles-lignes-vont-elles-enfin-bouger","status":"publish","type":"post","link":"https:\/\/linitiative.ca\/International\/sommet-de-pau-sur-linsecurite-au-sahelles-lignes-vont-elles-enfin-bouger\/","title":{"rendered":"SOMMET DE PAU SUR L\u2019INSECURITE AU SAHEL:Les lignes vont-elles enfin bouger ?"},"content":{"rendered":"<div class=\"stream-item stream-item-above-post-content\">\n<p><noscript><\/p>\n<p><a href=\"\/\/www3.smartadserver.com\/ac?jump=1&#038;nwid=2136&#038;siteid=240610&#038;pgname=rg&#038;fmtid=49046&#038;visit=m&#038;tmstp=[timestamp]&#038;out=nonrich\" target=\"_blank\" rel=\"noopener noreferrer\"><img decoding=\"async\" src=\"\/\/www3.smartadserver.com\/ac?out=nonrich&#038;nwid=2136&#038;siteid=240610&#038;pgname=rg&#038;fmtid=49046&#038;visit=m&#038;tmstp=[timestamp]\" border=\"0\" alt=\"\"\/><\/a><\/p>\n<p><\/noscript><\/div>\n<p class=\"c3\">La rencontre tant attendue de Pau entre le pr\u00e9sident fran\u00e7ais et ses homologues du Sahel, convoqu\u00e9e dans les circonstances que l\u2019on sait et dont l\u2019\u00e9vocation avait fait couler beaucoup d\u2019encre et de salive, s\u2019est finalement tenue hier, 13 janvier 2020, dans le Sud-Ouest de la France. Initialement pr\u00e9sent\u00e9 comme celui de la \u00ab<em>\u00a0clarification<\/em>\u00a0\u00bb, ce sommet qui a connu un report d\u2019un mois et avait, au d\u00e9part, les allures d\u2019un huis clos entre Emmanuel Macron et ses pairs africains de ladite r\u00e9gion, a finalement \u00e9t\u00e9 \u00e9largi \u00e0 des personnalit\u00e9s comme le Secr\u00e9taire g\u00e9n\u00e9ral de l\u2019ONU, Antonio Guterres, le pr\u00e9sident du Conseil europ\u00e9en, Charles Michel, le Haut repr\u00e9sentant de l\u2019Union europ\u00e9enne (UE) pour les affaires \u00e9trang\u00e8res et la politique de s\u00e9curit\u00e9, Josep Borrell, le pr\u00e9sident de la Commission de l\u2019Union africaine (UA), Moussa Faki et la Secr\u00e9taire g\u00e9n\u00e9rale de l\u2019Organisation internationale de la Francophonie, Louise Mushikiwabo.<\/p>\n<p class=\"c3\"><strong>L\u2019heure n\u2019\u00e9tait plus aux r\u00e8glements de comptes ni aux accusations entre partenaires<\/strong><\/p>\n<p class=\"c3\">C\u2019est dire si entre le sommet d\u2019hier et celui de l\u2019Otan de d\u00e9but d\u00e9cembre 2019, au sortir duquel le locataire de l\u2019Elys\u00e9e avait, \u00e0 chaud, lanc\u00e9 son invitation aux allures de convocation expresse de ses cinq pairs africains, probablement \u00a0sous l\u2019effet de l\u2019\u00e9motion de la mort accidentelle d\u2019une douzaine de soldats fran\u00e7ais au Mali dans une op\u00e9ration anti-terroriste, beaucoup d\u2019eau, mais aussi de sang d\u2019autres soldats africains engag\u00e9s dans cette guerre contre les forces du mal, a coul\u00e9 sous les ponts. L\u2019heure, peut-on dire, n\u2019\u00e9tait donc plus aux r\u00e8glements de comptes ni aux accusations entre partenaires, mais plut\u00f4t \u00e0 une r\u00e9organisation concert\u00e9e pour examiner les voies et moyens de faire le plus efficacement possible face \u00e0 un ennemi qui ne cesse de monter en puissance. D\u2019autant que face \u00e0 la pol\u00e9mique, les dirigeants africains concern\u00e9s s\u2019\u00e9taient d\u00e9j\u00e0 clairement prononc\u00e9s en faveur d\u2019un renforcement de la pr\u00e9sence militaire fran\u00e7aise dans la zone, malgr\u00e9 les appels r\u00e9p\u00e9t\u00e9s de souverainistes africains et autres militants anti-imp\u00e9rialistes ou pr\u00e9tendus tels, qui r\u00e9clament \u00e0 cor et \u00e0 cri le retrait pur et simple des forces \u00e9trang\u00e8res de leurs pays respectifs. Une attitude jug\u00e9e \u00e0 la limite de l\u2019ingratitude, au point d\u2019agacer fortement Paris. C\u2019est dire si avant m\u00eame la tenue du sommet de ce 13 janvier, la clarification demand\u00e9e aux chefs d\u2019Etat du Sahel par le pr\u00e9sident Emmanuel Macron, avait plus ou moins \u00e9t\u00e9 dej\u00e0 \u00a0faite.<\/p>\n<p class=\"c3\">En tout cas, c\u2019est ce que tend \u00e0 confirmer l\u2019attitude de l\u2019entourage du pr\u00e9sident fran\u00e7ais, qui se f\u00e9licitait d\u2019un \u00ab\u00a0<em>r\u00e9\u00e9quilibrage du discours public<\/em>\u00a0\u00bb et de ces <em>\u00ab\u00a0contre-feux assez robustes allum\u00e9s par les autorit\u00e9s sah\u00e9liennes pour faire face au narratif anti-Fran\u00e7ais\u00a0<\/em>\u00bb. \u00a0Maintenant que les points ont \u00e9t\u00e9 mis sur les i, qu\u2019est-ce que cela va changer dans la lutte contre le terrorisme au Sahel ? Les lignes vont-elles enfin bouger dans le sens d\u2019un plus grand engagement des partenaires \u00a0et d\u2019une meilleure coordination des actions pour repousser la b\u00eate immonde\u00a0jusque dans ses derniers retranchements\u00a0? En tout cas, les populations meurtries du Sahel, qui ne savent plus v\u00e9ritablement \u00e0 quelle arm\u00e9e se vouer, n\u2019en n\u2019attendent pas moins. Et bien plus que les discours et autres rencontres de mises au point, ce qui importe, c\u2019est \u00a0la stabilisation de la situation s\u00e9curitaire et le retour de la paix \u00e0 m\u00eame de r\u00e9sorber le sentiment anti-fran\u00e7ais rampant qui agace tant sur les bords de la Seine.<\/p>\n<p class=\"c3\"><strong>Au lendemain du sommet de Pau, le sentiment anti-fran\u00e7ais ne va pas dispara\u00eetre de lui-m\u00eame, comme par enchantement<\/strong><\/p>\n<p class=\"c3\">C\u2019est ce qui pourrait valoir \u00e0 la France et aux dirigeants des pays du Sahel, la reconnaissance des populations de plus en plus gagn\u00e9es par le pessimisme, face \u00e0 la pouss\u00e9e des forces du mal dont les offensives meurtri\u00e8res sont de plus en plus lourdes en termes de bilan humain. Autrement, tant que les Chinagoder, les Inat\u00e8s, les Koutougou et autres Indelimane continueront \u00e0 se multiplier, il est \u00e0 craindre que le discours des dirigeants africains, ne suffise pas \u00e0 contenir les opinions nationales. Celles-ci \u00e9tant conditionn\u00e9es par des activistes dont la croisade contre l\u2019ex-puissance coloniale soup\u00e7onn\u00e9e de jouer \u00e0 un double jeu pour continuer \u00e0 \u00e9tendre son influence sur leurs pays engag\u00e9s dans une lutte d\u2019\u00e9mancipation, trouve de plus en plus un \u00e9cho aupr\u00e8s des populations d\u00e9sempar\u00e9es. Rien qu\u2019en cela, le sommet de Pau qui appara\u00eet aussi, \u00e0 bien des \u00e9gards, comme celui des opinions nationales, aussi bien en France qu\u2019en Afrique, s\u2019imposait. Car, en plus de l\u00e9gitimer davantage l\u2019action de la force fran\u00e7aise au Sahel, elle se pr\u00e9sente comme un grand tournant porteur d\u2019une nouvelle dynamique dans la lutte contre le terrorisme dans cette partie de la plan\u00e8te. \u00a0Pour autant, cela va-t-il changer quelque chose dans le ressenti de certaines populations contre la France\u00a0?<\/p>\n<p class=\"c3\">On attend de voir. Mais tout porte \u00e0 croire qu\u2019au lendemain du sommet de Pau, le sentiment anti-fran\u00e7ais ne va pas dispara\u00eetre de lui-m\u00eame, comme par enchantement. Mais que c\u2019est plut\u00f4t dans les r\u00e9sultats sur le terrain, que la France pourra se r\u00e9concilier avec tous ces \u00a0Sah\u00e9liens qui n\u2019avaient pas\u00a0 h\u00e9sit\u00e9 \u00e0 voler dans ses plumes, \u00a0accus\u00e9e \u00e0 tort ou \u00e0 raison \u00a0de passivit\u00e9 voire de complicit\u00e9 avec l\u2019ennemi. Car, quoi qu\u2019on dise, beaucoup d\u2019Africains qui ont encore en m\u00e9moire l\u2019intervention \u00e9nergique de la France de Fran\u00e7ois Hollande au Mali en 2012, pour freiner l\u2019avanc\u00e9e des islamistes sur Bamako, ne comprennent pas pourquoi Paris n\u2019est pas capable du m\u00eame exploit dans le m\u00eame Sahel. C\u2019est dire si, quelque part, bien plus que les dirigeants africains, la France elle-m\u00eame n\u2019est pas exempte de tout reproche dans le dur jugement de certains Africains \u00e0 son encontre.<\/p>\n<p class=\"c3\"><em>\u00a0<\/em><\/p>\n<p class=\"c3\"><strong><em>\u00ab\u00a0Le Pays\u00a0\u00bb<\/em><\/strong><\/p>\n<p class=\"c3\"><strong>\u00a0<\/strong><\/p>\n<p>Auteur: Le Pays<br \/>\n<a href=\"http:\/\/lepays.bf\/sommet-de-pau-sur-linsecurite-au-sahelles-lignes-vont-elles-enfin-bouger\/\">Cliquez ici pour lire l&rsquo;article depuis sa source.<\/a><\/p>\n","protected":false},"excerpt":{"rendered":"<p>La rencontre tant attendue de Pau entre le pr\u00e9sident fran\u00e7ais et ses homologues du Sahel, convoqu\u00e9e dans les circonstances que l\u2019on sait et dont l\u2019\u00e9vocation avait fait couler beaucoup d\u2019encre et de salive, s\u2019est finalement tenue hier, 13 janvier 2020, dans le Sud-Ouest de la France. Initialement pr\u00e9sent\u00e9 comme celui de la \u00ab\u00a0clarification\u00a0\u00bb, ce sommet [&hellip;]<\/p>\n","protected":false},"author":1813,"featured_media":0,"comment_status":"closed","ping_status":"closed","sticky":false,"template":"","format":"standard","meta":{"fifu_image_url":"","fifu_image_alt":"","footnotes":""},"categories":[73,81],"tags":[],"class_list":["post-72956","post","type-post","status-publish","format-standard","hentry","category-actualite","category-burkina-faso"],"_links":{"self":[{"href":"https:\/\/linitiative.ca\/International\/wp-json\/wp\/v2\/posts\/72956","targetHints":{"allow":["GET"]}}],"collection":[{"href":"https:\/\/linitiative.ca\/International\/wp-json\/wp\/v2\/posts"}],"about":[{"href":"https:\/\/linitiative.ca\/International\/wp-json\/wp\/v2\/types\/post"}],"author":[{"embeddable":true,"href":"https:\/\/linitiative.ca\/International\/wp-json\/wp\/v2\/users\/1813"}],"replies":[{"embeddable":true,"href":"https:\/\/linitiative.ca\/International\/wp-json\/wp\/v2\/comments?post=72956"}],"version-history":[{"count":0,"href":"https:\/\/linitiative.ca\/International\/wp-json\/wp\/v2\/posts\/72956\/revisions"}],"wp:attachment":[{"href":"https:\/\/linitiative.ca\/International\/wp-json\/wp\/v2\/media?parent=72956"}],"wp:term":[{"taxonomy":"category","embeddable":true,"href":"https:\/\/linitiative.ca\/International\/wp-json\/wp\/v2\/categories?post=72956"},{"taxonomy":"post_tag","embeddable":true,"href":"https:\/\/linitiative.ca\/International\/wp-json\/wp\/v2\/tags?post=72956"}],"curies":[{"name":"wp","href":"https:\/\/api.w.org\/{rel}","templated":true}]}}