{"id":72957,"date":"2020-01-13T15:02:17","date_gmt":"2020-01-13T20:02:17","guid":{"rendered":"https:\/\/linitiative.ca\/International\/sommet-de-pau-en-france-a-po-au-burkina-des-leaders-africains-se-font-entendre\/"},"modified":"2020-01-13T15:02:17","modified_gmt":"2020-01-13T20:02:17","slug":"sommet-de-pau-en-france-a-po-au-burkina-des-leaders-africains-se-font-entendre","status":"publish","type":"post","link":"https:\/\/linitiative.ca\/International\/sommet-de-pau-en-france-a-po-au-burkina-des-leaders-africains-se-font-entendre\/","title":{"rendered":"Sommet de Pau en France A P\u00f4 au Burkina, des leaders africains se font entendre"},"content":{"rendered":"<div class=\"td-post-featured-image\"><a href=\"https:\/\/i1.wp.com\/www.sidwaya.info\/wp-content\/uploads\/2020\/01\/poburkinafaso.gif?fit=787%2C590&#038;ssl=1\" data-caption=\"\"><img loading=\"lazy\" decoding=\"async\" width=\"696\" height=\"522\" class=\"entry-thumb td-modal-image\" src=\"https:\/\/i1.wp.com\/www.sidwaya.info\/wp-content\/uploads\/2020\/01\/poburkinafaso.gif?resize=696%2C522&#038;ssl=1\" alt=\"\" title=\"poburkinafaso\"\/><\/a><\/div>\n<p><strong>L\u2019initiative-souverainet\u00e9-dignit\u00e9 et paix pour le Sahel, sous la houlette du Comit\u00e9 international du m\u00e9morial Thomas Sankara, a lanc\u00e9, le 13 janvier 2020 \u00e0 P\u00f4, dans la province du Nahouri, un appel aux chefs d\u2019Etat du G5 Sahel \u00e0 porter la voix des peuples africains lors de leur rencontre avec le Pr\u00e9sident fran\u00e7ais, Emmanuel Macron.<\/strong><\/p>\n<p>Alors que les chefs d\u2019Etat du G5 Sahel se sont rendu \u00e0 Pau en France, le lundi 13 janvier 2020, \u00e0 l\u2019invitation du Pr\u00e9sident fran\u00e7ais, Emmanuel Macron, pour \u00ab\u00a0clarifier leur position sur la pr\u00e9sence militaire fran\u00e7aise au Sahel\u00a0\u00bb, des leaders de plusieurs organisations syndicales, partis et formations politiques, experts, universitaires et artistes venus des pays de l\u2019Afrique de l\u2019Ouest (Burkina Faso, C\u00f4te d\u2019Ivoire, Mali, Niger, Tchad et S\u00e9n\u00e9gal), r\u00e9unis au sein de l\u2019Initiative-souverainet\u00e9-dignit\u00e9 et paix, se sont retrouv\u00e9s le m\u00eame jour \u00e0 P\u00f4, ville historique et capitale de la R\u00e9volution burkinab\u00e8 de 1983, le lundi 13 janvier 2020. A l\u2019occasion, ils ont envoy\u00e9 un \u00ab\u00a0message de souverainet\u00e9, de dignit\u00e9 et de libert\u00e9 des peuples africains\u00a0\u00bb \u00e0 leurs chefs d\u2019Etat, \u00ab\u00a0face au chantage de la France et de la communaut\u00e9 internationale\u00a0\u00bb. Lu par le secr\u00e9taire g\u00e9n\u00e9ral du Comit\u00e9 international du M\u00e9morial Thomas Sankara, Luc Damiba, le message appelle les chefs d\u2019Etat africains \u00e0 \u00ab\u00a0clarifier d\u00e9finitivement\u00a0\u00bb les relations diplomatiques, les conditions et cadres d\u2019intervention de toutes les coop\u00e9rations. Pour les responsables du contre-sommet, la rencontre de Pau est une opportunit\u00e9 pour les dirigeants, de porter \u00ab\u00a0les clameurs populaires non manipul\u00e9es, afin de dire la v\u00e9rit\u00e9, en toute franchise, sans ambig\u00fcit\u00e9, en toute honn\u00eatet\u00e9 sur les conditions actuelles de la coop\u00e9ration de la France et les pays du G5 Sahel, marqu\u00e9e par le paternalisme, la duperie et le chantage \u00bb. Et pour cause, les organisateurs de la rencontre disent ne pas comprendre la persistance des attaques terroristes, malgr\u00e9 l\u2019impressionnant mat\u00e9riel militaire et l\u2019effectif important de militaires fran\u00e7ais dans les pays du G5 Sahel. Ils ont donc demand\u00e9 aux cinq chefs d\u2019Etat du G5 Sahel de saisir cette occasion pour mettre fin \u00ab\u00a0aux diff\u00e9rentes formes de domination des puissances \u00e9trang\u00e8res\u00a0\u00bb. Cette sortie de la soci\u00e9t\u00e9 civile africaine \u00e0 P\u00f4, vise ainsi \u00e0 soutenir les int\u00e9r\u00eats des peuples africains et leurs points de vue lors du sommet de Pau en France, a pr\u00e9cis\u00e9 le pr\u00e9sident du Comit\u00e9 international du M\u00e9morial Thomas Sankara, le colonel-major \u00e0 la retraite, Bernard Sanou.\u00a0 \u00ab Nous ne pouvons pas laisser ces questions de souverainet\u00e9 et de dignit\u00e9 \u00e0 la seule responsabilit\u00e9 fragile de nos chefs d\u2019Etat\u00a0\u00bb, a-t-il laiss\u00e9 entendre. Apr\u00e8s la lecture du message, les initiateurs de la rencontre ont organis\u00e9 une marche de soutien aux forces de d\u00e9fense et de s\u00e9curit\u00e9 des pays du G5 Sahel. Partie de la place N\u00e9maro de P\u00f4 (Place de la R\u00e9volution), la centaine de participants a ralli\u00e9 le camp Thomas Sankara o\u00f9 elle a remis un message de soutien et d\u2019encouragement aux FDS.<\/p>\n<div class=\"td-a-rec td-a-rec-id-content_inline tdi_30_f0c td_block_template_1\"><a href=\"https:\/\/www.sidwaya.info\/wp-content\/uploads\/2019\/12\/Bandeau-sitebonneannee.jpg\"><img loading=\"lazy\" decoding=\"async\" class=\"aligncenter size-full wp-image-17812\" src=\"https:\/\/www.sidwaya.info\/wp-content\/uploads\/2019\/12\/Bandeau-sitebonneannee.jpg\" alt=\"\" width=\"720\" height=\"90\"\/><\/a><\/div>\n<p>Hamidou K. OUENA.<br \/>hamiouena@gmail.com<\/p>\n<div class=\"td-a-rec td-a-rec-id-content_bottom tdi_31_e2c td_block_template_1\"><img loading=\"lazy\" decoding=\"async\" class=\"aligncenter size-full wp-image-9623\" src=\"https:\/\/www.sidwaya.info\/wp-content\/uploads\/2019\/06\/Projet-bannie%CC%80re-Orange-mobile.jpg\" alt=\"\" width=\"728\" height=\"81\"\/><\/div>\n<p>Auteur: BM. Sidwaya<br \/>\n<a href=\"https:\/\/www.sidwaya.info\/blog\/2020\/01\/13\/sommet-de-pau-en-france-a-po-au-burkina-des-leaders-africains-se-font-entendre\/\">Cliquez ici pour lire l&rsquo;article depuis sa source.<\/a><\/p>\n","protected":false},"excerpt":{"rendered":"<p>L\u2019initiative-souverainet\u00e9-dignit\u00e9 et paix pour le Sahel, sous la houlette du Comit\u00e9 international du m\u00e9morial Thomas Sankara, a lanc\u00e9, le 13 janvier 2020 \u00e0 P\u00f4, dans la province du Nahouri, un appel aux chefs d\u2019Etat du G5 Sahel \u00e0 porter la voix des peuples africains lors de leur rencontre avec le Pr\u00e9sident fran\u00e7ais, Emmanuel Macron. Alors [&hellip;]<\/p>\n","protected":false},"author":1816,"featured_media":0,"comment_status":"closed","ping_status":"closed","sticky":false,"template":"","format":"standard","meta":{"fifu_image_url":"","fifu_image_alt":"","footnotes":""},"categories":[73,81],"tags":[],"class_list":["post-72957","post","type-post","status-publish","format-standard","hentry","category-actualite","category-burkina-faso"],"_links":{"self":[{"href":"https:\/\/linitiative.ca\/International\/wp-json\/wp\/v2\/posts\/72957","targetHints":{"allow":["GET"]}}],"collection":[{"href":"https:\/\/linitiative.ca\/International\/wp-json\/wp\/v2\/posts"}],"about":[{"href":"https:\/\/linitiative.ca\/International\/wp-json\/wp\/v2\/types\/post"}],"author":[{"embeddable":true,"href":"https:\/\/linitiative.ca\/International\/wp-json\/wp\/v2\/users\/1816"}],"replies":[{"embeddable":true,"href":"https:\/\/linitiative.ca\/International\/wp-json\/wp\/v2\/comments?post=72957"}],"version-history":[{"count":0,"href":"https:\/\/linitiative.ca\/International\/wp-json\/wp\/v2\/posts\/72957\/revisions"}],"wp:attachment":[{"href":"https:\/\/linitiative.ca\/International\/wp-json\/wp\/v2\/media?parent=72957"}],"wp:term":[{"taxonomy":"category","embeddable":true,"href":"https:\/\/linitiative.ca\/International\/wp-json\/wp\/v2\/categories?post=72957"},{"taxonomy":"post_tag","embeddable":true,"href":"https:\/\/linitiative.ca\/International\/wp-json\/wp\/v2\/tags?post=72957"}],"curies":[{"name":"wp","href":"https:\/\/api.w.org\/{rel}","templated":true}]}}