{"id":72958,"date":"2020-01-13T15:06:49","date_gmt":"2020-01-13T20:06:49","guid":{"rendered":"https:\/\/linitiative.ca\/International\/assemblee-nationale-des-anciens-presidents-de-parlement-saluent-le-leadership-de-bala-sakande\/"},"modified":"2020-01-13T15:06:49","modified_gmt":"2020-01-13T20:06:49","slug":"assemblee-nationale-des-anciens-presidents-de-parlement-saluent-le-leadership-de-bala-sakande","status":"publish","type":"post","link":"https:\/\/linitiative.ca\/International\/assemblee-nationale-des-anciens-presidents-de-parlement-saluent-le-leadership-de-bala-sakande\/","title":{"rendered":"Assembl\u00e9e nationale: des anciens pr\u00e9sidents de parlement saluent le leadership de Bala Sakand\u00e9"},"content":{"rendered":"<div class=\"td-post-featured-image\"><a href=\"https:\/\/i0.wp.com\/www.sidwaya.info\/wp-content\/uploads\/2020\/01\/presidentan14.gif?fit=787%2C525&#038;ssl=1\" data-caption=\"\"><img loading=\"lazy\" decoding=\"async\" width=\"696\" height=\"464\" class=\"entry-thumb td-modal-image\" src=\"https:\/\/i0.wp.com\/www.sidwaya.info\/wp-content\/uploads\/2020\/01\/presidentan14.gif?resize=696%2C464&#038;ssl=1\" alt=\"\" title=\"presidentan14\"\/><\/a><\/div>\n<p><strong>Le Pr\u00e9sident de l\u2019Assembl\u00e9e nationale, Alassane Bala Sakand\u00e9, a successivement re\u00e7u en audience, le lundi 13 janvier 2020, \u00e0 Ouagadougou, des anciens dirigeants d\u2019h\u00e9micycle, l\u2019ambassadeur du Danemark au Burkina Faso, Steen Sonne Andersen et celui de France, Luc Hallade.<\/strong><\/p>\n<p>Apr\u00e8s des visites de courtoisie \u00e0 ses pr\u00e9d\u00e9cesseurs \u00e0 leurs domiciles, le Pr\u00e9sident de l\u2019Assembl\u00e9e nationale, Alassane Bala Sakand\u00e9, a \u00e9chang\u00e9 avec quatre d\u2019entre eux \u00e0 l\u2019h\u00e9micycle, dans la matin\u00e9e du lundi 13 janvier 2020 \u00e0 Ouagadougou. Il s\u2019agit de Ars\u00e8ne Bongnessan Y\u00e9, M\u00e9l\u00e9gu\u00e9 Maurice Traor\u00e9, Apollinaire Soungalo Ouattara et El Hadj Moussa Sanogo (ancien pr\u00e9sident de la Chambre des repr\u00e9sentants). \u00ab\u00a0Il \u00e9tait important pour nous de venir ici parce que nous avons \u00e9t\u00e9 invit\u00e9s par le pr\u00e9sident de l\u2019Assembl\u00e9e nationale qui voulait \u00e9changer avec nous. Son message est qu\u2019il n\u2019a pas commenc\u00e9 sur un terrain vierge. Plusieurs pr\u00e9sidents de parlements l\u2019ont pr\u00e9c\u00e9d\u00e9. Ce qu\u2019il fait ici n\u2019est que la suite, c\u2019est cela la rationalit\u00e9 de l\u2019Etat\u00a0\u00bb, a d\u00e9clar\u00e9 le porte-parole de la d\u00e9l\u00e9gation, M\u00e9l\u00e9gu\u00e9 Traor\u00e9. Il a traduit la disponibilit\u00e9 des anciens PAN \u00e0 accompagner leur successeur dans ses diff\u00e9rentes initiatives en termes de conseils et de suggestions. Pour M. Traor\u00e9, le travail de Alassane Bala Sakand\u00e9 \u00e0 la t\u00eate de l\u2019institution parlementaire est \u00e0 saluer. \u00ab\u00a0Nous appr\u00e9cions beaucoup son sens de l\u2019ouverture extraordinaire. A ce poste, ce n\u2019est plus le parti politique qu\u2019on repr\u00e9sente, mais l\u2019Etat burkinab\u00e8 dans toutes ses d\u00e9clinaisons et ses formulations\u00a0\u00bb, a indiqu\u00e9 celui qui a dirig\u00e9 le parlement burkinab\u00e8 de 1997 \u00e0 2002. Parlant de la continuit\u00e9 de l\u2019Etat, M\u00e9l\u00e9gu\u00e9 Traor\u00e9 a rappel\u00e9 au passage les circonstances de la construction de l\u2019h\u00f4tel des d\u00e9put\u00e9s qui abrite aujourd\u2019hui l\u2019Assembl\u00e9e nationale. \u00ab\u00a0L\u2019id\u00e9e d\u2019avoir un h\u00f4tel des d\u00e9put\u00e9s est venue de Ars\u00e8ne Bongnessan Y\u00e9. C\u2019est lui qui a fait les premiers plans. Quand je suis devenu PAN, j\u2019ai r\u00e9cup\u00e9r\u00e9 ces plans, je les ai modifi\u00e9s avec l\u2019appui d\u2019un architecte. Et j\u2019ai \u00e9t\u00e9 cherch\u00e9 les financements \u00e0 Ta\u00efwan. Ce qui est important, c\u2019est que chacun a ajout\u00e9 quelque chose \u00e0 ce qu\u2019il a trouv\u00e9\u00a0\u00bb, a-t-il confi\u00e9.<\/p>\n<div class=\"td-a-rec td-a-rec-id-content_inline tdi_30_2d1 td_block_template_1\"><a href=\"https:\/\/www.sidwaya.info\/wp-content\/uploads\/2019\/12\/Bandeau-sitebonneannee.jpg\"><img loading=\"lazy\" decoding=\"async\" class=\"aligncenter size-full wp-image-17812\" src=\"https:\/\/www.sidwaya.info\/wp-content\/uploads\/2019\/12\/Bandeau-sitebonneannee.jpg\" alt=\"\" width=\"720\" height=\"90\"\/><\/a><\/div>\n<p>\u00ab\u00a0Pas question de bord politique\u00a0\u00bb<\/p>\n<p>A son tour, le PAN Sakand\u00e9 s\u2019est r\u00e9joui d\u2019avoir re\u00e7u ses \u00ab\u00a0a\u00een\u00e9s et pr\u00e9d\u00e9cesseurs\u00a0\u00bb \u00e0 la Repr\u00e9sentation nationale. \u00ab\u00a0Nous sommes venus trouver le travail qu\u2019ils ont fait. Il \u00e9tait essentiel que nous puissions les rencontrer, poser nos probl\u00e8mes, avoir des conseils et des suggestions et demander leur avis par rapport \u00e0 la fa\u00e7on dont nous g\u00e9rons cette Assembl\u00e9e\u00a0\u00bb, a d\u00e9clar\u00e9 Bala Sakand\u00e9. A l\u2019entendre, il n\u2019est pas question de bord politique, mais celle de personnalit\u00e9s qui ont dirig\u00e9 l\u2019Assembl\u00e9e nationale pendant des ann\u00e9es. Et de pr\u00e9ciser qu\u2019il n\u2019invente rien en \u00e9tant \u00e0 la t\u00eate de l\u2019h\u00e9micycle.\u00a0\u00ab\u00a0Nous sommes all\u00e9s sur les sentiers qui ont \u00e9t\u00e9 trac\u00e9s par ces a\u00een\u00e9s et nous essayons \u00e0 notre mani\u00e8re d\u2019ajouter de la terre \u00e0 la terre. Je leur ai demand\u00e9 que lorsque nous serons dans une dynamique qui n\u2019est pas dans l\u2019int\u00e9r\u00eat des populations, qu\u2019ils nous appellent pour nous formuler des suggestions \u00bb, a indiqu\u00e9 Alassane Bala Sakand\u00e9. Ensuite, c\u2019est avec l\u2019ambassadeur du Danemark au pays des Hommes int\u00e8gres, Stenn Sonne Andersen, de s\u2019entretenir avec le PAN.<br \/>Au cours de leurs \u00e9changes, les deux personnalit\u00e9s ont \u00e9voqu\u00e9 la situation du Burkina Faso, les d\u00e9fis et comment le Danemark peut aider le pays dans le domaine du d\u00e9veloppement, des actions humanitaires, de la coh\u00e9sion sociale et de la pr\u00e9paration des \u00e9lections de 2020. \u00ab\u00a0Nous apporterons notre appui, dans le cadre du programme pays qui s\u2019ach\u00e8ve en 2020, aux minist\u00e8res de l\u2019Eau, de l\u2019Agriculture, de la Justice, de la S\u00e9curit\u00e9, au secteur priv\u00e9 et \u00e0 la soci\u00e9t\u00e9 civile\u00a0\u00bb, a soutenu M. Andersen. Il a pr\u00e9cis\u00e9 que le nouveau programme-pays qui est de 100 milliards F CFA est en cours d\u2019\u00e9laboration. Des priorit\u00e9s nationales, notamment la consolidation de la paix et la pr\u00e9vention des conflits, a-t-il relev\u00e9, seront prises en compte. L\u2019ambassadeur de France, Luc Hallade, a \u00e9t\u00e9 la derni\u00e8re personnalit\u00e9 \u00e0 \u00eatre re\u00e7ue par le PAN. \u00ab\u00a0C\u2019est la premi\u00e8re visite protocolaire et de courtoisie que je viens de faire au pr\u00e9sident de l\u2019Assembl\u00e9e nationale. C\u2019\u00e9tait l\u2019occasion aussi de parler de plusieurs sujets bilat\u00e9raux importants et de la coop\u00e9ration parlementaire. Nous avons aussi parl\u00e9 des questions de s\u00e9curit\u00e9, notamment le sommet de Pau\u00a0\u00bb, a laiss\u00e9 entendre le diplomate fran\u00e7ais au sortir de l\u2019entretien. La possibilit\u00e9 de renforcer la pr\u00e9sence des forces de s\u00e9curit\u00e9 int\u00e9rieure a \u00e9t\u00e9 \u00e9galement abord\u00e9e au cours de l\u2019audience. \u00ab\u00a0Nous sommes dispos\u00e9s \u00e0 accompagner le Burkina Faso dans cette volont\u00e9 de d\u00e9ployer des forces de s\u00e9curit\u00e9 int\u00e9rieure sur le terrain. Nous avons parl\u00e9 du calendrier des \u00e9lections, les conditions d\u2019organisation et\u00a0leur financement\u00a0\u00bb, a-t-il conclu.<\/p>\n<p>Karim BADOLO<\/p>\n<div class=\"td-a-rec td-a-rec-id-content_bottom tdi_31_22e td_block_template_1\"><img loading=\"lazy\" decoding=\"async\" class=\"aligncenter size-full wp-image-9623\" src=\"https:\/\/www.sidwaya.info\/wp-content\/uploads\/2019\/06\/Projet-bannie%CC%80re-Orange-mobile.jpg\" alt=\"\" width=\"728\" height=\"81\"\/><\/div>\n<p>Auteur: BM. Sidwaya<br \/>\n<a href=\"https:\/\/www.sidwaya.info\/blog\/2020\/01\/13\/assemblee-nationale-des-anciens-presidents-de-parlement-saluent-le-leadership-de-bala-sakande\/\">Cliquez ici pour lire l&rsquo;article depuis sa source.<\/a><\/p>\n","protected":false},"excerpt":{"rendered":"<p>Le Pr\u00e9sident de l\u2019Assembl\u00e9e nationale, Alassane Bala Sakand\u00e9, a successivement re\u00e7u en audience, le lundi 13 janvier 2020, \u00e0 Ouagadougou, des anciens dirigeants d\u2019h\u00e9micycle, l\u2019ambassadeur du Danemark au Burkina Faso, Steen Sonne Andersen et celui de France, Luc Hallade. Apr\u00e8s des visites de courtoisie \u00e0 ses pr\u00e9d\u00e9cesseurs \u00e0 leurs domiciles, le Pr\u00e9sident de l\u2019Assembl\u00e9e nationale, [&hellip;]<\/p>\n","protected":false},"author":1816,"featured_media":0,"comment_status":"closed","ping_status":"closed","sticky":false,"template":"","format":"standard","meta":{"fifu_image_url":"","fifu_image_alt":"","footnotes":""},"categories":[73,81],"tags":[],"class_list":["post-72958","post","type-post","status-publish","format-standard","hentry","category-actualite","category-burkina-faso"],"_links":{"self":[{"href":"https:\/\/linitiative.ca\/International\/wp-json\/wp\/v2\/posts\/72958","targetHints":{"allow":["GET"]}}],"collection":[{"href":"https:\/\/linitiative.ca\/International\/wp-json\/wp\/v2\/posts"}],"about":[{"href":"https:\/\/linitiative.ca\/International\/wp-json\/wp\/v2\/types\/post"}],"author":[{"embeddable":true,"href":"https:\/\/linitiative.ca\/International\/wp-json\/wp\/v2\/users\/1816"}],"replies":[{"embeddable":true,"href":"https:\/\/linitiative.ca\/International\/wp-json\/wp\/v2\/comments?post=72958"}],"version-history":[{"count":0,"href":"https:\/\/linitiative.ca\/International\/wp-json\/wp\/v2\/posts\/72958\/revisions"}],"wp:attachment":[{"href":"https:\/\/linitiative.ca\/International\/wp-json\/wp\/v2\/media?parent=72958"}],"wp:term":[{"taxonomy":"category","embeddable":true,"href":"https:\/\/linitiative.ca\/International\/wp-json\/wp\/v2\/categories?post=72958"},{"taxonomy":"post_tag","embeddable":true,"href":"https:\/\/linitiative.ca\/International\/wp-json\/wp\/v2\/tags?post=72958"}],"curies":[{"name":"wp","href":"https:\/\/api.w.org\/{rel}","templated":true}]}}