{"id":72959,"date":"2020-01-13T15:18:23","date_gmt":"2020-01-13T20:18:23","guid":{"rendered":"https:\/\/linitiative.ca\/International\/secteur-prive-plus-de-13-500-entreprises-creees-en-2019\/"},"modified":"2020-01-13T15:18:23","modified_gmt":"2020-01-13T20:18:23","slug":"secteur-prive-plus-de-13-500-entreprises-creees-en-2019","status":"publish","type":"post","link":"https:\/\/linitiative.ca\/International\/secteur-prive-plus-de-13-500-entreprises-creees-en-2019\/","title":{"rendered":"Secteur priv\u00e9 Plus de 13 500 entreprises cr\u00e9\u00e9es en 2019"},"content":{"rendered":"<div class=\"td-post-featured-image\"><a href=\"https:\/\/i2.wp.com\/www.sidwaya.info\/wp-content\/uploads\/2020\/01\/entreprises014.gif?fit=787%2C532&#038;ssl=1\" data-caption=\"\"><img loading=\"lazy\" decoding=\"async\" width=\"696\" height=\"470\" class=\"entry-thumb td-modal-image\" src=\"https:\/\/i2.wp.com\/www.sidwaya.info\/wp-content\/uploads\/2020\/01\/entreprises014.gif?resize=696%2C470&#038;ssl=1\" alt=\"\" title=\"entreprises014\"\/><\/a><\/div>\n<p><strong>Le pr\u00e9sident de la Chambre de commerce et d\u2019industrie du Burkina Faso (CCI-BF), Mahamadi Savadogo, a remis le rapport 2019 de l\u2019institution au Premier ministre, le jeudi 9 janvier 2020. Il ressort que le milieu des affaires a enregistr\u00e9 des progr\u00e8s en d\u00e9pit du contexte difficile.<\/strong><\/p>\n<p>En 2019, la Chambre de commerce et d\u2019industrie du Burkina Faso (CCI-BF) a comptabilis\u00e9 plus de 13 500 nouvelles entreprises. L\u2019annonce a \u00e9t\u00e9 faite, le 9 janvier 2020, par le porte-parole de la CCI-BF, le pr\u00e9sident de la d\u00e9l\u00e9gation consulaire du Centre-Nord, Mahamoudou C\u00e9lestin Zoungrana, au sortir d\u2019une rencontre avec le Premier ministre, Christophe Joseph Marie Dabir\u00e9. \u00ab\u00a0 Pour nous, cela est la preuve que malgr\u00e9 la situation difficile, le secteur priv\u00e9 se maintient toujours\u00a0\u00bb, a comment\u00e9 le porte-parole. Il a ajout\u00e9 que la rencontre se situe dans le cadre de la traditionnelle pr\u00e9sentation de v\u0153ux des milieux d\u2019affaires au chef du gouvernement. Ainsi, ils ont formul\u00e9 des v\u0153ux de sant\u00e9 et de paix au Premier ministre. \u00ab\u00a0Pour 2020 nous formulons des v\u0153ux de paix de s\u00e9curit\u00e9 et bonheur pour tout le peuple burkinab\u00e8. Qu\u2019il y ait la sant\u00e9 et de meilleures affaires qu\u2019en 2019\u00a0\u00bb, a-t-il poursuivi. Des dol\u00e9ances ont \u00e9t\u00e9 \u00e9galement soumises au chef du gouvernement. Elles concernent surtout la s\u00e9curit\u00e9 et le port sec de Bobo- Dioulasso. Par ailleurs, selon leur porte- parole, le secteur priv\u00e9 burkinab\u00e8 s\u2019est engag\u00e9 \u00e0 continuer \u00e0 assurer l\u2019approvisionnement du pays et \u00e0 participer \u00e0 la cr\u00e9ation de richesses.<\/p>\n<div class=\"td-a-rec td-a-rec-id-content_inline tdi_30_fe0 td_block_template_1\"><a href=\"https:\/\/www.sidwaya.info\/wp-content\/uploads\/2019\/12\/Bandeau-sitebonneannee.jpg\"><img loading=\"lazy\" decoding=\"async\" class=\"aligncenter size-full wp-image-17812\" src=\"https:\/\/www.sidwaya.info\/wp-content\/uploads\/2019\/12\/Bandeau-sitebonneannee.jpg\" alt=\"\" width=\"720\" height=\"90\"\/><\/a><\/div>\n<p>Nad\u00e8ge YE<\/p>\n<div class=\"td-a-rec td-a-rec-id-content_bottom tdi_31_d9c td_block_template_1\"><img loading=\"lazy\" decoding=\"async\" class=\"aligncenter size-full wp-image-9623\" src=\"https:\/\/www.sidwaya.info\/wp-content\/uploads\/2019\/06\/Projet-bannie%CC%80re-Orange-mobile.jpg\" alt=\"\" width=\"728\" height=\"81\"\/><\/div>\n<p>Auteur: BM. Sidwaya<br \/>\n<a href=\"https:\/\/www.sidwaya.info\/blog\/2020\/01\/13\/secteur-prive-plus-de-13-500-entreprises-creees-en-2019\/\">Cliquez ici pour lire l&rsquo;article depuis sa source.<\/a><\/p>\n","protected":false},"excerpt":{"rendered":"<p>Le pr\u00e9sident de la Chambre de commerce et d\u2019industrie du Burkina Faso (CCI-BF), Mahamadi Savadogo, a remis le rapport 2019 de l\u2019institution au Premier ministre, le jeudi 9 janvier 2020. Il ressort que le milieu des affaires a enregistr\u00e9 des progr\u00e8s en d\u00e9pit du contexte difficile. En 2019, la Chambre de commerce et d\u2019industrie du [&hellip;]<\/p>\n","protected":false},"author":1816,"featured_media":0,"comment_status":"closed","ping_status":"closed","sticky":false,"template":"","format":"standard","meta":{"fifu_image_url":"","fifu_image_alt":"","footnotes":""},"categories":[73,81],"tags":[],"class_list":["post-72959","post","type-post","status-publish","format-standard","hentry","category-actualite","category-burkina-faso"],"_links":{"self":[{"href":"https:\/\/linitiative.ca\/International\/wp-json\/wp\/v2\/posts\/72959","targetHints":{"allow":["GET"]}}],"collection":[{"href":"https:\/\/linitiative.ca\/International\/wp-json\/wp\/v2\/posts"}],"about":[{"href":"https:\/\/linitiative.ca\/International\/wp-json\/wp\/v2\/types\/post"}],"author":[{"embeddable":true,"href":"https:\/\/linitiative.ca\/International\/wp-json\/wp\/v2\/users\/1816"}],"replies":[{"embeddable":true,"href":"https:\/\/linitiative.ca\/International\/wp-json\/wp\/v2\/comments?post=72959"}],"version-history":[{"count":0,"href":"https:\/\/linitiative.ca\/International\/wp-json\/wp\/v2\/posts\/72959\/revisions"}],"wp:attachment":[{"href":"https:\/\/linitiative.ca\/International\/wp-json\/wp\/v2\/media?parent=72959"}],"wp:term":[{"taxonomy":"category","embeddable":true,"href":"https:\/\/linitiative.ca\/International\/wp-json\/wp\/v2\/categories?post=72959"},{"taxonomy":"post_tag","embeddable":true,"href":"https:\/\/linitiative.ca\/International\/wp-json\/wp\/v2\/tags?post=72959"}],"curies":[{"name":"wp","href":"https:\/\/api.w.org\/{rel}","templated":true}]}}