{"id":72960,"date":"2020-01-13T15:22:17","date_gmt":"2020-01-13T20:22:17","guid":{"rendered":"https:\/\/linitiative.ca\/International\/sommet-de-pau-une-coalition-pour-le-sahel-mise-en-place\/"},"modified":"2020-01-13T15:22:17","modified_gmt":"2020-01-13T20:22:17","slug":"sommet-de-pau-une-coalition-pour-le-sahel-mise-en-place","status":"publish","type":"post","link":"https:\/\/linitiative.ca\/International\/sommet-de-pau-une-coalition-pour-le-sahel-mise-en-place\/","title":{"rendered":"Sommet de Pau: une \u00ab Coalition pour le Sahel \u00bb mise en place"},"content":{"rendered":"<div class=\"td-post-featured-image\"><a href=\"https:\/\/i2.wp.com\/www.sidwaya.info\/wp-content\/uploads\/2020\/01\/sommet-FO14.gif?fit=787%2C445&#038;ssl=1\" data-caption=\"\"><img loading=\"lazy\" decoding=\"async\" width=\"696\" height=\"394\" class=\"entry-thumb td-modal-image\" src=\"https:\/\/i2.wp.com\/www.sidwaya.info\/wp-content\/uploads\/2020\/01\/sommet-FO14.gif?resize=696%2C394&#038;ssl=1\" alt=\"\" title=\"sommet-FO14\"\/><\/a><\/div>\n<p><strong>Les Chefs d\u2019Etat membres du G5 Sahel et le Pr\u00e9sident de la R\u00e9publique fran\u00e7aise se sont r\u00e9unis ce jour 13 janvier 2020 \u00e0 Pau en France en vue d\u2019examiner la situation dans l\u2019espace G5 Sahel. Sidwaya vous propose l\u2019int\u00e9gralit\u00e9 de la d\u00e9claration.<\/strong><\/p>\n<p>Les Chefs d\u2019Etat ont r\u00e9affirm\u00e9 leur d\u00e9termination commune \u00e0 lutter ensemble contre les groupes terroristes qui op\u00e8rent dans la bande sah\u00e9lo-saharienne et dans la r\u00e9gion du Lac Tchad. Ils ont rendu hommage aux victimes civiles des exactions commises par ces groupes terroristes ainsi qu\u2019aux soldats africains, fran\u00e7ais et internationaux tomb\u00e9s dans l\u2019accomplissement de leur mission. Les Chefs d\u2019Etat du G5 Sahel ont exprim\u00e9 le souhait de la poursuite de l\u2019engagement militaire de la France au Sahel et ont plaid\u00e9 pour un renforcement de la pr\u00e9sence internationale \u00e0 leurs c\u00f4t\u00e9s. Ils ont exprim\u00e9 leur reconnaissance \u00e0 l\u2019\u00e9gard de l\u2019appui crucial apport\u00e9 par les Etats-Unis et ont exprim\u00e9 le souhait de sa continuit\u00e9. Ils ont r\u00e9affirm\u00e9 que cette action commune vise \u00e0 prot\u00e9ger les populations civiles, \u00e0 d\u00e9fendre la souverainet\u00e9 des Etats du G5 Sahel (conform\u00e9ment aux r\u00e9solutions pertinentes du Conseil de S\u00e9curit\u00e9 des Nations unies et aux accords bilat\u00e9raux en vigueur), \u00e0 pr\u00e9venir une extension de la menace terroriste dans les pays frontaliers et \u00e0 ramener la stabilit\u00e9, condition indispensable du d\u00e9veloppement. Les Chefs d\u2019Etat ont convenu d\u2019accro\u00eetre et de coordonner leurs efforts en vue d\u2019une solution rapide \u00e0 la crise libyenne, qui continue d\u2019alimenter l\u2019instabilit\u00e9 au Sahel. A cet effet, ils ont rappel\u00e9 la responsabilit\u00e9 de la communaut\u00e9 internationale, l\u2019imp\u00e9rieuse n\u00e9cessit\u00e9 d\u2019une prise en charge prioritaire de ce dossier par toutes les parties et ont exprim\u00e9 leur soutien aux objectifs de la conf\u00e9rence internationale de Berlin pour restaurer la stabilit\u00e9 et la s\u00e9curit\u00e9 en Libye. Les chefs d\u2019Etat ont salu\u00e9 les actions d\u00e9j\u00e0 men\u00e9es et ont soulign\u00e9 le besoin d\u2019une plus grande coordination dans la mise en \u0153uvre des initiatives en cours au Sahel et d\u2019un engagement international renforc\u00e9. A cette fin, les chefs d\u2019Etats ont convenu de mener une discussion avec les partenaires d\u00e9j\u00e0 engag\u00e9s afin de mettre en place un nouveau cadre politique, strat\u00e9gique et op\u00e9rationnel qui marquera une nouvelle \u00e9tape dans la lutte contre les groupes terroristes au Sahel et dans la prise de responsabilit\u00e9 collective.<br \/>A la lumi\u00e8re de ces discussions, ce nouveau cadre prendra la forme et le nom d\u2019une \u00ab Coalition pour le Sahel \u00bb, rassemblant les pays du G5 Sahel, la France \u2013 \u00e0 travers l\u2019op\u00e9ration Barkhane et ses autres formes d\u2019engagements, les partenaires d\u00e9j\u00e0 engag\u00e9s, ainsi que tous les pays et organisations qui voudront y contribuer. Ce cadre sera organis\u00e9 autour de quatre piliers rassemblant les efforts engag\u00e9s dans les domaines suivants :<br \/>1. En mati\u00e8re de combat contre le terrorisme : les chefs d\u2019Etat ont marqu\u00e9 leur ferme volont\u00e9 de combattre ensemble tous les groupes arm\u00e9s terroristes actifs dans la zone, en concentrant imm\u00e9diatement leurs efforts militaires dans la r\u00e9gion des trois fronti\u00e8res sous le commandement conjoint de la Force Barkhane et de la Force conjointe du G5 Sahel, en ciblant en priorit\u00e9 l\u2019EIGS.<br \/>Parall\u00e8lement \u00e0 cet effort, le commandement conjoint de cette coalition accueillera progressivement l\u2019ensemble des pays volontaires et partenaires, dont les contributions militaires rejoindront l\u2019op\u00e9ration Barkhane, comme le futur groupement de forces sp\u00e9ciales europ\u00e9ennes, baptis\u00e9 \u00ab Task Force Takuba \u00bb, qui s\u2019inscrira dans le cadre de ce premier pilier. Le concept d\u2019op\u00e9ration de la Force conjointe sera r\u00e9vis\u00e9 afin qu\u2019elle puisse agir avec une marge de man\u0153uvre renforc\u00e9e au-del\u00e0 de la zone des 50 km de part et d\u2019autre des fronti\u00e8res.<br \/>Cette coalition militaire pourra d\u00e9velopper les capacit\u00e9s op\u00e9rationnelles des forces sah\u00e9liennes sur l\u2019ensemble de l\u2019espace G5 Sahel afin de r\u00e9duire la menace des groupes terroristes et d\u2019assurer un meilleur contr\u00f4le des fronti\u00e8res.<br \/>2. En mati\u00e8re de renforcement des capacit\u00e9s militaires des Etats de la r\u00e9gion : les Chefs d\u2019Etat ont salu\u00e9 le lancement, par la France et l\u2019Allemagne, de l\u2019initiative du partenariat pour la stabilit\u00e9 et la s\u00e9curit\u00e9 au Sahel (P3S) et ont souhait\u00e9 une acc\u00e9l\u00e9ration et une amplification des efforts de formation, d\u2019aguerrissement, de soutien logistique, d\u2019entrainement et d\u2019\u00e9quipements des arm\u00e9es des pays du G5 Sahel. Ce pilier s\u2019appuiera notamment sur les efforts d\u00e9j\u00e0 engag\u00e9s par les Nations Unies et par les missions de formation de l\u2019Union Europ\u00e9enne. Il pourra inclure un accompagnement au d\u00e9ploiement des arm\u00e9es des pays du G5 Sahel avec le soutien de l\u2019Union Africaine et de la Communaut\u00e9 \u00e9conomique des Etats d\u2019Afrique de l\u2019Ouest (CEDEAO).<br \/>3. En mati\u00e8re d\u2019appui au retour de l\u2019Etat et des administrations sur le territoire : Les Chefs d\u2019Etat du G5 Sahel se sont engag\u00e9s \u00e0 prendre toutes les mesures visant \u00e0 acc\u00e9l\u00e9rer un retour de l\u2019administration et des services publics sur l\u2019ensemble des territoires concern\u00e9s par la question, en particulier les cha\u00eenes p\u00e9nale et judicaire, essentielles pour le retour de l\u2019Etat de droit. Cet effort s\u2019appliquera prioritairement \u00e0 Kidal.<br \/>Dans un esprit de responsabilit\u00e9 partag\u00e9e, ces engagements seront appuy\u00e9s dans le cadre du P3S qui ciblera tout particuli\u00e8rement son intervention sur la formation et le d\u00e9ploiement jusqu\u2019au niveau local de personnels en mati\u00e8re d\u2019administration civile, de s\u00e9curit\u00e9 int\u00e9rieure (police, gendarmerie, douanes) et de justice.<br \/>4. En mati\u00e8re d\u2019aide au d\u00e9veloppement : les Chefs d\u2019Etat ont salu\u00e9 les premiers r\u00e9sultats de l\u2019Alliance pour le Sahel, lanc\u00e9e sous l\u2019impulsion de l\u2019Allemagne et de la France en juillet 2017, et ont appel\u00e9 les pays et organisations, membres de l\u2019Alliance \u00e0 poursuivre dans la voie d\u2019une d\u00e9marche encore davantage coordonn\u00e9e avec l\u2019action s\u00e9curitaire, \u00e0 un recours plus syst\u00e9matique \u00e0 une programmation conjointe et \u00e0 des m\u00e9canismes de d\u00e9l\u00e9gation r\u00e9ciproque tenant compte des priorit\u00e9s des pays membres du G5 Sahel.<br \/>Dans le m\u00eame esprit, les Chefs d\u2019Etat en appellent aux partenaires internationaux \u00e0 concr\u00e9tiser les engagements pris en d\u00e9cembre 2018 \u00e0 la Conf\u00e9rence des donateurs de Nouakchott pour la mise en \u0153uvre du Programme d\u2019Investissement Prioritaire (PIP) du G5 Sahel.<br \/>Par ailleurs, les Chefs d\u2019Etats appellent les partenaires des \u00c9tats du G5 Sahel \u00e0 accroitre leur assistance et leur soutien afin de permettre de faire face aux nouveaux d\u00e9fis humanitaires que sont les d\u00e9plac\u00e9s internes, les r\u00e9fugi\u00e9s, la fermeture des \u00e9coles et des centres de sant\u00e9.<br \/>Un sommet associant les Etats du G5 Sahel et la France se tiendra en juin 2020 \u00e0 Nouakchott dans le cadre de la pr\u00e9sidence mauritanienne du G5 Sahel. D\u2019ici cette \u00e9ch\u00e9ance, le suivi de ces engagements sera effectu\u00e9 au niveau des Ministres des Affaires Etrang\u00e8res et des Ministres des Arm\u00e9es et de la D\u00e9fense.<\/p>\n<div class=\"td-a-rec td-a-rec-id-content_inline tdi_30_5de td_block_template_1\"><a href=\"https:\/\/www.sidwaya.info\/wp-content\/uploads\/2019\/12\/Bandeau-sitebonneannee.jpg\"><img loading=\"lazy\" decoding=\"async\" class=\"aligncenter size-full wp-image-17812\" src=\"https:\/\/www.sidwaya.info\/wp-content\/uploads\/2019\/12\/Bandeau-sitebonneannee.jpg\" alt=\"\" width=\"720\" height=\"90\"\/><\/a><\/div>\n<div class=\"td-a-rec td-a-rec-id-content_bottom tdi_31_bf5 td_block_template_1\"><img loading=\"lazy\" decoding=\"async\" class=\"aligncenter size-full wp-image-9623\" src=\"https:\/\/www.sidwaya.info\/wp-content\/uploads\/2019\/06\/Projet-bannie%CC%80re-Orange-mobile.jpg\" alt=\"\" width=\"728\" height=\"81\"\/><\/div>\n<p>Auteur: BM. Sidwaya<br \/>\n<a href=\"https:\/\/www.sidwaya.info\/blog\/2020\/01\/13\/sommet-de-pau-une-coalition-pour-le-sahel-mise-en-place\/\">Cliquez ici pour lire l&rsquo;article depuis sa source.<\/a><\/p>\n","protected":false},"excerpt":{"rendered":"<p>Les Chefs d\u2019Etat membres du G5 Sahel et le Pr\u00e9sident de la R\u00e9publique fran\u00e7aise se sont r\u00e9unis ce jour 13 janvier 2020 \u00e0 Pau en France en vue d\u2019examiner la situation dans l\u2019espace G5 Sahel. Sidwaya vous propose l\u2019int\u00e9gralit\u00e9 de la d\u00e9claration. Les Chefs d\u2019Etat ont r\u00e9affirm\u00e9 leur d\u00e9termination commune \u00e0 lutter ensemble contre les [&hellip;]<\/p>\n","protected":false},"author":1816,"featured_media":0,"comment_status":"closed","ping_status":"closed","sticky":false,"template":"","format":"standard","meta":{"fifu_image_url":"","fifu_image_alt":"","footnotes":""},"categories":[73,81],"tags":[],"class_list":["post-72960","post","type-post","status-publish","format-standard","hentry","category-actualite","category-burkina-faso"],"_links":{"self":[{"href":"https:\/\/linitiative.ca\/International\/wp-json\/wp\/v2\/posts\/72960","targetHints":{"allow":["GET"]}}],"collection":[{"href":"https:\/\/linitiative.ca\/International\/wp-json\/wp\/v2\/posts"}],"about":[{"href":"https:\/\/linitiative.ca\/International\/wp-json\/wp\/v2\/types\/post"}],"author":[{"embeddable":true,"href":"https:\/\/linitiative.ca\/International\/wp-json\/wp\/v2\/users\/1816"}],"replies":[{"embeddable":true,"href":"https:\/\/linitiative.ca\/International\/wp-json\/wp\/v2\/comments?post=72960"}],"version-history":[{"count":0,"href":"https:\/\/linitiative.ca\/International\/wp-json\/wp\/v2\/posts\/72960\/revisions"}],"wp:attachment":[{"href":"https:\/\/linitiative.ca\/International\/wp-json\/wp\/v2\/media?parent=72960"}],"wp:term":[{"taxonomy":"category","embeddable":true,"href":"https:\/\/linitiative.ca\/International\/wp-json\/wp\/v2\/categories?post=72960"},{"taxonomy":"post_tag","embeddable":true,"href":"https:\/\/linitiative.ca\/International\/wp-json\/wp\/v2\/tags?post=72960"}],"curies":[{"name":"wp","href":"https:\/\/api.w.org\/{rel}","templated":true}]}}